{"id":1682,"date":"2024-04-10T09:21:10","date_gmt":"2024-04-10T09:21:10","guid":{"rendered":"https:\/\/raicesandaluzas.com\/revista\/?p=1682"},"modified":"2024-04-19T10:54:15","modified_gmt":"2024-04-19T10:54:15","slug":"a-punto-para-la-romeria-rociera-de-mataro","status":"publish","type":"post","link":"https:\/\/raicesandaluzas.com\/revista\/2024\/04\/10\/a-punto-para-la-romeria-rociera-de-mataro\/","title":{"rendered":"Matar\u00f3 vuelve a dar la bienvenida al mes de mayo con su Romer\u00eda Rociera"},"content":{"rendered":"\n<p>La Casa de Andaluc\u00eda de Matar\u00f3 lo tiene todo preparado para la edici\u00f3n de 2024 de su Romer\u00eda Rociera. Los actos de esta nueva edici\u00f3n comenzar\u00e1n el domingo, 5 de mayo a las 8.30 h. con una ofrenda floral a la Virgen del Roc\u00edo en la Plaza de Andaluc\u00eda. Media hora despu\u00e9s, comenzar\u00e1 la Romer\u00eda hacia el Parc Forestal, donde al mediod\u00eda tendr\u00e1 lugar una misa rociera cantada por el Coro Rociero de la Hdad. Ntra. Sra. del Roc\u00edo Divina Pastora de Matar\u00f3. A las 13 h. actuar\u00e1n los grupos de baile de las entidades colaboradoras y se presentar\u00e1n las Rocieras y las Damas de Honor de la Romer\u00eda 2024.<br>La Romer\u00eda en s\u00ed se llevar\u00e1 a cabo del 10 al 12 de mayo en el recinto ferial del Parque central. La inauguraci\u00f3n oficial tendr\u00e1 lugar el viernes 10 a las 19.30 h. en la caseta de la Casa de Andaluc\u00eda de Matar\u00f3, tras la que los cuadros de baile de la entidad actuar\u00e1n para los presentes. A las 22.30 h., el grupo \u201cMasa Madre\u201d realizar\u00e1 un concierto. El s\u00e1bado, 11 de mayo, los cuadros de la Casa de Andaluc\u00eda se subir\u00e1n de nuevo al escenario a partir de las 21 h., y a las 23 h. actuar\u00e1n \u201cLos Marisme\u00f1os\u201d.<br>La romer\u00eda concluir\u00e1 el domingo, 12 de mayo, con la misa rociera cantada por el Coro Rociero Senderos del Sur de la ACA Hdad. La Armon\u00eda a las 9, la procesi\u00f3n de la Virgen del Roc\u00edo desde la parroquia hasta el parque central a las 10 h. (su llegada est\u00e1 prevista a las 11.30 h.). A las 16 h. tendr\u00e1 lugar un festival de baile en la caseta de la Casa de Andaluc\u00eda de Matar\u00f3 con la actuaci\u00f3n de sus grupos de baile. La despedida de la Virgen ser\u00e1 a las 17 y a las 17.30 h. actuar\u00e1n \u201cLos desmadraos\u00bb.<br>El domingo 5 de mayo habr\u00e1 servicio de autob\u00fas. El precio del viaje de ida y vuelta ser\u00e1 de 4 euros y los billetes se vender\u00e1n en la Casa de Andaluc\u00eda de Matar\u00f3.<br><\/p>\n","protected":false},"excerpt":{"rendered":"<p>La Casa de Andaluc\u00eda de Matar\u00f3 lo tiene todo preparado para la edici\u00f3n de 2024 de su Romer\u00eda Rociera. Los actos de esta nueva edici\u00f3n comenzar\u00e1n el domingo, 5 de mayo a las 8.30 h. con una ofrenda floral a la Virgen del Roc\u00edo en la Plaza de Andaluc\u00eda. Media hora despu\u00e9s, comenzar\u00e1 la Romer\u00eda [&hellip;]<\/p>\n","protected":false},"author":1,"featured_media":1683,"comment_status":"closed","ping_status":"open","sticky":false,"template":"","format":"standard","meta":{"footnotes":""},"categories":[19,21],"tags":[],"class_list":{"0":"post-1682","1":"post","2":"type-post","3":"status-publish","4":"format-standard","5":"has-post-thumbnail","7":"category-actualidad","8":"category-raices-rocieras"},"_links":{"self":[{"href":"https:\/\/raicesandaluzas.com\/revista\/wp-json\/wp\/v2\/posts\/1682","targetHints":{"allow":["GET"]}}],"collection":[{"href":"https:\/\/raicesandaluzas.com\/revista\/wp-json\/wp\/v2\/posts"}],"about":[{"href":"https:\/\/raicesandaluzas.com\/revista\/wp-json\/wp\/v2\/types\/post"}],"author":[{"embeddable":true,"href":"https:\/\/raicesandaluzas.com\/revista\/wp-json\/wp\/v2\/users\/1"}],"replies":[{"embeddable":true,"href":"https:\/\/raicesandaluzas.com\/revista\/wp-json\/wp\/v2\/comments?post=1682"}],"version-history":[{"count":3,"href":"https:\/\/raicesandaluzas.com\/revista\/wp-json\/wp\/v2\/posts\/1682\/revisions"}],"predecessor-version":[{"id":1694,"href":"https:\/\/raicesandaluzas.com\/revista\/wp-json\/wp\/v2\/posts\/1682\/revisions\/1694"}],"wp:featuredmedia":[{"embeddable":true,"href":"https:\/\/raicesandaluzas.com\/revista\/wp-json\/wp\/v2\/media\/1683"}],"wp:attachment":[{"href":"https:\/\/raicesandaluzas.com\/revista\/wp-json\/wp\/v2\/media?parent=1682"}],"wp:term":[{"taxonomy":"category","embeddable":true,"href":"https:\/\/raicesandaluzas.com\/revista\/wp-json\/wp\/v2\/categories?post=1682"},{"taxonomy":"post_tag","embeddable":true,"href":"https:\/\/raicesandaluzas.com\/revista\/wp-json\/wp\/v2\/tags?post=1682"}],"curies":[{"name":"wp","href":"https:\/\/api.w.org\/{rel}","templated":true}]}}