{"id":1679,"date":"2024-04-09T09:36:50","date_gmt":"2024-04-09T09:36:50","guid":{"rendered":"https:\/\/raicesandaluzas.com\/revista\/?p=1679"},"modified":"2024-04-19T10:08:02","modified_gmt":"2024-04-19T10:08:02","slug":"rocio-luna-lampara-minera-2023-cabeza-de-cartel-de-la-xxxvii-noche-del-cante-jondo-de-cerdanyola","status":"publish","type":"post","link":"https:\/\/raicesandaluzas.com\/revista\/2024\/04\/09\/rocio-luna-lampara-minera-2023-cabeza-de-cartel-de-la-xxxvii-noche-del-cante-jondo-de-cerdanyola\/","title":{"rendered":"Roc\u00edo Luna, L\u00e1mpara Minera 2023, cabeza de cartel de la XXXVII Noche del Cante Jondo de Cerdanyola"},"content":{"rendered":"\n<p>La Casa de Andaluc\u00eda de Cerdanyola ya tiene el cartel de la XXXVII Noche del Cante Jondo, que se llevar\u00e1 a cabo el pr\u00f3ximo s\u00e1bado, 11de mayo, a las 20.30 horas, en el Teatre de l\u2019Ateneu de la ciudad<br>En esta edici\u00f3n, el cartel est\u00e1 encabezado por la joven cantaora cordobesa Roc\u00edo Luna, ganadora de la L\u00e1mpara Minera del Concurso Internacional del Cante de Las Minas 2023. Tambi\u00e9n se subir\u00e1n al escenario el experimentado cantaor de la Puebla de Cazalla Ra\u00fal Montesinos, y Luis Perdiguero, malague\u00f1o de ra\u00edces jerezanas y biznieto de T\u00eda Anica La Peri\u00f1aca.<br>Los aficionados tambi\u00e9n disfrutar\u00e1n del arte a la guitarra de Rafael Montilla y Antonio Carri\u00f3n; y el baile de la bailaora de Cerdanyola Mar\u00eda D\u00e1vila y su cuadro flamenco.<br>Las entradas, con un coste de 15 euros, pueden conseguirse en las oficinas de la Casa de Andaluc\u00eda de Cerdanyola (c. Industria, 22, B).<\/p>\n","protected":false},"excerpt":{"rendered":"<p>La Casa de Andaluc\u00eda de Cerdanyola ya tiene el cartel de la XXXVII Noche del Cante Jondo, que se llevar\u00e1 a cabo el pr\u00f3ximo s\u00e1bado, 11de mayo, a las 20.30 horas, en el Teatre de l\u2019Ateneu de la ciudadEn esta edici\u00f3n, el cartel est\u00e1 encabezado por la joven cantaora cordobesa Roc\u00edo Luna, ganadora de la [&hellip;]<\/p>\n","protected":false},"author":1,"featured_media":1680,"comment_status":"closed","ping_status":"closed","sticky":false,"template":"","format":"standard","meta":{"footnotes":""},"categories":[19,22],"tags":[],"class_list":{"0":"post-1679","1":"post","2":"type-post","3":"status-publish","4":"format-standard","5":"has-post-thumbnail","7":"category-actualidad","8":"category-flamenco"},"_links":{"self":[{"href":"https:\/\/raicesandaluzas.com\/revista\/wp-json\/wp\/v2\/posts\/1679","targetHints":{"allow":["GET"]}}],"collection":[{"href":"https:\/\/raicesandaluzas.com\/revista\/wp-json\/wp\/v2\/posts"}],"about":[{"href":"https:\/\/raicesandaluzas.com\/revista\/wp-json\/wp\/v2\/types\/post"}],"author":[{"embeddable":true,"href":"https:\/\/raicesandaluzas.com\/revista\/wp-json\/wp\/v2\/users\/1"}],"replies":[{"embeddable":true,"href":"https:\/\/raicesandaluzas.com\/revista\/wp-json\/wp\/v2\/comments?post=1679"}],"version-history":[{"count":1,"href":"https:\/\/raicesandaluzas.com\/revista\/wp-json\/wp\/v2\/posts\/1679\/revisions"}],"predecessor-version":[{"id":1681,"href":"https:\/\/raicesandaluzas.com\/revista\/wp-json\/wp\/v2\/posts\/1679\/revisions\/1681"}],"wp:featuredmedia":[{"embeddable":true,"href":"https:\/\/raicesandaluzas.com\/revista\/wp-json\/wp\/v2\/media\/1680"}],"wp:attachment":[{"href":"https:\/\/raicesandaluzas.com\/revista\/wp-json\/wp\/v2\/media?parent=1679"}],"wp:term":[{"taxonomy":"category","embeddable":true,"href":"https:\/\/raicesandaluzas.com\/revista\/wp-json\/wp\/v2\/categories?post=1679"},{"taxonomy":"post_tag","embeddable":true,"href":"https:\/\/raicesandaluzas.com\/revista\/wp-json\/wp\/v2\/tags?post=1679"}],"curies":[{"name":"wp","href":"https:\/\/api.w.org\/{rel}","templated":true}]}}