{"id":1653,"date":"2023-12-18T10:15:00","date_gmt":"2023-12-18T10:15:00","guid":{"rendered":"https:\/\/raicesandaluzas.com\/revista\/?p=1653"},"modified":"2024-04-08T10:47:58","modified_gmt":"2024-04-08T10:47:58","slug":"barcelona-acoge-el-vii-encuentro-nacional-de-mujeres-cofrades","status":"publish","type":"post","link":"https:\/\/raicesandaluzas.com\/revista\/2023\/12\/18\/barcelona-acoge-el-vii-encuentro-nacional-de-mujeres-cofrades\/","title":{"rendered":"Barcelona acoge el VII Encuentro Nacional de Mujeres Cofrades"},"content":{"rendered":"\n<p>Del 7 al 9 de diciembre de 2023 tuvo lugar el VII Encuentro Nacional de Mujeres Cofrades en Barcelona.<\/p>\n\n\n\n<p>Empezamos con mucha ilusi\u00f3n, despu\u00e9s de 6 a\u00f1os sin Encuentro, en el Seminario Conciliar de Barcelona, sobre las 5 de la tarde con la mesa inaugural en la que tuvieron turno de palabra por este orden N\u00faria Borraz, presidenta de la Asociaci\u00f3n de Mujeres Cofrades de Barcelona, la Sra. Sara Belbeida, Comisionada de Relaciones Ciudadanas y Diversidad Cultural y Religiosa del Ayuntamiento de Barcelona, Sr. Carles Armengol Director d\u2019Afers Religiosos de la Generalitat de Barcelona y el Excelent\u00edsimo Sr. David Abad\u00edas, Obispo Auxiliar de Barcelona quien finalmente inaugur\u00f3 en Encuentro.<\/p>\n\n\n\n<p>Agradecemos a todos ellos que compartieran con nosotros su tiempo y sus palabras.&nbsp;<\/p>\n\n\n\n<p>Juntos le\u00edmos la oraci\u00f3n del Encuentro,&nbsp;<\/p>\n\n\n\n<p>Seguidamente disfrutamos de la ponencia de inauguraci\u00f3n del Encuentro realizada por el Padre Joan Maria Mayol, Rector del Santuario de Montserrat. Nos habl\u00f3 de la piedad popular de la que las cofrad\u00edas somos claro ejemplo y de la Confraria de La Mare de D\u00e9u de Montserrat, tal como \u00e9l dice, \u201cel papel fundamental de esta cofrad\u00eda lo tiene una mujer, la Mujer del cantar de los cantares, Negra y hermosa, la Madre del Hijo de Dios, la Mujer vestida de sol\u201d. Y de la que tres cuartas partes son mujeres. Agradecemos que aceptar\u00e1 nuestra apresurada invitaci\u00f3n y su interesante ponencia.<\/p>\n\n\n\n<p>Miriam Paco y Cristina Sanz&nbsp;dos mujeres, costaleras de la Hermandad del Sant\u00edsimo Cristo Redentor y Nuestra Se\u00f1ora de La Soledad de Badalona nos presentaron su hermandad que este a\u00f1o procesion\u00f3 la Inmaculada por las calles de Barcelona.<\/p>\n\n\n\n<p>Un breve descanso y despu\u00e9s una emotiva mesa redonda, donde Victoria Boti de Cartagena, Elisa P\u00e9rez de Granada, Roger Le\u00f3n de la Hermandad del Roc\u00edo de Barcelona nos explicaron la situaci\u00f3n de la mujer en sus localidades y donde Montserrat Boada de Tarragona nos motiv\u00f3 con su Podcast Cofrade realizado con Maria Grau durante la pandemia en su ciudad.<\/p>\n\n\n\n<p>Y el esperado momento de los reconocimientos a mujeres cofrades con una importante trayectoria y una labor relevante para su hermandad, ciudad, pa\u00eds, o para el mundo cofrade en general en distintos \u00e1mbitos.<\/p>\n\n\n\n<p>Las homenajeadas fueron: Montserrat Boada y Maria Grau de Tarragona, Dolores Jim\u00e9nez de Matar\u00f3, Alicia Garc\u00eda Rodr\u00edguez de Salamanca, Llu\u00efsa Garriga de La Selva del Camp, Angeles Cantos de Castelldefels, el homenajeado Xuax\u00fas Gonz\u00e1lez de Le\u00f3n y finalmente Isabel Rubio de Cornell\u00e0 que agradeci\u00f3 en nombre de todos.<\/p>\n\n\n\n<p>Una visita nocturna guiada a la Catedral, con ocas que coparon parte del protagonismo y un aperitivo cena en el hotel Montblanc cerraron este inicio de Encuentro.<\/p>\n\n\n\n<p>El segundo d\u00eda comenz\u00f3 con la misa en la Bas\u00edlica de la Merc\u00e9 y la salida de la procesi\u00f3n de la Inmaculada hasta la Parroquia de Bel\u00e9n, con motivo del voto de pueblo efectuado en 1651 por El Consell de Cent de la ciudad, al verse esta librada de la peste. En la actualidad es El Consejo General de Hermandades y Cofrad\u00edas el encargado de hacerlo. Este a\u00f1o la imagen que protagoniz\u00f3 la procesi\u00f3n fue la de la Esperanza de la Hermandad del Sant\u00edsimo Cristo Redentor y Nuestra Se\u00f1ora de la Soledad de Badalona. Los asistentes al Encuentro tuvieron la oportunidad de formar parte del cortejo y la asistente que lo deseara pod\u00eda meterse debajo del paso para llevar en hombros a la Madre de Dios.\u00a0<\/p>\n\n\n\n<figure class=\"wp-block-gallery has-nested-images columns-5 is-cropped wp-block-gallery-1 is-layout-flex wp-block-gallery-is-layout-flex\">\n<figure class=\"wp-block-image size-large\"><a href=\"https:\/\/raicesandaluzas.com\/revista\/wp-content\/uploads\/2024\/04\/01congresomujeres.jpg\"><img loading=\"lazy\" decoding=\"async\" width=\"1024\" height=\"683\" data-id=\"1657\" src=\"https:\/\/raicesandaluzas.com\/revista\/wp-content\/uploads\/2024\/04\/01congresomujeres-1024x683.jpg\" alt=\"\" class=\"wp-image-1657\" srcset=\"https:\/\/raicesandaluzas.com\/revista\/wp-content\/uploads\/2024\/04\/01congresomujeres-1024x683.jpg 1024w, https:\/\/raicesandaluzas.com\/revista\/wp-content\/uploads\/2024\/04\/01congresomujeres-300x200.jpg 300w, https:\/\/raicesandaluzas.com\/revista\/wp-content\/uploads\/2024\/04\/01congresomujeres-768x512.jpg 768w, https:\/\/raicesandaluzas.com\/revista\/wp-content\/uploads\/2024\/04\/01congresomujeres-696x464.jpg 696w, https:\/\/raicesandaluzas.com\/revista\/wp-content\/uploads\/2024\/04\/01congresomujeres-1068x712.jpg 1068w, https:\/\/raicesandaluzas.com\/revista\/wp-content\/uploads\/2024\/04\/01congresomujeres-630x420.jpg 630w, https:\/\/raicesandaluzas.com\/revista\/wp-content\/uploads\/2024\/04\/01congresomujeres.jpg 1200w\" sizes=\"auto, (max-width: 1024px) 100vw, 1024px\" \/><\/a><\/figure>\n\n\n\n<figure class=\"wp-block-image size-large\"><a href=\"https:\/\/raicesandaluzas.com\/revista\/wp-content\/uploads\/2024\/04\/02congresomujeres.jpg\"><img loading=\"lazy\" decoding=\"async\" width=\"1024\" height=\"683\" data-id=\"1673\" src=\"https:\/\/raicesandaluzas.com\/revista\/wp-content\/uploads\/2024\/04\/02congresomujeres-1024x683.jpg\" alt=\"\" class=\"wp-image-1673\" srcset=\"https:\/\/raicesandaluzas.com\/revista\/wp-content\/uploads\/2024\/04\/02congresomujeres-1024x683.jpg 1024w, https:\/\/raicesandaluzas.com\/revista\/wp-content\/uploads\/2024\/04\/02congresomujeres-300x200.jpg 300w, https:\/\/raicesandaluzas.com\/revista\/wp-content\/uploads\/2024\/04\/02congresomujeres-768x512.jpg 768w, https:\/\/raicesandaluzas.com\/revista\/wp-content\/uploads\/2024\/04\/02congresomujeres-696x464.jpg 696w, https:\/\/raicesandaluzas.com\/revista\/wp-content\/uploads\/2024\/04\/02congresomujeres-1068x712.jpg 1068w, https:\/\/raicesandaluzas.com\/revista\/wp-content\/uploads\/2024\/04\/02congresomujeres-630x420.jpg 630w, https:\/\/raicesandaluzas.com\/revista\/wp-content\/uploads\/2024\/04\/02congresomujeres.jpg 1200w\" sizes=\"auto, (max-width: 1024px) 100vw, 1024px\" \/><\/a><\/figure>\n\n\n\n<figure class=\"wp-block-image size-large\"><a href=\"https:\/\/raicesandaluzas.com\/revista\/wp-content\/uploads\/2024\/04\/03congresomujeres.jpg\"><img loading=\"lazy\" decoding=\"async\" width=\"1024\" height=\"683\" data-id=\"1671\" src=\"https:\/\/raicesandaluzas.com\/revista\/wp-content\/uploads\/2024\/04\/03congresomujeres-1024x683.jpg\" alt=\"\" class=\"wp-image-1671\" srcset=\"https:\/\/raicesandaluzas.com\/revista\/wp-content\/uploads\/2024\/04\/03congresomujeres-1024x683.jpg 1024w, https:\/\/raicesandaluzas.com\/revista\/wp-content\/uploads\/2024\/04\/03congresomujeres-300x200.jpg 300w, https:\/\/raicesandaluzas.com\/revista\/wp-content\/uploads\/2024\/04\/03congresomujeres-768x512.jpg 768w, https:\/\/raicesandaluzas.com\/revista\/wp-content\/uploads\/2024\/04\/03congresomujeres-696x464.jpg 696w, https:\/\/raicesandaluzas.com\/revista\/wp-content\/uploads\/2024\/04\/03congresomujeres-1068x712.jpg 1068w, https:\/\/raicesandaluzas.com\/revista\/wp-content\/uploads\/2024\/04\/03congresomujeres-630x420.jpg 630w, https:\/\/raicesandaluzas.com\/revista\/wp-content\/uploads\/2024\/04\/03congresomujeres.jpg 1200w\" sizes=\"auto, (max-width: 1024px) 100vw, 1024px\" \/><\/a><\/figure>\n\n\n\n<figure class=\"wp-block-image size-large\"><a href=\"https:\/\/raicesandaluzas.com\/revista\/wp-content\/uploads\/2024\/04\/04congresomujeres.jpg\"><img loading=\"lazy\" decoding=\"async\" width=\"1024\" height=\"683\" data-id=\"1672\" src=\"https:\/\/raicesandaluzas.com\/revista\/wp-content\/uploads\/2024\/04\/04congresomujeres-1024x683.jpg\" alt=\"\" class=\"wp-image-1672\" srcset=\"https:\/\/raicesandaluzas.com\/revista\/wp-content\/uploads\/2024\/04\/04congresomujeres-1024x683.jpg 1024w, https:\/\/raicesandaluzas.com\/revista\/wp-content\/uploads\/2024\/04\/04congresomujeres-300x200.jpg 300w, https:\/\/raicesandaluzas.com\/revista\/wp-content\/uploads\/2024\/04\/04congresomujeres-768x512.jpg 768w, https:\/\/raicesandaluzas.com\/revista\/wp-content\/uploads\/2024\/04\/04congresomujeres-696x464.jpg 696w, https:\/\/raicesandaluzas.com\/revista\/wp-content\/uploads\/2024\/04\/04congresomujeres-1068x712.jpg 1068w, https:\/\/raicesandaluzas.com\/revista\/wp-content\/uploads\/2024\/04\/04congresomujeres-630x420.jpg 630w, https:\/\/raicesandaluzas.com\/revista\/wp-content\/uploads\/2024\/04\/04congresomujeres.jpg 1200w\" sizes=\"auto, (max-width: 1024px) 100vw, 1024px\" \/><\/a><\/figure>\n\n\n\n<figure class=\"wp-block-image size-large\"><a href=\"https:\/\/raicesandaluzas.com\/revista\/wp-content\/uploads\/2024\/04\/06congresomujeres.jpg\"><img loading=\"lazy\" decoding=\"async\" width=\"1024\" height=\"683\" data-id=\"1669\" src=\"https:\/\/raicesandaluzas.com\/revista\/wp-content\/uploads\/2024\/04\/06congresomujeres-1024x683.jpg\" alt=\"\" class=\"wp-image-1669\" srcset=\"https:\/\/raicesandaluzas.com\/revista\/wp-content\/uploads\/2024\/04\/06congresomujeres-1024x683.jpg 1024w, https:\/\/raicesandaluzas.com\/revista\/wp-content\/uploads\/2024\/04\/06congresomujeres-300x200.jpg 300w, https:\/\/raicesandaluzas.com\/revista\/wp-content\/uploads\/2024\/04\/06congresomujeres-768x512.jpg 768w, https:\/\/raicesandaluzas.com\/revista\/wp-content\/uploads\/2024\/04\/06congresomujeres-696x464.jpg 696w, https:\/\/raicesandaluzas.com\/revista\/wp-content\/uploads\/2024\/04\/06congresomujeres-1068x712.jpg 1068w, https:\/\/raicesandaluzas.com\/revista\/wp-content\/uploads\/2024\/04\/06congresomujeres-630x420.jpg 630w, https:\/\/raicesandaluzas.com\/revista\/wp-content\/uploads\/2024\/04\/06congresomujeres.jpg 1200w\" sizes=\"auto, (max-width: 1024px) 100vw, 1024px\" \/><\/a><\/figure>\n\n\n\n<figure class=\"wp-block-image size-large\"><a href=\"https:\/\/raicesandaluzas.com\/revista\/wp-content\/uploads\/2024\/04\/07congresomujeres.jpg\"><img loading=\"lazy\" decoding=\"async\" width=\"1024\" height=\"683\" data-id=\"1667\" src=\"https:\/\/raicesandaluzas.com\/revista\/wp-content\/uploads\/2024\/04\/07congresomujeres-1024x683.jpg\" alt=\"\" class=\"wp-image-1667\" srcset=\"https:\/\/raicesandaluzas.com\/revista\/wp-content\/uploads\/2024\/04\/07congresomujeres-1024x683.jpg 1024w, https:\/\/raicesandaluzas.com\/revista\/wp-content\/uploads\/2024\/04\/07congresomujeres-300x200.jpg 300w, https:\/\/raicesandaluzas.com\/revista\/wp-content\/uploads\/2024\/04\/07congresomujeres-768x512.jpg 768w, https:\/\/raicesandaluzas.com\/revista\/wp-content\/uploads\/2024\/04\/07congresomujeres-696x464.jpg 696w, https:\/\/raicesandaluzas.com\/revista\/wp-content\/uploads\/2024\/04\/07congresomujeres-1068x712.jpg 1068w, https:\/\/raicesandaluzas.com\/revista\/wp-content\/uploads\/2024\/04\/07congresomujeres-630x420.jpg 630w, https:\/\/raicesandaluzas.com\/revista\/wp-content\/uploads\/2024\/04\/07congresomujeres.jpg 1200w\" sizes=\"auto, (max-width: 1024px) 100vw, 1024px\" \/><\/a><\/figure>\n\n\n\n<figure class=\"wp-block-image size-large\"><a href=\"https:\/\/raicesandaluzas.com\/revista\/wp-content\/uploads\/2024\/04\/08congresomujeres.jpg\"><img loading=\"lazy\" decoding=\"async\" width=\"1024\" height=\"683\" data-id=\"1659\" src=\"https:\/\/raicesandaluzas.com\/revista\/wp-content\/uploads\/2024\/04\/08congresomujeres-1024x683.jpg\" alt=\"\" class=\"wp-image-1659\" srcset=\"https:\/\/raicesandaluzas.com\/revista\/wp-content\/uploads\/2024\/04\/08congresomujeres-1024x683.jpg 1024w, https:\/\/raicesandaluzas.com\/revista\/wp-content\/uploads\/2024\/04\/08congresomujeres-300x200.jpg 300w, https:\/\/raicesandaluzas.com\/revista\/wp-content\/uploads\/2024\/04\/08congresomujeres-768x512.jpg 768w, https:\/\/raicesandaluzas.com\/revista\/wp-content\/uploads\/2024\/04\/08congresomujeres-696x464.jpg 696w, https:\/\/raicesandaluzas.com\/revista\/wp-content\/uploads\/2024\/04\/08congresomujeres-1068x712.jpg 1068w, https:\/\/raicesandaluzas.com\/revista\/wp-content\/uploads\/2024\/04\/08congresomujeres-630x420.jpg 630w, https:\/\/raicesandaluzas.com\/revista\/wp-content\/uploads\/2024\/04\/08congresomujeres.jpg 1200w\" sizes=\"auto, (max-width: 1024px) 100vw, 1024px\" \/><\/a><\/figure>\n\n\n\n<figure class=\"wp-block-image size-large\"><a href=\"https:\/\/raicesandaluzas.com\/revista\/wp-content\/uploads\/2024\/04\/09congresomujeres.jpg\"><img loading=\"lazy\" decoding=\"async\" width=\"1024\" height=\"683\" data-id=\"1666\" src=\"https:\/\/raicesandaluzas.com\/revista\/wp-content\/uploads\/2024\/04\/09congresomujeres-1024x683.jpg\" alt=\"\" class=\"wp-image-1666\" srcset=\"https:\/\/raicesandaluzas.com\/revista\/wp-content\/uploads\/2024\/04\/09congresomujeres-1024x683.jpg 1024w, https:\/\/raicesandaluzas.com\/revista\/wp-content\/uploads\/2024\/04\/09congresomujeres-300x200.jpg 300w, https:\/\/raicesandaluzas.com\/revista\/wp-content\/uploads\/2024\/04\/09congresomujeres-768x512.jpg 768w, https:\/\/raicesandaluzas.com\/revista\/wp-content\/uploads\/2024\/04\/09congresomujeres-696x464.jpg 696w, https:\/\/raicesandaluzas.com\/revista\/wp-content\/uploads\/2024\/04\/09congresomujeres-1068x712.jpg 1068w, https:\/\/raicesandaluzas.com\/revista\/wp-content\/uploads\/2024\/04\/09congresomujeres-630x420.jpg 630w, https:\/\/raicesandaluzas.com\/revista\/wp-content\/uploads\/2024\/04\/09congresomujeres.jpg 1200w\" sizes=\"auto, (max-width: 1024px) 100vw, 1024px\" \/><\/a><\/figure>\n\n\n\n<figure class=\"wp-block-image size-large\"><a href=\"https:\/\/raicesandaluzas.com\/revista\/wp-content\/uploads\/2024\/04\/10congresomujeres.jpg\"><img loading=\"lazy\" decoding=\"async\" width=\"1024\" height=\"683\" data-id=\"1658\" src=\"https:\/\/raicesandaluzas.com\/revista\/wp-content\/uploads\/2024\/04\/10congresomujeres-1024x683.jpg\" alt=\"\" class=\"wp-image-1658\" srcset=\"https:\/\/raicesandaluzas.com\/revista\/wp-content\/uploads\/2024\/04\/10congresomujeres-1024x683.jpg 1024w, https:\/\/raicesandaluzas.com\/revista\/wp-content\/uploads\/2024\/04\/10congresomujeres-300x200.jpg 300w, https:\/\/raicesandaluzas.com\/revista\/wp-content\/uploads\/2024\/04\/10congresomujeres-768x512.jpg 768w, https:\/\/raicesandaluzas.com\/revista\/wp-content\/uploads\/2024\/04\/10congresomujeres-696x464.jpg 696w, https:\/\/raicesandaluzas.com\/revista\/wp-content\/uploads\/2024\/04\/10congresomujeres-1068x712.jpg 1068w, https:\/\/raicesandaluzas.com\/revista\/wp-content\/uploads\/2024\/04\/10congresomujeres-630x420.jpg 630w, https:\/\/raicesandaluzas.com\/revista\/wp-content\/uploads\/2024\/04\/10congresomujeres.jpg 1200w\" sizes=\"auto, (max-width: 1024px) 100vw, 1024px\" \/><\/a><\/figure>\n\n\n\n<figure class=\"wp-block-image size-large\"><a href=\"https:\/\/raicesandaluzas.com\/revista\/wp-content\/uploads\/2024\/04\/11congresomujeres.jpg\"><img loading=\"lazy\" decoding=\"async\" width=\"1024\" height=\"683\" data-id=\"1665\" src=\"https:\/\/raicesandaluzas.com\/revista\/wp-content\/uploads\/2024\/04\/11congresomujeres-1024x683.jpg\" alt=\"\" class=\"wp-image-1665\" srcset=\"https:\/\/raicesandaluzas.com\/revista\/wp-content\/uploads\/2024\/04\/11congresomujeres-1024x683.jpg 1024w, https:\/\/raicesandaluzas.com\/revista\/wp-content\/uploads\/2024\/04\/11congresomujeres-300x200.jpg 300w, https:\/\/raicesandaluzas.com\/revista\/wp-content\/uploads\/2024\/04\/11congresomujeres-768x512.jpg 768w, https:\/\/raicesandaluzas.com\/revista\/wp-content\/uploads\/2024\/04\/11congresomujeres-696x464.jpg 696w, https:\/\/raicesandaluzas.com\/revista\/wp-content\/uploads\/2024\/04\/11congresomujeres-1068x712.jpg 1068w, https:\/\/raicesandaluzas.com\/revista\/wp-content\/uploads\/2024\/04\/11congresomujeres-630x420.jpg 630w, https:\/\/raicesandaluzas.com\/revista\/wp-content\/uploads\/2024\/04\/11congresomujeres.jpg 1200w\" sizes=\"auto, (max-width: 1024px) 100vw, 1024px\" \/><\/a><\/figure>\n\n\n\n<figure class=\"wp-block-image size-large\"><a href=\"https:\/\/raicesandaluzas.com\/revista\/wp-content\/uploads\/2024\/04\/12congresomujeres.jpg\"><img loading=\"lazy\" decoding=\"async\" width=\"1024\" height=\"683\" data-id=\"1662\" src=\"https:\/\/raicesandaluzas.com\/revista\/wp-content\/uploads\/2024\/04\/12congresomujeres-1024x683.jpg\" alt=\"\" class=\"wp-image-1662\" srcset=\"https:\/\/raicesandaluzas.com\/revista\/wp-content\/uploads\/2024\/04\/12congresomujeres-1024x683.jpg 1024w, https:\/\/raicesandaluzas.com\/revista\/wp-content\/uploads\/2024\/04\/12congresomujeres-300x200.jpg 300w, https:\/\/raicesandaluzas.com\/revista\/wp-content\/uploads\/2024\/04\/12congresomujeres-768x512.jpg 768w, https:\/\/raicesandaluzas.com\/revista\/wp-content\/uploads\/2024\/04\/12congresomujeres-696x464.jpg 696w, https:\/\/raicesandaluzas.com\/revista\/wp-content\/uploads\/2024\/04\/12congresomujeres-1068x712.jpg 1068w, https:\/\/raicesandaluzas.com\/revista\/wp-content\/uploads\/2024\/04\/12congresomujeres-630x420.jpg 630w, https:\/\/raicesandaluzas.com\/revista\/wp-content\/uploads\/2024\/04\/12congresomujeres.jpg 1200w\" sizes=\"auto, (max-width: 1024px) 100vw, 1024px\" \/><\/a><\/figure>\n\n\n\n<figure class=\"wp-block-image size-large\"><a href=\"https:\/\/raicesandaluzas.com\/revista\/wp-content\/uploads\/2024\/04\/13congresomujeres.jpg\"><img loading=\"lazy\" decoding=\"async\" width=\"1024\" height=\"683\" data-id=\"1664\" src=\"https:\/\/raicesandaluzas.com\/revista\/wp-content\/uploads\/2024\/04\/13congresomujeres-1024x683.jpg\" alt=\"\" class=\"wp-image-1664\" srcset=\"https:\/\/raicesandaluzas.com\/revista\/wp-content\/uploads\/2024\/04\/13congresomujeres-1024x683.jpg 1024w, https:\/\/raicesandaluzas.com\/revista\/wp-content\/uploads\/2024\/04\/13congresomujeres-300x200.jpg 300w, https:\/\/raicesandaluzas.com\/revista\/wp-content\/uploads\/2024\/04\/13congresomujeres-768x512.jpg 768w, https:\/\/raicesandaluzas.com\/revista\/wp-content\/uploads\/2024\/04\/13congresomujeres-696x464.jpg 696w, https:\/\/raicesandaluzas.com\/revista\/wp-content\/uploads\/2024\/04\/13congresomujeres-1068x712.jpg 1068w, https:\/\/raicesandaluzas.com\/revista\/wp-content\/uploads\/2024\/04\/13congresomujeres-630x420.jpg 630w, https:\/\/raicesandaluzas.com\/revista\/wp-content\/uploads\/2024\/04\/13congresomujeres.jpg 1200w\" sizes=\"auto, (max-width: 1024px) 100vw, 1024px\" \/><\/a><\/figure>\n\n\n\n<figure class=\"wp-block-image size-large\"><a href=\"https:\/\/raicesandaluzas.com\/revista\/wp-content\/uploads\/2024\/04\/14congresomujeres.jpg\"><img loading=\"lazy\" decoding=\"async\" width=\"1024\" height=\"683\" data-id=\"1661\" src=\"https:\/\/raicesandaluzas.com\/revista\/wp-content\/uploads\/2024\/04\/14congresomujeres-1024x683.jpg\" alt=\"\" class=\"wp-image-1661\" srcset=\"https:\/\/raicesandaluzas.com\/revista\/wp-content\/uploads\/2024\/04\/14congresomujeres-1024x683.jpg 1024w, https:\/\/raicesandaluzas.com\/revista\/wp-content\/uploads\/2024\/04\/14congresomujeres-300x200.jpg 300w, https:\/\/raicesandaluzas.com\/revista\/wp-content\/uploads\/2024\/04\/14congresomujeres-768x512.jpg 768w, https:\/\/raicesandaluzas.com\/revista\/wp-content\/uploads\/2024\/04\/14congresomujeres-696x464.jpg 696w, https:\/\/raicesandaluzas.com\/revista\/wp-content\/uploads\/2024\/04\/14congresomujeres-1068x712.jpg 1068w, https:\/\/raicesandaluzas.com\/revista\/wp-content\/uploads\/2024\/04\/14congresomujeres-630x420.jpg 630w, https:\/\/raicesandaluzas.com\/revista\/wp-content\/uploads\/2024\/04\/14congresomujeres.jpg 1200w\" sizes=\"auto, (max-width: 1024px) 100vw, 1024px\" \/><\/a><\/figure>\n\n\n\n<figure class=\"wp-block-image size-large\"><a href=\"https:\/\/raicesandaluzas.com\/revista\/wp-content\/uploads\/2024\/04\/15congresomujeres.jpg\"><img loading=\"lazy\" decoding=\"async\" width=\"1024\" height=\"683\" data-id=\"1660\" src=\"https:\/\/raicesandaluzas.com\/revista\/wp-content\/uploads\/2024\/04\/15congresomujeres-1024x683.jpg\" alt=\"\" class=\"wp-image-1660\" srcset=\"https:\/\/raicesandaluzas.com\/revista\/wp-content\/uploads\/2024\/04\/15congresomujeres-1024x683.jpg 1024w, https:\/\/raicesandaluzas.com\/revista\/wp-content\/uploads\/2024\/04\/15congresomujeres-300x200.jpg 300w, https:\/\/raicesandaluzas.com\/revista\/wp-content\/uploads\/2024\/04\/15congresomujeres-768x512.jpg 768w, https:\/\/raicesandaluzas.com\/revista\/wp-content\/uploads\/2024\/04\/15congresomujeres-696x464.jpg 696w, https:\/\/raicesandaluzas.com\/revista\/wp-content\/uploads\/2024\/04\/15congresomujeres-1068x712.jpg 1068w, https:\/\/raicesandaluzas.com\/revista\/wp-content\/uploads\/2024\/04\/15congresomujeres-630x420.jpg 630w, https:\/\/raicesandaluzas.com\/revista\/wp-content\/uploads\/2024\/04\/15congresomujeres.jpg 1200w\" sizes=\"auto, (max-width: 1024px) 100vw, 1024px\" \/><\/a><\/figure>\n\n\n\n<figure class=\"wp-block-image size-large\"><a href=\"https:\/\/raicesandaluzas.com\/revista\/wp-content\/uploads\/2024\/04\/16congresomujeres.jpg\"><img loading=\"lazy\" decoding=\"async\" width=\"1024\" height=\"681\" data-id=\"1670\" src=\"https:\/\/raicesandaluzas.com\/revista\/wp-content\/uploads\/2024\/04\/16congresomujeres-1024x681.jpg\" alt=\"\" class=\"wp-image-1670\" srcset=\"https:\/\/raicesandaluzas.com\/revista\/wp-content\/uploads\/2024\/04\/16congresomujeres-1024x681.jpg 1024w, https:\/\/raicesandaluzas.com\/revista\/wp-content\/uploads\/2024\/04\/16congresomujeres-300x200.jpg 300w, https:\/\/raicesandaluzas.com\/revista\/wp-content\/uploads\/2024\/04\/16congresomujeres-768x511.jpg 768w, https:\/\/raicesandaluzas.com\/revista\/wp-content\/uploads\/2024\/04\/16congresomujeres-696x463.jpg 696w, https:\/\/raicesandaluzas.com\/revista\/wp-content\/uploads\/2024\/04\/16congresomujeres-1068x710.jpg 1068w, https:\/\/raicesandaluzas.com\/revista\/wp-content\/uploads\/2024\/04\/16congresomujeres-632x420.jpg 632w, https:\/\/raicesandaluzas.com\/revista\/wp-content\/uploads\/2024\/04\/16congresomujeres.jpg 1200w\" sizes=\"auto, (max-width: 1024px) 100vw, 1024px\" \/><\/a><\/figure>\n\n\n\n<figure class=\"wp-block-image size-large\"><a href=\"https:\/\/raicesandaluzas.com\/revista\/wp-content\/uploads\/2024\/04\/17congresomujeres.jpg\"><img loading=\"lazy\" decoding=\"async\" width=\"1024\" height=\"683\" data-id=\"1663\" src=\"https:\/\/raicesandaluzas.com\/revista\/wp-content\/uploads\/2024\/04\/17congresomujeres-1024x683.jpg\" alt=\"\" class=\"wp-image-1663\" srcset=\"https:\/\/raicesandaluzas.com\/revista\/wp-content\/uploads\/2024\/04\/17congresomujeres-1024x683.jpg 1024w, https:\/\/raicesandaluzas.com\/revista\/wp-content\/uploads\/2024\/04\/17congresomujeres-300x200.jpg 300w, https:\/\/raicesandaluzas.com\/revista\/wp-content\/uploads\/2024\/04\/17congresomujeres-768x512.jpg 768w, https:\/\/raicesandaluzas.com\/revista\/wp-content\/uploads\/2024\/04\/17congresomujeres-696x464.jpg 696w, https:\/\/raicesandaluzas.com\/revista\/wp-content\/uploads\/2024\/04\/17congresomujeres-1068x712.jpg 1068w, https:\/\/raicesandaluzas.com\/revista\/wp-content\/uploads\/2024\/04\/17congresomujeres-630x420.jpg 630w, https:\/\/raicesandaluzas.com\/revista\/wp-content\/uploads\/2024\/04\/17congresomujeres.jpg 1200w\" sizes=\"auto, (max-width: 1024px) 100vw, 1024px\" \/><\/a><\/figure>\n\n\n\n<figure class=\"wp-block-image size-large\"><a href=\"https:\/\/raicesandaluzas.com\/revista\/wp-content\/uploads\/2024\/04\/18congresomujeres.jpg\"><img loading=\"lazy\" decoding=\"async\" width=\"1024\" height=\"683\" data-id=\"1668\" src=\"https:\/\/raicesandaluzas.com\/revista\/wp-content\/uploads\/2024\/04\/18congresomujeres-1024x683.jpg\" alt=\"\" class=\"wp-image-1668\" srcset=\"https:\/\/raicesandaluzas.com\/revista\/wp-content\/uploads\/2024\/04\/18congresomujeres-1024x683.jpg 1024w, https:\/\/raicesandaluzas.com\/revista\/wp-content\/uploads\/2024\/04\/18congresomujeres-300x200.jpg 300w, https:\/\/raicesandaluzas.com\/revista\/wp-content\/uploads\/2024\/04\/18congresomujeres-768x512.jpg 768w, https:\/\/raicesandaluzas.com\/revista\/wp-content\/uploads\/2024\/04\/18congresomujeres-696x464.jpg 696w, https:\/\/raicesandaluzas.com\/revista\/wp-content\/uploads\/2024\/04\/18congresomujeres-1068x712.jpg 1068w, https:\/\/raicesandaluzas.com\/revista\/wp-content\/uploads\/2024\/04\/18congresomujeres-630x420.jpg 630w, https:\/\/raicesandaluzas.com\/revista\/wp-content\/uploads\/2024\/04\/18congresomujeres.jpg 1200w\" sizes=\"auto, (max-width: 1024px) 100vw, 1024px\" \/><\/a><\/figure>\n\n\n\n<figure class=\"wp-block-image size-large\"><a href=\"https:\/\/raicesandaluzas.com\/revista\/wp-content\/uploads\/2024\/04\/19congresomujeres.jpg\"><img loading=\"lazy\" decoding=\"async\" width=\"1024\" height=\"683\" data-id=\"1654\" src=\"https:\/\/raicesandaluzas.com\/revista\/wp-content\/uploads\/2024\/04\/19congresomujeres-1024x683.jpg\" alt=\"\" class=\"wp-image-1654\" srcset=\"https:\/\/raicesandaluzas.com\/revista\/wp-content\/uploads\/2024\/04\/19congresomujeres-1024x683.jpg 1024w, https:\/\/raicesandaluzas.com\/revista\/wp-content\/uploads\/2024\/04\/19congresomujeres-300x200.jpg 300w, https:\/\/raicesandaluzas.com\/revista\/wp-content\/uploads\/2024\/04\/19congresomujeres-768x512.jpg 768w, https:\/\/raicesandaluzas.com\/revista\/wp-content\/uploads\/2024\/04\/19congresomujeres-696x464.jpg 696w, https:\/\/raicesandaluzas.com\/revista\/wp-content\/uploads\/2024\/04\/19congresomujeres-1068x712.jpg 1068w, https:\/\/raicesandaluzas.com\/revista\/wp-content\/uploads\/2024\/04\/19congresomujeres-630x420.jpg 630w, https:\/\/raicesandaluzas.com\/revista\/wp-content\/uploads\/2024\/04\/19congresomujeres.jpg 1200w\" sizes=\"auto, (max-width: 1024px) 100vw, 1024px\" \/><\/a><\/figure>\n\n\n\n<figure class=\"wp-block-image size-large\"><a href=\"https:\/\/raicesandaluzas.com\/revista\/wp-content\/uploads\/2024\/04\/20congresomujeres.jpg\"><img loading=\"lazy\" decoding=\"async\" width=\"1024\" height=\"683\" data-id=\"1656\" src=\"https:\/\/raicesandaluzas.com\/revista\/wp-content\/uploads\/2024\/04\/20congresomujeres-1024x683.jpg\" alt=\"\" class=\"wp-image-1656\" srcset=\"https:\/\/raicesandaluzas.com\/revista\/wp-content\/uploads\/2024\/04\/20congresomujeres-1024x683.jpg 1024w, https:\/\/raicesandaluzas.com\/revista\/wp-content\/uploads\/2024\/04\/20congresomujeres-300x200.jpg 300w, https:\/\/raicesandaluzas.com\/revista\/wp-content\/uploads\/2024\/04\/20congresomujeres-768x512.jpg 768w, https:\/\/raicesandaluzas.com\/revista\/wp-content\/uploads\/2024\/04\/20congresomujeres-696x464.jpg 696w, https:\/\/raicesandaluzas.com\/revista\/wp-content\/uploads\/2024\/04\/20congresomujeres-1068x712.jpg 1068w, https:\/\/raicesandaluzas.com\/revista\/wp-content\/uploads\/2024\/04\/20congresomujeres-630x420.jpg 630w, https:\/\/raicesandaluzas.com\/revista\/wp-content\/uploads\/2024\/04\/20congresomujeres.jpg 1200w\" sizes=\"auto, (max-width: 1024px) 100vw, 1024px\" \/><\/a><\/figure>\n\n\n\n<figure class=\"wp-block-image size-large\"><a href=\"https:\/\/raicesandaluzas.com\/revista\/wp-content\/uploads\/2024\/04\/21congresomujeres.jpg\"><img loading=\"lazy\" decoding=\"async\" width=\"1024\" height=\"683\" data-id=\"1655\" src=\"https:\/\/raicesandaluzas.com\/revista\/wp-content\/uploads\/2024\/04\/21congresomujeres-1024x683.jpg\" alt=\"\" class=\"wp-image-1655\" srcset=\"https:\/\/raicesandaluzas.com\/revista\/wp-content\/uploads\/2024\/04\/21congresomujeres-1024x683.jpg 1024w, https:\/\/raicesandaluzas.com\/revista\/wp-content\/uploads\/2024\/04\/21congresomujeres-300x200.jpg 300w, https:\/\/raicesandaluzas.com\/revista\/wp-content\/uploads\/2024\/04\/21congresomujeres-768x512.jpg 768w, https:\/\/raicesandaluzas.com\/revista\/wp-content\/uploads\/2024\/04\/21congresomujeres-696x464.jpg 696w, https:\/\/raicesandaluzas.com\/revista\/wp-content\/uploads\/2024\/04\/21congresomujeres-1068x712.jpg 1068w, https:\/\/raicesandaluzas.com\/revista\/wp-content\/uploads\/2024\/04\/21congresomujeres-630x420.jpg 630w, https:\/\/raicesandaluzas.com\/revista\/wp-content\/uploads\/2024\/04\/21congresomujeres.jpg 1200w\" sizes=\"auto, (max-width: 1024px) 100vw, 1024px\" \/><\/a><\/figure>\n<\/figure>\n\n\n\n<p>Me consta que algunas lo disfrutaron, incluso protagonizando una \u201clevant\u00e1\u201d.<\/p>\n\n\n\n<p>El almuerzo se realiz\u00f3 en el restaurante Pasa Tapas de la Barceloneta, celebrado por los asistentes, no solo por comer sino tambi\u00e9n por descansar, charlar y \u201cencontrarse\u201d de nuevo con los cofrades asiduos a los encuentros y con nuevos e ilusionados participantes.<\/p>\n\n\n\n<p>Desplazamiento al teatro Blas Infante de Badalona, donde nos esperaba la segunda mesa redonda con Ana Maria Flori de Alicante, Alicia Garc\u00eda Rodr\u00edguez de Salamanca, Llu\u00efsa Garriga de La Selva del Camp (Tarragona), Jessica Jim\u00e9nez de Matar\u00f3 (Barcelona) y Xuax\u00fas Gonz\u00e1lez de Le\u00f3n nos explicaron el papel y la situaci\u00f3n de la mujer en sus localidades.<\/p>\n\n\n\n<p>La presentaci\u00f3n del Libro de la Historia de La Congregaci\u00f3 del Crist de la Bona Mort de Barcelona donde las mujeres ten\u00edan un papel relevante y exclusivo, por Hector L\u00f3pez y Manuel Zamora, la interesante y pr\u00e1ctica comunicaci\u00f3n \u201cLas redes sociales y la Semana Santa\u201d por Maria Grau perfectamente aplicable a nuestro mundillo y la Presentaci\u00f3n del libro \u201cRecetas de Pasi\u00f3n y Gloria\u201d escaparate de cofrad\u00edas y hermandades actuales catalanas combinada con recetas tradicionales de Semana Santa, por Sandra Torres cerraron la parte \u201cacad\u00e9mica\u201d para dar paso a la parte l\u00fadica.<\/p>\n\n\n\n<p>Un breve descanso para cambiar escenario y dar paso a m\u00e1s p\u00fablico precedi\u00f3 al espect\u00e1culo cofrade, que fue eso precisamente, espectacular.<\/p>\n\n\n\n<p>El grupo Pasi\u00f3n Flamenca, la Agrupaci\u00f3n Musical 15+1 de Hospitalet de Llobregat y el Coro de Bad\u00eda del Vall\u00e9s unieron su arte de baile, m\u00fasica y cant\u00e9 cofrade y navide\u00f1o para deleitar a los presentes con su pasi\u00f3n y elegancia que propiciaron un largo y sentido aplauso del p\u00fablico. \u00a1Enhorabuena artistas cofrades!<\/p>\n\n\n\n<p>Finalizamos el intenso d\u00eda con una visita al \u00e1rbol que compite por ser uno de los m\u00e1s altos de Espa\u00f1a en Badalona. Dentro del \u00e1rbol, con las luces y la m\u00fasica navide\u00f1a nos olvidamos del cansancio para bailar hermanados al son de sus notas. El autocar nos condujo despu\u00e9s a la sede de la Hermandad del Cristo Redentor y La Soledad de Badalona donde nos esperaban sus im\u00e1genes y un copioso aperitivo cena.<\/p>\n\n\n\n<p>Y llega el \u00faltimo d\u00eda, con pena por que llega el fin, pero con la ilusi\u00f3n de poner la guinda en el pastel, la entrada al templo expiatorio m\u00e1s emblem\u00e1tico de Barcelona, La Sagrada Familia de Antoni Gaud\u00ed.<\/p>\n\n\n\n<p>En el claustro de Montserrat, nos esperaba El presidente delegado del Junta Constructora de la Fundaci\u00f3 Sagrada Familia, el Sr. Esteve Camps para darnos la bienvenida. \u00a1Muchas Gracias por su acogida!.<\/p>\n\n\n\n<p>Y otro momento esperado, la segunda ponencia del Encuentro, \u00abMujeres y Cofrad\u00edas: Perspectiva jur\u00eddica en el siglo XXI\u00bb por Paloma Saborido S\u00e1nchez, miembro de la Comisi\u00f3n sobre cofrad\u00edas del Vaticano para el Jubileo 2025.<\/p>\n\n\n\n<p>Con su habitual alegr\u00eda, pasi\u00f3n y energ\u00eda, la ponencia donde nos explic\u00f3 la raz\u00f3n por la que la integraci\u00f3n de la mujer en las cofrad\u00edas puede ser tratada con derecho y jurisdicci\u00f3n civil nos result\u00f3 corta y amena.<\/p>\n\n\n\n<p>Como colof\u00f3n a la charla se le otorg\u00f3 un reconocimiento por su indiscutible trayectoria, por su esfuerzo para la mujer cofrade y por ser la primera y \u00fanica mujer miembro de una comisi\u00f3n de Semana Santa del Vaticano. Gracias Paloma por aceptar la invitaci\u00f3n, gracias por tu trabajo y esfuerzo.<\/p>\n\n\n\n<p>Cinta Fontanet sigui\u00f3 para explicarnos el trabajo de la mujer cofrade en Tortosa. Ella es la presidenta de la Junta de Cofrad\u00edas de Semana Santa de Tortosa, junto con otras mujeres, entre ellas Cinta Carles, desde que ocupa ese cargo por primera vez las mujeres han podido pregonar en Tortosa.<\/p>\n\n\n\n<p>Ambas Cintas recibieron tambi\u00e9n un reconocimiento por su trayectoria, su valor para integrar a la mujer en nuevos roles en la Semana Santa como es el de pregonera y la organizaci\u00f3n del Congreso Catal\u00e1n de Hermandades y Cofrad\u00edas.<\/p>\n\n\n\n<p>Cinco minutos de descanso y seguimos.<\/p>\n\n\n\n<p>La Semana Santa Catalana, la gran desconocida, Jordi Merino, historiador, nos hizo un claro resumen, que nos dej\u00f3 con las ganas de conocer m\u00e1s. Agradecemos a Jordi su presentaci\u00f3n.<\/p>\n\n\n\n<p>Nuevos reconocimientos a Mujeres por su trayectoria y su labor en distintas facetas: Victoria Bot\u00ed de Cartagena, Elisa P\u00e9rez de Granada, Ana Maria Flori de Alicante, Natividad Chac\u00f3n y Marina Turri\u00f3n de Bad\u00eda del Vall\u00e9s.<\/p>\n\n\n\n<p>Y a las mujeres que formaron parte de la junta fundadora y juntas anteriores de la Asociaci\u00f3n de Mujeres Cofrades de Barcelona por su dedicaci\u00f3n a la Asociaci\u00f3n: Ana Garrido, Roser Gonz\u00e1lez, Teresa Comellas, Gloria Codina, Purificaci\u00f3n Coronel y Estefan\u00eda Soto.<\/p>\n\n\n\n<p>Victor\u00eda Bot\u00ed, presidenta de la Asociaci\u00f3n de Mujeres Cofrades de Cartagena nos present\u00f3 el Premio Pasos que otorga anualmente esta asociaci\u00f3n a Cofrad\u00edas que trabajan para la integraci\u00f3n de la mujer en este mundo.<\/p>\n\n\n\n<p>Sin nueva sede para el Encuentro, de momento, pero con la esperanza de un pr\u00f3ximo VIII Encuentro, la Delegada Diocesana para la Formaci\u00f3n y Acompa\u00f1amiento del Laicado, Sra. Anna Almuni De Muga y el Director del Secretariado Diocesano de Hermandades y Cofrad\u00edas, Sr. Manuel Zamora Negrillo, clausuraron el Encuentro.<\/p>\n\n\n\n<p><a href=\"https:\/\/blogger.googleusercontent.com\/img\/b\/R29vZ2xl\/AVvXsEhOZgnZQoOSk37Vqjx8D7AS5I-r8hMBV1t4htprkZl0nzXeM05mUEa7J7V36p1oX-9lU95O7Bdf94TrrS-AHMRGSVhVLcvYsIIXA6m4Q5ULE2aK1WVQ2tU6hqSwWYqcVtglqZ2F3SowPA8-PVMJf4r2yQSyrksAEmJyg8ym8rOvUM6U8qHDU85SUDc56IKn\/s5760\/8B2A9138.jpg\"><\/a>Y el final, la visita guiada cristianizada a la Sagrada Familia. De nuevo dar las gracias a la Sagrada Familia que escogi\u00f3 a sus mejores gu\u00edas para esta visita, con los que los asistentes quedaron encantados.<\/p>\n\n\n\n<p>Queremos agradecer al Arzobispado de Barcelona su implicaci\u00f3n, al Ayuntamiento y Generalitat su presencia, a la Sagrada Familia su apoyo y acogida, a los ponentes principales y a los que han formado parte de las mesas redondas, presentaciones y comunicaciones, al hombre y mujeres reconocidas y sus cofrades hermanos por estar con nosotros, a los cofrades artistas, a todos los que han colaborado, adem\u00e1s de los ya mencionados, a los patrocinadores, la FAC (Federaci\u00f3n Andaluza de Comunidades), UMAS, al CERCAT, y a la Parroquia de Bel\u00e9n con su p\u00e1rroco Mn. Adilson Tolentino al frente y a vosotros, asistentes por venir y por vivir ese buen ambiente del que hemos disfrutado estos d\u00edas, sab\u00e9is que todos sois importantes para que un Encuentro resulte bien, sin cada uno de vosotros no es posible. \u00a1Gracias a todos!<\/p>\n","protected":false},"excerpt":{"rendered":"<p>Del 7 al 9 de diciembre de 2023 tuvo lugar el VII Encuentro Nacional de Mujeres Cofrades en Barcelona. Empezamos con mucha ilusi\u00f3n, despu\u00e9s de 6 a\u00f1os sin Encuentro, en el Seminario Conciliar de Barcelona, sobre las 5 de la tarde con la mesa inaugural en la que tuvieron turno de palabra por este orden [&hellip;]<\/p>\n","protected":false},"author":2,"featured_media":1674,"comment_status":"open","ping_status":"open","sticky":false,"template":"","format":"standard","meta":{"footnotes":""},"categories":[21],"tags":[],"class_list":{"0":"post-1653","1":"post","2":"type-post","3":"status-publish","4":"format-standard","5":"has-post-thumbnail","7":"category-raices-rocieras"},"_links":{"self":[{"href":"https:\/\/raicesandaluzas.com\/revista\/wp-json\/wp\/v2\/posts\/1653","targetHints":{"allow":["GET"]}}],"collection":[{"href":"https:\/\/raicesandaluzas.com\/revista\/wp-json\/wp\/v2\/posts"}],"about":[{"href":"https:\/\/raicesandaluzas.com\/revista\/wp-json\/wp\/v2\/types\/post"}],"author":[{"embeddable":true,"href":"https:\/\/raicesandaluzas.com\/revista\/wp-json\/wp\/v2\/users\/2"}],"replies":[{"embeddable":true,"href":"https:\/\/raicesandaluzas.com\/revista\/wp-json\/wp\/v2\/comments?post=1653"}],"version-history":[{"count":1,"href":"https:\/\/raicesandaluzas.com\/revista\/wp-json\/wp\/v2\/posts\/1653\/revisions"}],"predecessor-version":[{"id":1675,"href":"https:\/\/raicesandaluzas.com\/revista\/wp-json\/wp\/v2\/posts\/1653\/revisions\/1675"}],"wp:featuredmedia":[{"embeddable":true,"href":"https:\/\/raicesandaluzas.com\/revista\/wp-json\/wp\/v2\/media\/1674"}],"wp:attachment":[{"href":"https:\/\/raicesandaluzas.com\/revista\/wp-json\/wp\/v2\/media?parent=1653"}],"wp:term":[{"taxonomy":"category","embeddable":true,"href":"https:\/\/raicesandaluzas.com\/revista\/wp-json\/wp\/v2\/categories?post=1653"},{"taxonomy":"post_tag","embeddable":true,"href":"https:\/\/raicesandaluzas.com\/revista\/wp-json\/wp\/v2\/tags?post=1653"}],"curies":[{"name":"wp","href":"https:\/\/api.w.org\/{rel}","templated":true}]}}