{"id":1649,"date":"2024-04-08T08:21:14","date_gmt":"2024-04-08T08:21:14","guid":{"rendered":"https:\/\/raicesandaluzas.com\/revista\/?p=1649"},"modified":"2024-04-19T10:54:20","modified_gmt":"2024-04-19T10:54:20","slug":"la-casa-de-andalucia-en-barcelona-celebra-la-primera-semifinal-del-xix-concurso-nacional-de-copla","status":"publish","type":"post","link":"https:\/\/raicesandaluzas.com\/revista\/2024\/04\/08\/la-casa-de-andalucia-en-barcelona-celebra-la-primera-semifinal-del-xix-concurso-nacional-de-copla\/","title":{"rendered":"La Casa de Andaluc\u00eda en Barcelona celebra la primera semifinal del XIX Concurso Nacional de Copla"},"content":{"rendered":"\n<p>Este pr\u00f3ximo s\u00e1bado, 13 de abril, la Casa de Andaluc\u00eda en Barcelona celebra la primera semifinal del XIX Concurso Nacional de Copla \u00abMemorial Isabel de M\u00e9rida\u00bb, dentro de los actos por su 55 aniversario. Los cantantes que se han clasificado para la semifinal son Ver\u00f3nica Mart\u00edn de M\u00e1laga, Jes\u00fas Lucas de Sabadell, Carmen Moral de Tarragona, Isabel M. Espa\u00f1a de C\u00f3rdoba, Juanma Jerez de Carranque (Toledo), \u00d3scar Calder\u00f3n de Olivares (Sevilla) y Ana Mar\u00eda Puente de Toledo. <\/p>\n\n\n\n<p>La semifinal tendr\u00e1 lugar en el Centro C\u00edvico Tomasa Cuevas (c. Dolors Masferrer, Barcelona) a partir de las 11 horas y estar\u00e1 presentado por Antonio Mench\u00f3n.  <\/p>\n","protected":false},"excerpt":{"rendered":"<p>Este pr\u00f3ximo s\u00e1bado, 13 de abril, la Casa de Andaluc\u00eda en Barcelona celebra la primera semifinal del XIX Concurso Nacional de Copla \u00abMemorial Isabel de M\u00e9rida\u00bb, dentro de los actos por su 55 aniversario. Los cantantes que se han clasificado para la semifinal son Ver\u00f3nica Mart\u00edn de M\u00e1laga, Jes\u00fas Lucas de Sabadell, Carmen Moral de [&hellip;]<\/p>\n","protected":false},"author":1,"featured_media":1650,"comment_status":"closed","ping_status":"open","sticky":false,"template":"","format":"standard","meta":{"footnotes":""},"categories":[19],"tags":[],"class_list":{"0":"post-1649","1":"post","2":"type-post","3":"status-publish","4":"format-standard","5":"has-post-thumbnail","7":"category-actualidad"},"_links":{"self":[{"href":"https:\/\/raicesandaluzas.com\/revista\/wp-json\/wp\/v2\/posts\/1649","targetHints":{"allow":["GET"]}}],"collection":[{"href":"https:\/\/raicesandaluzas.com\/revista\/wp-json\/wp\/v2\/posts"}],"about":[{"href":"https:\/\/raicesandaluzas.com\/revista\/wp-json\/wp\/v2\/types\/post"}],"author":[{"embeddable":true,"href":"https:\/\/raicesandaluzas.com\/revista\/wp-json\/wp\/v2\/users\/1"}],"replies":[{"embeddable":true,"href":"https:\/\/raicesandaluzas.com\/revista\/wp-json\/wp\/v2\/comments?post=1649"}],"version-history":[{"count":1,"href":"https:\/\/raicesandaluzas.com\/revista\/wp-json\/wp\/v2\/posts\/1649\/revisions"}],"predecessor-version":[{"id":1651,"href":"https:\/\/raicesandaluzas.com\/revista\/wp-json\/wp\/v2\/posts\/1649\/revisions\/1651"}],"wp:featuredmedia":[{"embeddable":true,"href":"https:\/\/raicesandaluzas.com\/revista\/wp-json\/wp\/v2\/media\/1650"}],"wp:attachment":[{"href":"https:\/\/raicesandaluzas.com\/revista\/wp-json\/wp\/v2\/media?parent=1649"}],"wp:term":[{"taxonomy":"category","embeddable":true,"href":"https:\/\/raicesandaluzas.com\/revista\/wp-json\/wp\/v2\/categories?post=1649"},{"taxonomy":"post_tag","embeddable":true,"href":"https:\/\/raicesandaluzas.com\/revista\/wp-json\/wp\/v2\/tags?post=1649"}],"curies":[{"name":"wp","href":"https:\/\/api.w.org\/{rel}","templated":true}]}}