{"id":1640,"date":"2024-03-22T11:56:34","date_gmt":"2024-03-22T11:56:34","guid":{"rendered":"https:\/\/raicesandaluzas.com\/revista\/?p=1640"},"modified":"2024-03-22T11:56:35","modified_gmt":"2024-03-22T11:56:35","slug":"el-rey-felipe-vi-hermano-de-honor-de-las-angustias-de-barcelona","status":"publish","type":"post","link":"https:\/\/raicesandaluzas.com\/revista\/2024\/03\/22\/el-rey-felipe-vi-hermano-de-honor-de-las-angustias-de-barcelona\/","title":{"rendered":"El Rey Felipe VI, Hermano de Honor de las Angustias de Barcelona"},"content":{"rendered":"\n<p>S. M. el Rey Felipe VI ha aceptado ser Hermano de Honor de la Hermandad y Cofrad\u00eda de Nuestra Se\u00f1ora de las Angustias de Barcelona, seg\u00fan la respuesta remitida por la Casa Real a la cofrad\u00eda el pasado 15 de marzo. <\/p>\n\n\n\n<p>Con motivo de los actos conmemorativos del XXXV aniversario de la fundaci\u00f3n de la Hermandad el presente a\u00f1o, se realiz\u00f3 una petici\u00f3n a la Casa Real, acompa\u00f1ada de una detallada memoria y el pl\u00e1cet del Arzobispado de Barcelona a su nombramiento.<\/p>\n\n\n\n<p>Despu\u00e9s de la confirmaci\u00f3n, y a una semana de la salida en procesi\u00f3n el pr\u00f3ximo Viernes Santo, este hecho es motivo de j\u00fabilo y alegr\u00eda para los hermanos y devotos de Nuestra Se\u00f1ora de las Angustias de la ciudad condal.<\/p>\n\n\n\n<div><a href=\"https:\/\/raicesandaluzas.com\/revista\/wp-content\/uploads\/2024\/03\/CREDENCIAL-714x1024.jpg\" class=\"td-modal-image\"><figure class=\"wp-block-image size-large\"><img loading=\"lazy\" decoding=\"async\" width=\"714\" height=\"1024\" src=\"https:\/\/raicesandaluzas.com\/revista\/wp-content\/uploads\/2024\/03\/CREDENCIAL-714x1024.jpg\" alt=\"\" class=\"wp-image-1641\" srcset=\"https:\/\/raicesandaluzas.com\/revista\/wp-content\/uploads\/2024\/03\/CREDENCIAL-714x1024.jpg 714w, https:\/\/raicesandaluzas.com\/revista\/wp-content\/uploads\/2024\/03\/CREDENCIAL-209x300.jpg 209w, https:\/\/raicesandaluzas.com\/revista\/wp-content\/uploads\/2024\/03\/CREDENCIAL-768x1101.jpg 768w, https:\/\/raicesandaluzas.com\/revista\/wp-content\/uploads\/2024\/03\/CREDENCIAL-1071x1536.jpg 1071w, https:\/\/raicesandaluzas.com\/revista\/wp-content\/uploads\/2024\/03\/CREDENCIAL-1428x2048.jpg 1428w, https:\/\/raicesandaluzas.com\/revista\/wp-content\/uploads\/2024\/03\/CREDENCIAL-696x998.jpg 696w, https:\/\/raicesandaluzas.com\/revista\/wp-content\/uploads\/2024\/03\/CREDENCIAL-1068x1532.jpg 1068w, https:\/\/raicesandaluzas.com\/revista\/wp-content\/uploads\/2024\/03\/CREDENCIAL-1920x2754.jpg 1920w, https:\/\/raicesandaluzas.com\/revista\/wp-content\/uploads\/2024\/03\/CREDENCIAL-293x420.jpg 293w, https:\/\/raicesandaluzas.com\/revista\/wp-content\/uploads\/2024\/03\/CREDENCIAL-scaled.jpg 1785w\" sizes=\"auto, (max-width: 714px) 100vw, 714px\" \/><\/figure><\/a><\/div>\n","protected":false},"excerpt":{"rendered":"<p>S. M. el Rey Felipe VI ha aceptado ser Hermano de Honor de la Hermandad y Cofrad\u00eda de Nuestra Se\u00f1ora de las Angustias de Barcelona, seg\u00fan la respuesta remitida por la Casa Real a la cofrad\u00eda el pasado 15 de marzo. Con motivo de los actos conmemorativos del XXXV aniversario de la fundaci\u00f3n de la [&hellip;]<\/p>\n","protected":false},"author":2,"featured_media":1642,"comment_status":"open","ping_status":"open","sticky":false,"template":"","format":"standard","meta":{"footnotes":""},"categories":[19],"tags":[],"class_list":{"0":"post-1640","1":"post","2":"type-post","3":"status-publish","4":"format-standard","5":"has-post-thumbnail","7":"category-actualidad"},"_links":{"self":[{"href":"https:\/\/raicesandaluzas.com\/revista\/wp-json\/wp\/v2\/posts\/1640","targetHints":{"allow":["GET"]}}],"collection":[{"href":"https:\/\/raicesandaluzas.com\/revista\/wp-json\/wp\/v2\/posts"}],"about":[{"href":"https:\/\/raicesandaluzas.com\/revista\/wp-json\/wp\/v2\/types\/post"}],"author":[{"embeddable":true,"href":"https:\/\/raicesandaluzas.com\/revista\/wp-json\/wp\/v2\/users\/2"}],"replies":[{"embeddable":true,"href":"https:\/\/raicesandaluzas.com\/revista\/wp-json\/wp\/v2\/comments?post=1640"}],"version-history":[{"count":1,"href":"https:\/\/raicesandaluzas.com\/revista\/wp-json\/wp\/v2\/posts\/1640\/revisions"}],"predecessor-version":[{"id":1643,"href":"https:\/\/raicesandaluzas.com\/revista\/wp-json\/wp\/v2\/posts\/1640\/revisions\/1643"}],"wp:featuredmedia":[{"embeddable":true,"href":"https:\/\/raicesandaluzas.com\/revista\/wp-json\/wp\/v2\/media\/1642"}],"wp:attachment":[{"href":"https:\/\/raicesandaluzas.com\/revista\/wp-json\/wp\/v2\/media?parent=1640"}],"wp:term":[{"taxonomy":"category","embeddable":true,"href":"https:\/\/raicesandaluzas.com\/revista\/wp-json\/wp\/v2\/categories?post=1640"},{"taxonomy":"post_tag","embeddable":true,"href":"https:\/\/raicesandaluzas.com\/revista\/wp-json\/wp\/v2\/tags?post=1640"}],"curies":[{"name":"wp","href":"https:\/\/api.w.org\/{rel}","templated":true}]}}