{"id":1629,"date":"2024-03-19T12:12:42","date_gmt":"2024-03-19T12:12:42","guid":{"rendered":"https:\/\/raicesandaluzas.com\/revista\/?p=1629"},"modified":"2024-03-19T12:57:54","modified_gmt":"2024-03-19T12:57:54","slug":"el-festival-flamenc-on-vuelve-a-cumplir-con-las-expectativas","status":"publish","type":"post","link":"https:\/\/raicesandaluzas.com\/revista\/2024\/03\/19\/el-festival-flamenc-on-vuelve-a-cumplir-con-las-expectativas\/","title":{"rendered":"El Festival Flamenc-On vuelve a cumplir con las expectativas"},"content":{"rendered":"\n<p>La Fundaci\u00f3n Manolo Sanl\u00facar Aura Seguros organiz\u00f3 los meses de febrero y marzo en Santa Coloma de Gramenet una nueva edici\u00f3n del Festival Flamenc-On con el objetivo marcado de preservar y difundir el flamenco como arte y forma de expresi\u00f3n y sentimiento. Como en las pasadas ediciones, los actos y espect\u00e1culos estuvieron destinados a un amplio abanico de p\u00fablico. As\u00ed, el primer acto programado fue el espect\u00e1culo juvenil \u00abA dos cuerdas de ti\u00bb, musical escrito por Jaime Calvet bajo la direcci\u00f3n musical de Paco Garfia y la interpretaci\u00f3n de Luc\u00eda Garf\u00eda y Gracia Fern\u00e1ndez sobre la relaci\u00f3n de una adolescente y su madre. Destaca tambi\u00e9n el concierto de despedida del guitarrista Ni\u00f1o de Pura, que cont\u00f3 con la colaboraci\u00f3n de los bailaores Pastora Galv\u00e1n y Manuel Franco. Otro bailaor, el joven Alejandro Cabrera y su compa\u00f1\u00eda, formado en el Institut del Teatre, fueron los encargados de traer al Teatre Segarra el espect\u00e1culo \u00abDonde nace una vida\u00bb, una obra llena de sentimiento flamenco.  <\/p>\n\n\n\n<figure class=\"wp-block-gallery has-nested-images columns-default is-cropped wp-block-gallery-1 is-layout-flex wp-block-gallery-is-layout-flex\">\n<figure class=\"wp-block-image size-large\"><a href=\"https:\/\/raicesandaluzas.com\/revista\/wp-content\/uploads\/2024\/03\/06_juergaconsolera.jpg\"><img loading=\"lazy\" decoding=\"async\" width=\"1024\" height=\"683\" data-id=\"1628\" src=\"https:\/\/raicesandaluzas.com\/revista\/wp-content\/uploads\/2024\/03\/06_juergaconsolera-1024x683.jpg\" alt=\"\" class=\"wp-image-1628\" srcset=\"https:\/\/raicesandaluzas.com\/revista\/wp-content\/uploads\/2024\/03\/06_juergaconsolera-1024x683.jpg 1024w, https:\/\/raicesandaluzas.com\/revista\/wp-content\/uploads\/2024\/03\/06_juergaconsolera-300x200.jpg 300w, https:\/\/raicesandaluzas.com\/revista\/wp-content\/uploads\/2024\/03\/06_juergaconsolera-768x512.jpg 768w, https:\/\/raicesandaluzas.com\/revista\/wp-content\/uploads\/2024\/03\/06_juergaconsolera-696x464.jpg 696w, https:\/\/raicesandaluzas.com\/revista\/wp-content\/uploads\/2024\/03\/06_juergaconsolera-1068x712.jpg 1068w, https:\/\/raicesandaluzas.com\/revista\/wp-content\/uploads\/2024\/03\/06_juergaconsolera-630x420.jpg 630w, https:\/\/raicesandaluzas.com\/revista\/wp-content\/uploads\/2024\/03\/06_juergaconsolera.jpg 1200w\" sizes=\"auto, (max-width: 1024px) 100vw, 1024px\" \/><\/a><figcaption class=\"wp-element-caption\">Fotograf\u00edas: Manuel Arce<\/figcaption><\/figure>\n\n\n\n<figure class=\"wp-block-image size-large\"><a href=\"https:\/\/raicesandaluzas.com\/revista\/wp-content\/uploads\/2024\/03\/07_juergaconsolera.jpg\"><img loading=\"lazy\" decoding=\"async\" width=\"1024\" height=\"504\" data-id=\"1627\" src=\"https:\/\/raicesandaluzas.com\/revista\/wp-content\/uploads\/2024\/03\/07_juergaconsolera-1024x504.jpg\" alt=\"\" class=\"wp-image-1627\" srcset=\"https:\/\/raicesandaluzas.com\/revista\/wp-content\/uploads\/2024\/03\/07_juergaconsolera-1024x504.jpg 1024w, https:\/\/raicesandaluzas.com\/revista\/wp-content\/uploads\/2024\/03\/07_juergaconsolera-300x148.jpg 300w, https:\/\/raicesandaluzas.com\/revista\/wp-content\/uploads\/2024\/03\/07_juergaconsolera-768x378.jpg 768w, https:\/\/raicesandaluzas.com\/revista\/wp-content\/uploads\/2024\/03\/07_juergaconsolera-696x343.jpg 696w, https:\/\/raicesandaluzas.com\/revista\/wp-content\/uploads\/2024\/03\/07_juergaconsolera-1068x526.jpg 1068w, https:\/\/raicesandaluzas.com\/revista\/wp-content\/uploads\/2024\/03\/07_juergaconsolera-853x420.jpg 853w, https:\/\/raicesandaluzas.com\/revista\/wp-content\/uploads\/2024\/03\/07_juergaconsolera-324x160.jpg 324w, https:\/\/raicesandaluzas.com\/revista\/wp-content\/uploads\/2024\/03\/07_juergaconsolera-533x261.jpg 533w, https:\/\/raicesandaluzas.com\/revista\/wp-content\/uploads\/2024\/03\/07_juergaconsolera.jpg 1200w\" sizes=\"auto, (max-width: 1024px) 100vw, 1024px\" \/><\/a><\/figure>\n\n\n\n<figure class=\"wp-block-image size-large\"><a href=\"https:\/\/raicesandaluzas.com\/revista\/wp-content\/uploads\/2024\/03\/08_musicapalabra.jpg\"><img loading=\"lazy\" decoding=\"async\" width=\"1024\" height=\"683\" data-id=\"1626\" src=\"https:\/\/raicesandaluzas.com\/revista\/wp-content\/uploads\/2024\/03\/08_musicapalabra-1024x683.jpg\" alt=\"\" class=\"wp-image-1626\" srcset=\"https:\/\/raicesandaluzas.com\/revista\/wp-content\/uploads\/2024\/03\/08_musicapalabra-1024x683.jpg 1024w, https:\/\/raicesandaluzas.com\/revista\/wp-content\/uploads\/2024\/03\/08_musicapalabra-300x200.jpg 300w, https:\/\/raicesandaluzas.com\/revista\/wp-content\/uploads\/2024\/03\/08_musicapalabra-768x512.jpg 768w, https:\/\/raicesandaluzas.com\/revista\/wp-content\/uploads\/2024\/03\/08_musicapalabra-696x464.jpg 696w, https:\/\/raicesandaluzas.com\/revista\/wp-content\/uploads\/2024\/03\/08_musicapalabra-1068x712.jpg 1068w, https:\/\/raicesandaluzas.com\/revista\/wp-content\/uploads\/2024\/03\/08_musicapalabra-630x420.jpg 630w, https:\/\/raicesandaluzas.com\/revista\/wp-content\/uploads\/2024\/03\/08_musicapalabra.jpg 1200w\" sizes=\"auto, (max-width: 1024px) 100vw, 1024px\" \/><\/a><\/figure>\n\n\n\n<figure class=\"wp-block-image size-large\"><a href=\"https:\/\/raicesandaluzas.com\/revista\/wp-content\/uploads\/2024\/03\/10_musicapalabra.jpg\"><img loading=\"lazy\" decoding=\"async\" width=\"1024\" height=\"683\" data-id=\"1624\" src=\"https:\/\/raicesandaluzas.com\/revista\/wp-content\/uploads\/2024\/03\/10_musicapalabra-1024x683.jpg\" alt=\"\" class=\"wp-image-1624\" srcset=\"https:\/\/raicesandaluzas.com\/revista\/wp-content\/uploads\/2024\/03\/10_musicapalabra-1024x683.jpg 1024w, https:\/\/raicesandaluzas.com\/revista\/wp-content\/uploads\/2024\/03\/10_musicapalabra-300x200.jpg 300w, https:\/\/raicesandaluzas.com\/revista\/wp-content\/uploads\/2024\/03\/10_musicapalabra-768x512.jpg 768w, https:\/\/raicesandaluzas.com\/revista\/wp-content\/uploads\/2024\/03\/10_musicapalabra-696x464.jpg 696w, https:\/\/raicesandaluzas.com\/revista\/wp-content\/uploads\/2024\/03\/10_musicapalabra-1068x712.jpg 1068w, https:\/\/raicesandaluzas.com\/revista\/wp-content\/uploads\/2024\/03\/10_musicapalabra-630x420.jpg 630w, https:\/\/raicesandaluzas.com\/revista\/wp-content\/uploads\/2024\/03\/10_musicapalabra.jpg 1200w\" sizes=\"auto, (max-width: 1024px) 100vw, 1024px\" \/><\/a><\/figure>\n\n\n\n<figure class=\"wp-block-image size-large\"><a href=\"https:\/\/raicesandaluzas.com\/revista\/wp-content\/uploads\/2024\/03\/11_musicapalabra.jpg\"><img loading=\"lazy\" decoding=\"async\" width=\"1024\" height=\"683\" data-id=\"1623\" src=\"https:\/\/raicesandaluzas.com\/revista\/wp-content\/uploads\/2024\/03\/11_musicapalabra-1024x683.jpg\" alt=\"\" class=\"wp-image-1623\" srcset=\"https:\/\/raicesandaluzas.com\/revista\/wp-content\/uploads\/2024\/03\/11_musicapalabra-1024x683.jpg 1024w, https:\/\/raicesandaluzas.com\/revista\/wp-content\/uploads\/2024\/03\/11_musicapalabra-300x200.jpg 300w, https:\/\/raicesandaluzas.com\/revista\/wp-content\/uploads\/2024\/03\/11_musicapalabra-768x512.jpg 768w, https:\/\/raicesandaluzas.com\/revista\/wp-content\/uploads\/2024\/03\/11_musicapalabra-696x464.jpg 696w, https:\/\/raicesandaluzas.com\/revista\/wp-content\/uploads\/2024\/03\/11_musicapalabra-1068x712.jpg 1068w, https:\/\/raicesandaluzas.com\/revista\/wp-content\/uploads\/2024\/03\/11_musicapalabra-630x420.jpg 630w, https:\/\/raicesandaluzas.com\/revista\/wp-content\/uploads\/2024\/03\/11_musicapalabra.jpg 1200w\" sizes=\"auto, (max-width: 1024px) 100vw, 1024px\" \/><\/a><\/figure>\n\n\n\n<figure class=\"wp-block-image size-large\"><a href=\"https:\/\/raicesandaluzas.com\/revista\/wp-content\/uploads\/2024\/03\/12_ninopura.jpg\"><img loading=\"lazy\" decoding=\"async\" width=\"731\" height=\"1024\" data-id=\"1622\" src=\"https:\/\/raicesandaluzas.com\/revista\/wp-content\/uploads\/2024\/03\/12_ninopura-731x1024.jpg\" alt=\"\" class=\"wp-image-1622\" srcset=\"https:\/\/raicesandaluzas.com\/revista\/wp-content\/uploads\/2024\/03\/12_ninopura-731x1024.jpg 731w, https:\/\/raicesandaluzas.com\/revista\/wp-content\/uploads\/2024\/03\/12_ninopura-214x300.jpg 214w, https:\/\/raicesandaluzas.com\/revista\/wp-content\/uploads\/2024\/03\/12_ninopura-768x1075.jpg 768w, https:\/\/raicesandaluzas.com\/revista\/wp-content\/uploads\/2024\/03\/12_ninopura-696x975.jpg 696w, https:\/\/raicesandaluzas.com\/revista\/wp-content\/uploads\/2024\/03\/12_ninopura-300x420.jpg 300w, https:\/\/raicesandaluzas.com\/revista\/wp-content\/uploads\/2024\/03\/12_ninopura.jpg 857w\" sizes=\"auto, (max-width: 731px) 100vw, 731px\" \/><\/a><\/figure>\n\n\n\n<figure class=\"wp-block-image size-large\"><a href=\"https:\/\/raicesandaluzas.com\/revista\/wp-content\/uploads\/2024\/03\/13_ninopura.jpg\"><img loading=\"lazy\" decoding=\"async\" width=\"1024\" height=\"683\" data-id=\"1621\" src=\"https:\/\/raicesandaluzas.com\/revista\/wp-content\/uploads\/2024\/03\/13_ninopura-1024x683.jpg\" alt=\"\" class=\"wp-image-1621\" srcset=\"https:\/\/raicesandaluzas.com\/revista\/wp-content\/uploads\/2024\/03\/13_ninopura-1024x683.jpg 1024w, https:\/\/raicesandaluzas.com\/revista\/wp-content\/uploads\/2024\/03\/13_ninopura-300x200.jpg 300w, https:\/\/raicesandaluzas.com\/revista\/wp-content\/uploads\/2024\/03\/13_ninopura-768x512.jpg 768w, https:\/\/raicesandaluzas.com\/revista\/wp-content\/uploads\/2024\/03\/13_ninopura-696x464.jpg 696w, https:\/\/raicesandaluzas.com\/revista\/wp-content\/uploads\/2024\/03\/13_ninopura-1068x712.jpg 1068w, https:\/\/raicesandaluzas.com\/revista\/wp-content\/uploads\/2024\/03\/13_ninopura-630x420.jpg 630w, https:\/\/raicesandaluzas.com\/revista\/wp-content\/uploads\/2024\/03\/13_ninopura.jpg 1200w\" sizes=\"auto, (max-width: 1024px) 100vw, 1024px\" \/><\/a><\/figure>\n\n\n\n<figure class=\"wp-block-image size-large\"><a href=\"https:\/\/raicesandaluzas.com\/revista\/wp-content\/uploads\/2024\/03\/14_ninopura.jpg\"><img loading=\"lazy\" decoding=\"async\" width=\"1024\" height=\"683\" data-id=\"1620\" src=\"https:\/\/raicesandaluzas.com\/revista\/wp-content\/uploads\/2024\/03\/14_ninopura-1024x683.jpg\" alt=\"\" class=\"wp-image-1620\" srcset=\"https:\/\/raicesandaluzas.com\/revista\/wp-content\/uploads\/2024\/03\/14_ninopura-1024x683.jpg 1024w, https:\/\/raicesandaluzas.com\/revista\/wp-content\/uploads\/2024\/03\/14_ninopura-300x200.jpg 300w, https:\/\/raicesandaluzas.com\/revista\/wp-content\/uploads\/2024\/03\/14_ninopura-768x512.jpg 768w, https:\/\/raicesandaluzas.com\/revista\/wp-content\/uploads\/2024\/03\/14_ninopura-696x464.jpg 696w, https:\/\/raicesandaluzas.com\/revista\/wp-content\/uploads\/2024\/03\/14_ninopura-1068x712.jpg 1068w, https:\/\/raicesandaluzas.com\/revista\/wp-content\/uploads\/2024\/03\/14_ninopura-630x420.jpg 630w, https:\/\/raicesandaluzas.com\/revista\/wp-content\/uploads\/2024\/03\/14_ninopura.jpg 1200w\" sizes=\"auto, (max-width: 1024px) 100vw, 1024px\" \/><\/a><\/figure>\n\n\n\n<figure class=\"wp-block-image size-large\"><a href=\"https:\/\/raicesandaluzas.com\/revista\/wp-content\/uploads\/2024\/03\/15_ninopura.jpg\"><img loading=\"lazy\" decoding=\"async\" width=\"1024\" height=\"683\" data-id=\"1619\" src=\"https:\/\/raicesandaluzas.com\/revista\/wp-content\/uploads\/2024\/03\/15_ninopura-1024x683.jpg\" alt=\"\" class=\"wp-image-1619\" srcset=\"https:\/\/raicesandaluzas.com\/revista\/wp-content\/uploads\/2024\/03\/15_ninopura-1024x683.jpg 1024w, https:\/\/raicesandaluzas.com\/revista\/wp-content\/uploads\/2024\/03\/15_ninopura-300x200.jpg 300w, https:\/\/raicesandaluzas.com\/revista\/wp-content\/uploads\/2024\/03\/15_ninopura-768x512.jpg 768w, https:\/\/raicesandaluzas.com\/revista\/wp-content\/uploads\/2024\/03\/15_ninopura-696x464.jpg 696w, https:\/\/raicesandaluzas.com\/revista\/wp-content\/uploads\/2024\/03\/15_ninopura-1068x712.jpg 1068w, https:\/\/raicesandaluzas.com\/revista\/wp-content\/uploads\/2024\/03\/15_ninopura-630x420.jpg 630w, https:\/\/raicesandaluzas.com\/revista\/wp-content\/uploads\/2024\/03\/15_ninopura.jpg 1200w\" sizes=\"auto, (max-width: 1024px) 100vw, 1024px\" \/><\/a><\/figure>\n\n\n\n<figure class=\"wp-block-image size-large\"><a href=\"https:\/\/raicesandaluzas.com\/revista\/wp-content\/uploads\/2024\/03\/15_pallapaca.jpg\"><img loading=\"lazy\" decoding=\"async\" width=\"1024\" height=\"683\" data-id=\"1618\" src=\"https:\/\/raicesandaluzas.com\/revista\/wp-content\/uploads\/2024\/03\/15_pallapaca-1024x683.jpg\" alt=\"\" class=\"wp-image-1618\" srcset=\"https:\/\/raicesandaluzas.com\/revista\/wp-content\/uploads\/2024\/03\/15_pallapaca-1024x683.jpg 1024w, https:\/\/raicesandaluzas.com\/revista\/wp-content\/uploads\/2024\/03\/15_pallapaca-300x200.jpg 300w, https:\/\/raicesandaluzas.com\/revista\/wp-content\/uploads\/2024\/03\/15_pallapaca-768x512.jpg 768w, https:\/\/raicesandaluzas.com\/revista\/wp-content\/uploads\/2024\/03\/15_pallapaca-696x464.jpg 696w, https:\/\/raicesandaluzas.com\/revista\/wp-content\/uploads\/2024\/03\/15_pallapaca-1068x712.jpg 1068w, https:\/\/raicesandaluzas.com\/revista\/wp-content\/uploads\/2024\/03\/15_pallapaca-630x420.jpg 630w, https:\/\/raicesandaluzas.com\/revista\/wp-content\/uploads\/2024\/03\/15_pallapaca.jpg 1200w\" sizes=\"auto, (max-width: 1024px) 100vw, 1024px\" \/><\/a><\/figure>\n\n\n\n<figure class=\"wp-block-image size-large\"><a href=\"https:\/\/raicesandaluzas.com\/revista\/wp-content\/uploads\/2024\/03\/16_pallapaca.jpg\"><img loading=\"lazy\" decoding=\"async\" width=\"1024\" height=\"683\" data-id=\"1617\" src=\"https:\/\/raicesandaluzas.com\/revista\/wp-content\/uploads\/2024\/03\/16_pallapaca-1024x683.jpg\" alt=\"\" class=\"wp-image-1617\" srcset=\"https:\/\/raicesandaluzas.com\/revista\/wp-content\/uploads\/2024\/03\/16_pallapaca-1024x683.jpg 1024w, https:\/\/raicesandaluzas.com\/revista\/wp-content\/uploads\/2024\/03\/16_pallapaca-300x200.jpg 300w, https:\/\/raicesandaluzas.com\/revista\/wp-content\/uploads\/2024\/03\/16_pallapaca-768x512.jpg 768w, https:\/\/raicesandaluzas.com\/revista\/wp-content\/uploads\/2024\/03\/16_pallapaca-696x464.jpg 696w, https:\/\/raicesandaluzas.com\/revista\/wp-content\/uploads\/2024\/03\/16_pallapaca-1068x712.jpg 1068w, https:\/\/raicesandaluzas.com\/revista\/wp-content\/uploads\/2024\/03\/16_pallapaca-630x420.jpg 630w, https:\/\/raicesandaluzas.com\/revista\/wp-content\/uploads\/2024\/03\/16_pallapaca.jpg 1200w\" sizes=\"auto, (max-width: 1024px) 100vw, 1024px\" \/><\/a><\/figure>\n\n\n\n<figure class=\"wp-block-image size-large\"><a href=\"https:\/\/raicesandaluzas.com\/revista\/wp-content\/uploads\/2024\/03\/21_museosanlucar.jpg\"><img loading=\"lazy\" decoding=\"async\" width=\"1024\" height=\"683\" data-id=\"1612\" src=\"https:\/\/raicesandaluzas.com\/revista\/wp-content\/uploads\/2024\/03\/21_museosanlucar-1024x683.jpg\" alt=\"\" class=\"wp-image-1612\" srcset=\"https:\/\/raicesandaluzas.com\/revista\/wp-content\/uploads\/2024\/03\/21_museosanlucar-1024x683.jpg 1024w, https:\/\/raicesandaluzas.com\/revista\/wp-content\/uploads\/2024\/03\/21_museosanlucar-300x200.jpg 300w, https:\/\/raicesandaluzas.com\/revista\/wp-content\/uploads\/2024\/03\/21_museosanlucar-768x512.jpg 768w, https:\/\/raicesandaluzas.com\/revista\/wp-content\/uploads\/2024\/03\/21_museosanlucar-696x464.jpg 696w, https:\/\/raicesandaluzas.com\/revista\/wp-content\/uploads\/2024\/03\/21_museosanlucar-1068x712.jpg 1068w, https:\/\/raicesandaluzas.com\/revista\/wp-content\/uploads\/2024\/03\/21_museosanlucar-630x420.jpg 630w, https:\/\/raicesandaluzas.com\/revista\/wp-content\/uploads\/2024\/03\/21_museosanlucar.jpg 1200w\" sizes=\"auto, (max-width: 1024px) 100vw, 1024px\" \/><\/a><\/figure>\n\n\n\n<figure class=\"wp-block-image size-large\"><a href=\"https:\/\/raicesandaluzas.com\/revista\/wp-content\/uploads\/2024\/03\/20_museosanlucar.jpg\"><img loading=\"lazy\" decoding=\"async\" width=\"1024\" height=\"470\" data-id=\"1613\" src=\"https:\/\/raicesandaluzas.com\/revista\/wp-content\/uploads\/2024\/03\/20_museosanlucar-1024x470.jpg\" alt=\"\" class=\"wp-image-1613\" srcset=\"https:\/\/raicesandaluzas.com\/revista\/wp-content\/uploads\/2024\/03\/20_museosanlucar-1024x470.jpg 1024w, https:\/\/raicesandaluzas.com\/revista\/wp-content\/uploads\/2024\/03\/20_museosanlucar-300x138.jpg 300w, https:\/\/raicesandaluzas.com\/revista\/wp-content\/uploads\/2024\/03\/20_museosanlucar-768x353.jpg 768w, https:\/\/raicesandaluzas.com\/revista\/wp-content\/uploads\/2024\/03\/20_museosanlucar-696x320.jpg 696w, https:\/\/raicesandaluzas.com\/revista\/wp-content\/uploads\/2024\/03\/20_museosanlucar-1068x490.jpg 1068w, https:\/\/raicesandaluzas.com\/revista\/wp-content\/uploads\/2024\/03\/20_museosanlucar-915x420.jpg 915w, https:\/\/raicesandaluzas.com\/revista\/wp-content\/uploads\/2024\/03\/20_museosanlucar.jpg 1200w\" sizes=\"auto, (max-width: 1024px) 100vw, 1024px\" \/><\/a><\/figure>\n\n\n\n<figure class=\"wp-block-image size-large\"><a href=\"https:\/\/raicesandaluzas.com\/revista\/wp-content\/uploads\/2024\/03\/19_museosanlucar.jpg\"><img loading=\"lazy\" decoding=\"async\" width=\"1024\" height=\"683\" data-id=\"1614\" src=\"https:\/\/raicesandaluzas.com\/revista\/wp-content\/uploads\/2024\/03\/19_museosanlucar-1024x683.jpg\" alt=\"\" class=\"wp-image-1614\" srcset=\"https:\/\/raicesandaluzas.com\/revista\/wp-content\/uploads\/2024\/03\/19_museosanlucar-1024x683.jpg 1024w, https:\/\/raicesandaluzas.com\/revista\/wp-content\/uploads\/2024\/03\/19_museosanlucar-300x200.jpg 300w, https:\/\/raicesandaluzas.com\/revista\/wp-content\/uploads\/2024\/03\/19_museosanlucar-768x512.jpg 768w, https:\/\/raicesandaluzas.com\/revista\/wp-content\/uploads\/2024\/03\/19_museosanlucar-696x464.jpg 696w, https:\/\/raicesandaluzas.com\/revista\/wp-content\/uploads\/2024\/03\/19_museosanlucar-1068x712.jpg 1068w, https:\/\/raicesandaluzas.com\/revista\/wp-content\/uploads\/2024\/03\/19_museosanlucar-630x420.jpg 630w, https:\/\/raicesandaluzas.com\/revista\/wp-content\/uploads\/2024\/03\/19_museosanlucar.jpg 1200w\" sizes=\"auto, (max-width: 1024px) 100vw, 1024px\" \/><\/a><\/figure>\n\n\n\n<figure class=\"wp-block-image size-large\"><a href=\"https:\/\/raicesandaluzas.com\/revista\/wp-content\/uploads\/2024\/03\/18_pallapaca.jpg\"><img loading=\"lazy\" decoding=\"async\" width=\"1024\" height=\"683\" data-id=\"1615\" src=\"https:\/\/raicesandaluzas.com\/revista\/wp-content\/uploads\/2024\/03\/18_pallapaca-1024x683.jpg\" alt=\"\" class=\"wp-image-1615\" srcset=\"https:\/\/raicesandaluzas.com\/revista\/wp-content\/uploads\/2024\/03\/18_pallapaca-1024x683.jpg 1024w, https:\/\/raicesandaluzas.com\/revista\/wp-content\/uploads\/2024\/03\/18_pallapaca-300x200.jpg 300w, https:\/\/raicesandaluzas.com\/revista\/wp-content\/uploads\/2024\/03\/18_pallapaca-768x512.jpg 768w, https:\/\/raicesandaluzas.com\/revista\/wp-content\/uploads\/2024\/03\/18_pallapaca-696x464.jpg 696w, https:\/\/raicesandaluzas.com\/revista\/wp-content\/uploads\/2024\/03\/18_pallapaca-1068x712.jpg 1068w, https:\/\/raicesandaluzas.com\/revista\/wp-content\/uploads\/2024\/03\/18_pallapaca-630x420.jpg 630w, https:\/\/raicesandaluzas.com\/revista\/wp-content\/uploads\/2024\/03\/18_pallapaca.jpg 1200w\" sizes=\"auto, (max-width: 1024px) 100vw, 1024px\" \/><\/a><\/figure>\n\n\n\n<figure class=\"wp-block-image size-large\"><a href=\"https:\/\/raicesandaluzas.com\/revista\/wp-content\/uploads\/2024\/03\/09_musicapalabra.jpg\"><img loading=\"lazy\" decoding=\"async\" width=\"1024\" height=\"683\" data-id=\"1625\" src=\"https:\/\/raicesandaluzas.com\/revista\/wp-content\/uploads\/2024\/03\/09_musicapalabra-1024x683.jpg\" alt=\"\" class=\"wp-image-1625\" srcset=\"https:\/\/raicesandaluzas.com\/revista\/wp-content\/uploads\/2024\/03\/09_musicapalabra-1024x683.jpg 1024w, https:\/\/raicesandaluzas.com\/revista\/wp-content\/uploads\/2024\/03\/09_musicapalabra-300x200.jpg 300w, https:\/\/raicesandaluzas.com\/revista\/wp-content\/uploads\/2024\/03\/09_musicapalabra-768x512.jpg 768w, https:\/\/raicesandaluzas.com\/revista\/wp-content\/uploads\/2024\/03\/09_musicapalabra-696x464.jpg 696w, https:\/\/raicesandaluzas.com\/revista\/wp-content\/uploads\/2024\/03\/09_musicapalabra-1068x712.jpg 1068w, https:\/\/raicesandaluzas.com\/revista\/wp-content\/uploads\/2024\/03\/09_musicapalabra-630x420.jpg 630w, https:\/\/raicesandaluzas.com\/revista\/wp-content\/uploads\/2024\/03\/09_musicapalabra.jpg 1200w\" sizes=\"auto, (max-width: 1024px) 100vw, 1024px\" \/><\/a><\/figure>\n\n\n\n<figure class=\"wp-block-image size-large\"><a href=\"https:\/\/raicesandaluzas.com\/revista\/wp-content\/uploads\/2024\/03\/17_pallapaca.jpg\"><img loading=\"lazy\" decoding=\"async\" width=\"1024\" height=\"683\" data-id=\"1616\" src=\"https:\/\/raicesandaluzas.com\/revista\/wp-content\/uploads\/2024\/03\/17_pallapaca-1024x683.jpg\" alt=\"\" class=\"wp-image-1616\" srcset=\"https:\/\/raicesandaluzas.com\/revista\/wp-content\/uploads\/2024\/03\/17_pallapaca-1024x683.jpg 1024w, https:\/\/raicesandaluzas.com\/revista\/wp-content\/uploads\/2024\/03\/17_pallapaca-300x200.jpg 300w, https:\/\/raicesandaluzas.com\/revista\/wp-content\/uploads\/2024\/03\/17_pallapaca-768x512.jpg 768w, https:\/\/raicesandaluzas.com\/revista\/wp-content\/uploads\/2024\/03\/17_pallapaca-696x464.jpg 696w, https:\/\/raicesandaluzas.com\/revista\/wp-content\/uploads\/2024\/03\/17_pallapaca-1068x712.jpg 1068w, https:\/\/raicesandaluzas.com\/revista\/wp-content\/uploads\/2024\/03\/17_pallapaca-630x420.jpg 630w, https:\/\/raicesandaluzas.com\/revista\/wp-content\/uploads\/2024\/03\/17_pallapaca.jpg 1200w\" sizes=\"auto, (max-width: 1024px) 100vw, 1024px\" \/><\/a><\/figure>\n<\/figure>\n\n\n\n<p>Las mujeres fueron las protagonistas de la \u00abJuerga con solera\u00bb, que en este 8 de mazo estuvo protagonizado \u00edntegramente por mujeres: Mercedes Luj\u00e1n a la guitarra, el cante de Mar\u00eda del Tango, Sandra Zarzana, Antonia Nogaredo, Anabel Rivera, Laura Marchal, Teresa Fern\u00e1ndez, Naike Ponce y el baile de Violeta Barrio.\u00a0Al d\u00eda siguiente, la lluvia hizo cancelar el acto al aire libre que lleva el flamenco a diversos puntos de Santa Coloma. Algunos de los artistas, como El Perrete, Lourdes Alc\u00e1ntara, Toni Abell\u00e1n o Ra\u00fal Levia pudieron demostrar su arte en la Torre Balldovina unos d\u00edas despu\u00e9s. La Fundaci\u00f3n Manolo Sanl\u00facar present\u00f3 sus dos l\u00edneas de trabajo m\u00e1s destacadas en el momento como son el Museo dedicado al maestro y el Instituto Internacional de Guitarra Flamenca Manolo Sanl\u00facar, que est\u00e1 dirigido por el guitarrista Juan Carlos Romero. El acto final estuvo a la altura de todo el festival con el espect\u00e1culo \u00abLa m\u00fasica y la palabra\u00bb dedicado a Manolo Sanl\u00facar y que cont\u00f3 con las actuaciones de Carmen Linares, Marina Heredia, Tino di Geraldo, Juan Carlos Romero y el actor Antonio Dechent, entre otros.    <\/p>\n","protected":false},"excerpt":{"rendered":"<p>La Fundaci\u00f3n Manolo Sanl\u00facar Aura Seguros organiz\u00f3 los meses de febrero y marzo en Santa Coloma de Gramenet una nueva edici\u00f3n del Festival Flamenc-On con el objetivo marcado de preservar y difundir el flamenco como arte y forma de expresi\u00f3n y sentimiento. Como en las pasadas ediciones, los actos y espect\u00e1culos estuvieron destinados a un [&hellip;]<\/p>\n","protected":false},"author":1,"featured_media":1611,"comment_status":"open","ping_status":"open","sticky":false,"template":"","format":"standard","meta":{"footnotes":""},"categories":[19,22],"tags":[],"class_list":{"0":"post-1629","1":"post","2":"type-post","3":"status-publish","4":"format-standard","5":"has-post-thumbnail","7":"category-actualidad","8":"category-flamenco"},"_links":{"self":[{"href":"https:\/\/raicesandaluzas.com\/revista\/wp-json\/wp\/v2\/posts\/1629","targetHints":{"allow":["GET"]}}],"collection":[{"href":"https:\/\/raicesandaluzas.com\/revista\/wp-json\/wp\/v2\/posts"}],"about":[{"href":"https:\/\/raicesandaluzas.com\/revista\/wp-json\/wp\/v2\/types\/post"}],"author":[{"embeddable":true,"href":"https:\/\/raicesandaluzas.com\/revista\/wp-json\/wp\/v2\/users\/1"}],"replies":[{"embeddable":true,"href":"https:\/\/raicesandaluzas.com\/revista\/wp-json\/wp\/v2\/comments?post=1629"}],"version-history":[{"count":5,"href":"https:\/\/raicesandaluzas.com\/revista\/wp-json\/wp\/v2\/posts\/1629\/revisions"}],"predecessor-version":[{"id":1634,"href":"https:\/\/raicesandaluzas.com\/revista\/wp-json\/wp\/v2\/posts\/1629\/revisions\/1634"}],"wp:featuredmedia":[{"embeddable":true,"href":"https:\/\/raicesandaluzas.com\/revista\/wp-json\/wp\/v2\/media\/1611"}],"wp:attachment":[{"href":"https:\/\/raicesandaluzas.com\/revista\/wp-json\/wp\/v2\/media?parent=1629"}],"wp:term":[{"taxonomy":"category","embeddable":true,"href":"https:\/\/raicesandaluzas.com\/revista\/wp-json\/wp\/v2\/categories?post=1629"},{"taxonomy":"post_tag","embeddable":true,"href":"https:\/\/raicesandaluzas.com\/revista\/wp-json\/wp\/v2\/tags?post=1629"}],"curies":[{"name":"wp","href":"https:\/\/api.w.org\/{rel}","templated":true}]}}