{"id":1597,"date":"2024-03-07T12:49:14","date_gmt":"2024-03-07T12:49:14","guid":{"rendered":"https:\/\/raicesandaluzas.com\/revista\/?p=1597"},"modified":"2024-03-07T12:49:15","modified_gmt":"2024-03-07T12:49:15","slug":"el-sol-sale-al-ritmo-de-andalucia-en-sant-boi-con-la-casade-sevilla","status":"publish","type":"post","link":"https:\/\/raicesandaluzas.com\/revista\/2024\/03\/07\/el-sol-sale-al-ritmo-de-andalucia-en-sant-boi-con-la-casade-sevilla\/","title":{"rendered":"El sol sale al ritmo de Andaluc\u00eda en Sant Boi con la Casade Sevilla"},"content":{"rendered":"\n<p>La entidad andaluza, valora esta jornada del 2024 como una de las m\u00e1s exitosas a pesar de los problemas meteorol\u00f3gicos de las primeras horas. El domingo 3 de marzo de 2024 la Casa de Sevilla de Sant Boi ha vuelto a salir a la calle para celebrar el D\u00eda de Andaluc\u00eda. Una jornada que por la meteorolog\u00eda no promet\u00eda mucha fiesta pero que finalmente el sol resplandeci\u00f3 al ritmo de la m\u00fasica m\u00e1s tradicional andaluza.<br>La Santa Misa un a\u00f1o m\u00e1s oficiada por Padre Esteve y cantada por el Coro Rociero \u00abRa\u00edces\u00bb fue el punto de partida para la jornada de celebraci\u00f3n del d\u00eda de la comunidad andaluza en Sant Boi.<br>Los grupos de la Escuela de Baile Flamenco de la Casa de Sevilla, tan bien dirigidos por David Coronel, llenaron el escenario de arte.<br>Pero finalmente lo que llen\u00f3 el esp\u00edritu y apetito de los asistentes fueron las casi 400 raciones de Migas que se repartieron para el deleite del p\u00fablico presente.<\/p>\n\n\n\n<figure class=\"wp-block-gallery has-nested-images columns-default is-cropped td-modal-on-gallery wp-block-gallery-1 is-layout-flex wp-block-gallery-is-layout-flex\">\n<figure class=\"wp-block-image size-large\"><img loading=\"lazy\" decoding=\"async\" width=\"1024\" height=\"768\" data-id=\"1600\" src=\"https:\/\/raicesandaluzas.com\/revista\/wp-content\/uploads\/2024\/03\/IMG_5263-1024x768.jpg\" alt=\"\" class=\"wp-image-1600\" srcset=\"https:\/\/raicesandaluzas.com\/revista\/wp-content\/uploads\/2024\/03\/IMG_5263-1024x768.jpg 1024w, https:\/\/raicesandaluzas.com\/revista\/wp-content\/uploads\/2024\/03\/IMG_5263-300x225.jpg 300w, https:\/\/raicesandaluzas.com\/revista\/wp-content\/uploads\/2024\/03\/IMG_5263-768x576.jpg 768w, https:\/\/raicesandaluzas.com\/revista\/wp-content\/uploads\/2024\/03\/IMG_5263-696x522.jpg 696w, https:\/\/raicesandaluzas.com\/revista\/wp-content\/uploads\/2024\/03\/IMG_5263-1068x801.jpg 1068w, https:\/\/raicesandaluzas.com\/revista\/wp-content\/uploads\/2024\/03\/IMG_5263-560x420.jpg 560w, https:\/\/raicesandaluzas.com\/revista\/wp-content\/uploads\/2024\/03\/IMG_5263-80x60.jpg 80w, https:\/\/raicesandaluzas.com\/revista\/wp-content\/uploads\/2024\/03\/IMG_5263-265x198.jpg 265w, https:\/\/raicesandaluzas.com\/revista\/wp-content\/uploads\/2024\/03\/IMG_5263.jpg 1200w\" sizes=\"auto, (max-width: 1024px) 100vw, 1024px\" \/><\/figure>\n\n\n\n<figure class=\"wp-block-image size-large\"><img loading=\"lazy\" decoding=\"async\" width=\"1024\" height=\"576\" data-id=\"1599\" src=\"https:\/\/raicesandaluzas.com\/revista\/wp-content\/uploads\/2024\/03\/IMG_5236-1024x576.jpg\" alt=\"\" class=\"wp-image-1599\" srcset=\"https:\/\/raicesandaluzas.com\/revista\/wp-content\/uploads\/2024\/03\/IMG_5236-1024x576.jpg 1024w, https:\/\/raicesandaluzas.com\/revista\/wp-content\/uploads\/2024\/03\/IMG_5236-300x169.jpg 300w, https:\/\/raicesandaluzas.com\/revista\/wp-content\/uploads\/2024\/03\/IMG_5236-768x432.jpg 768w, https:\/\/raicesandaluzas.com\/revista\/wp-content\/uploads\/2024\/03\/IMG_5236-696x392.jpg 696w, https:\/\/raicesandaluzas.com\/revista\/wp-content\/uploads\/2024\/03\/IMG_5236-1068x601.jpg 1068w, https:\/\/raicesandaluzas.com\/revista\/wp-content\/uploads\/2024\/03\/IMG_5236-747x420.jpg 747w, https:\/\/raicesandaluzas.com\/revista\/wp-content\/uploads\/2024\/03\/IMG_5236.jpg 1200w\" sizes=\"auto, (max-width: 1024px) 100vw, 1024px\" \/><\/figure>\n\n\n\n<figure class=\"wp-block-image size-large\"><img loading=\"lazy\" decoding=\"async\" width=\"1024\" height=\"576\" data-id=\"1598\" src=\"https:\/\/raicesandaluzas.com\/revista\/wp-content\/uploads\/2024\/03\/IMG_5254-1024x576.jpg\" alt=\"\" class=\"wp-image-1598\" srcset=\"https:\/\/raicesandaluzas.com\/revista\/wp-content\/uploads\/2024\/03\/IMG_5254-1024x576.jpg 1024w, https:\/\/raicesandaluzas.com\/revista\/wp-content\/uploads\/2024\/03\/IMG_5254-300x169.jpg 300w, https:\/\/raicesandaluzas.com\/revista\/wp-content\/uploads\/2024\/03\/IMG_5254-768x432.jpg 768w, https:\/\/raicesandaluzas.com\/revista\/wp-content\/uploads\/2024\/03\/IMG_5254-696x392.jpg 696w, https:\/\/raicesandaluzas.com\/revista\/wp-content\/uploads\/2024\/03\/IMG_5254-1068x601.jpg 1068w, https:\/\/raicesandaluzas.com\/revista\/wp-content\/uploads\/2024\/03\/IMG_5254-747x420.jpg 747w, https:\/\/raicesandaluzas.com\/revista\/wp-content\/uploads\/2024\/03\/IMG_5254.jpg 1200w\" sizes=\"auto, (max-width: 1024px) 100vw, 1024px\" \/><\/figure>\n<\/figure>\n","protected":false},"excerpt":{"rendered":"<p>La entidad andaluza, valora esta jornada del 2024 como una de las m\u00e1s exitosas a pesar de los problemas meteorol\u00f3gicos de las primeras horas. El domingo 3 de marzo de 2024 la Casa de Sevilla de Sant Boi ha vuelto a salir a la calle para celebrar el D\u00eda de Andaluc\u00eda. Una jornada que por [&hellip;]<\/p>\n","protected":false},"author":2,"featured_media":1601,"comment_status":"open","ping_status":"open","sticky":false,"template":"","format":"standard","meta":{"footnotes":""},"categories":[19],"tags":[],"class_list":{"0":"post-1597","1":"post","2":"type-post","3":"status-publish","4":"format-standard","5":"has-post-thumbnail","7":"category-actualidad"},"_links":{"self":[{"href":"https:\/\/raicesandaluzas.com\/revista\/wp-json\/wp\/v2\/posts\/1597","targetHints":{"allow":["GET"]}}],"collection":[{"href":"https:\/\/raicesandaluzas.com\/revista\/wp-json\/wp\/v2\/posts"}],"about":[{"href":"https:\/\/raicesandaluzas.com\/revista\/wp-json\/wp\/v2\/types\/post"}],"author":[{"embeddable":true,"href":"https:\/\/raicesandaluzas.com\/revista\/wp-json\/wp\/v2\/users\/2"}],"replies":[{"embeddable":true,"href":"https:\/\/raicesandaluzas.com\/revista\/wp-json\/wp\/v2\/comments?post=1597"}],"version-history":[{"count":1,"href":"https:\/\/raicesandaluzas.com\/revista\/wp-json\/wp\/v2\/posts\/1597\/revisions"}],"predecessor-version":[{"id":1602,"href":"https:\/\/raicesandaluzas.com\/revista\/wp-json\/wp\/v2\/posts\/1597\/revisions\/1602"}],"wp:featuredmedia":[{"embeddable":true,"href":"https:\/\/raicesandaluzas.com\/revista\/wp-json\/wp\/v2\/media\/1601"}],"wp:attachment":[{"href":"https:\/\/raicesandaluzas.com\/revista\/wp-json\/wp\/v2\/media?parent=1597"}],"wp:term":[{"taxonomy":"category","embeddable":true,"href":"https:\/\/raicesandaluzas.com\/revista\/wp-json\/wp\/v2\/categories?post=1597"},{"taxonomy":"post_tag","embeddable":true,"href":"https:\/\/raicesandaluzas.com\/revista\/wp-json\/wp\/v2\/tags?post=1597"}],"curies":[{"name":"wp","href":"https:\/\/api.w.org\/{rel}","templated":true}]}}