{"id":1593,"date":"2024-03-05T11:58:06","date_gmt":"2024-03-05T11:58:06","guid":{"rendered":"https:\/\/raicesandaluzas.com\/revista\/?p=1593"},"modified":"2024-03-05T11:58:07","modified_gmt":"2024-03-05T11:58:07","slug":"la-hermandad-de-las-angustias-presenta-el-cartel-del-viernes-santo-2024","status":"publish","type":"post","link":"https:\/\/raicesandaluzas.com\/revista\/2024\/03\/05\/la-hermandad-de-las-angustias-presenta-el-cartel-del-viernes-santo-2024\/","title":{"rendered":"La Hermandad de las Angustias presenta el cartel del Viernes Santo 2024"},"content":{"rendered":"\n<p>La tarde del s\u00e1bado 2 de marzo se present\u00f3 el cartel del Viernes Santo 2024 de la Hermandad y Cofrad\u00eda de Nuestra Se\u00f1ora de las Angustias de Barcelona.<\/p>\n\n\n\n<p>Obra de Francisco Quintero, joven artista nacido en V\u00e9lez-M\u00e1laga en 1998, el cartel realizado representa a Nuestra Se\u00f1ora de las Angustias como imagen principal. La Virgen aparece ataviada con mantilla negra, color usado para destacar sobre el fondo.<\/p>\n\n\n\n<p>El cuadro evoca elementos g\u00f3ticos, al residir dicha hermandad en una iglesia g\u00f3tica al igual que el barrio de la ciudad de Barcelona. La Virgen est\u00e1 coronada por un roset\u00f3n g\u00f3tico del mismo modo que en la parte inferior aparece una arcada.\u00a0<\/p>\n\n\n\n<p>Por \u00faltimo, observamos dos ramilletes de granadas en cada esquina inferior, rememorando el origen de la advocaci\u00f3n de la titular, la Virgen de las Angustias, Patrona de Granada.<\/p>\n","protected":false},"excerpt":{"rendered":"<p>La tarde del s\u00e1bado 2 de marzo se present\u00f3 el cartel del Viernes Santo 2024 de la Hermandad y Cofrad\u00eda de Nuestra Se\u00f1ora de las Angustias de Barcelona. Obra de Francisco Quintero, joven artista nacido en V\u00e9lez-M\u00e1laga en 1998, el cartel realizado representa a Nuestra Se\u00f1ora de las Angustias como imagen principal. La Virgen aparece [&hellip;]<\/p>\n","protected":false},"author":2,"featured_media":1594,"comment_status":"open","ping_status":"open","sticky":false,"template":"","format":"standard","meta":{"footnotes":""},"categories":[19],"tags":[],"class_list":{"0":"post-1593","1":"post","2":"type-post","3":"status-publish","4":"format-standard","5":"has-post-thumbnail","7":"category-actualidad"},"_links":{"self":[{"href":"https:\/\/raicesandaluzas.com\/revista\/wp-json\/wp\/v2\/posts\/1593","targetHints":{"allow":["GET"]}}],"collection":[{"href":"https:\/\/raicesandaluzas.com\/revista\/wp-json\/wp\/v2\/posts"}],"about":[{"href":"https:\/\/raicesandaluzas.com\/revista\/wp-json\/wp\/v2\/types\/post"}],"author":[{"embeddable":true,"href":"https:\/\/raicesandaluzas.com\/revista\/wp-json\/wp\/v2\/users\/2"}],"replies":[{"embeddable":true,"href":"https:\/\/raicesandaluzas.com\/revista\/wp-json\/wp\/v2\/comments?post=1593"}],"version-history":[{"count":1,"href":"https:\/\/raicesandaluzas.com\/revista\/wp-json\/wp\/v2\/posts\/1593\/revisions"}],"predecessor-version":[{"id":1595,"href":"https:\/\/raicesandaluzas.com\/revista\/wp-json\/wp\/v2\/posts\/1593\/revisions\/1595"}],"wp:featuredmedia":[{"embeddable":true,"href":"https:\/\/raicesandaluzas.com\/revista\/wp-json\/wp\/v2\/media\/1594"}],"wp:attachment":[{"href":"https:\/\/raicesandaluzas.com\/revista\/wp-json\/wp\/v2\/media?parent=1593"}],"wp:term":[{"taxonomy":"category","embeddable":true,"href":"https:\/\/raicesandaluzas.com\/revista\/wp-json\/wp\/v2\/categories?post=1593"},{"taxonomy":"post_tag","embeddable":true,"href":"https:\/\/raicesandaluzas.com\/revista\/wp-json\/wp\/v2\/tags?post=1593"}],"curies":[{"name":"wp","href":"https:\/\/api.w.org\/{rel}","templated":true}]}}