{"id":1563,"date":"2024-02-28T12:31:34","date_gmt":"2024-02-28T12:31:34","guid":{"rendered":"https:\/\/raicesandaluzas.com\/revista\/?p=1563"},"modified":"2024-03-05T10:30:52","modified_gmt":"2024-03-05T10:30:52","slug":"jaume-collboni-anuncia-la-entrega-de-la-medalla-de-oro-al-merito-civico-a-la-fecac-junto-con-la-presentacion-del-cartel-de-la-feria-de-abril","status":"publish","type":"post","link":"https:\/\/raicesandaluzas.com\/revista\/2024\/02\/28\/jaume-collboni-anuncia-la-entrega-de-la-medalla-de-oro-al-merito-civico-a-la-fecac-junto-con-la-presentacion-del-cartel-de-la-feria-de-abril\/","title":{"rendered":"Jaume Collboni anuncia la entrega de la Medalla de Oro al M\u00e9rito C\u00edvico a la FECAC junto con la presentaci\u00f3n del cartel de la Feria de Abril"},"content":{"rendered":"\n<p>La presentaci\u00f3n del cartel de la 51\u00aa edici\u00f3n de la Feria de Abril de Catalunya se realizar\u00e1 este a\u00f1o excepcionalmente en el Sal\u00f3 de Cent del Ayuntamiento barcelon\u00e9s para darle mayor relieve. Coincidir\u00e1 con la entrega de la Medalla de Oro de Barcelona al M\u00e9rito C\u00edvico que el Pleno del consistorio barcelon\u00e9s concedi\u00f3 por unanimidad el pasado septiembre a la FECAC \u201cen reconocimiento de su labor de difusi\u00f3n de la cultura y las tradiciones andaluzas, as\u00ed como el fomento del intercambio de conocimientos entre culturas, y con motivo del 50 aniversario de la Feria de Abril de Catalunya y la 50\u00aa Romer\u00eda del Roc\u00edo de Catalunya\u201d. El acto tendr\u00e1 lugar el 11 de abril.<\/p>\n\n\n\n<p>El alcalde de Barcelona, Jaume Collboni, hizo este anuncio anoche en la apertura de la celebraci\u00f3n del D\u00eda de Andaluc\u00eda organizada por la Federaci\u00f3n de Entidades Culturales Andaluzas en Catalu\u00f1a (FECAC) en el Sal\u00f3 de Cent del Ayuntamiento barcelon\u00e9s y que este a\u00f1o ha tenido como conferenciante al compositor y cantante Miguel Moyares, miembro del legendario grupo Ecos del Roc\u00edo.<\/p>\n\n\n\n<p>Collboni reconoci\u00f3 en Ecos del Roc\u00edo \u201cla banda sonora para muchas generaciones, representaban lo que la gente so\u00f1aba\u201d. Agradeci\u00f3 que la presencia de Miguel Moyares, quien le dijo estar muy impresionado por la grandeza y solemnidad del Sal\u00f3 de Cent, \u201cpone m\u00fasica a este acto de hermandad de Catalu\u00f1a y Andaluc\u00eda\u201d.<\/p>\n\n\n\n<p>El presidente de la FECAC, Daniel Salinero, record\u00f3 el a\u00f1o 2023 plagado de acontecimientos como fueron las ediciones n\u00famero 50 de la Feria de Abril y del Roc\u00edo en Catalu\u00f1a, la misa en la Sagrada Familia con el cardenal Omella, la bajada al Roc\u00edo onubense y el congreso de j\u00f3venes que asegura el futuro del movimiento cultural andaluz. Rememor\u00f3 con casos concretos a los andaluces que se han asentado en todos los \u00e1mbitos de la sociedad catalana \u201cti\u00f1endo de blanco y verde cada rinc\u00f3n de Catalu\u00f1a\u201d. \u201cEstamos aqu\u00ed- a\u00f1adi\u00f3- por los cientos de miles de personas que construyeron una Catalu\u00f1a plural y abierta\u201d. De Miguel Moyares destac\u00f3 que \u201cmi generaci\u00f3n creci\u00f3 al son de sus canciones y nos ense\u00f1\u00f3 a ser mejores personas\u201d.<\/p>\n\n\n\n<p>Condujo el acto e hizo una glosa del conferenciante Bel\u00e9n Valenzuela, vocal de la junta directiva de la FECAC y presidenta de la Hermandad Nuestra Se\u00f1ora del Roc\u00edo de Terrassa. Al presentar a Miguel Moyares, Valenzuela enumer\u00f3 los 38 discos grabados por Ecos del Roc\u00edo, adem\u00e1s de catorce de oro y uno de diamante. \u201cSon melod\u00edas que se han colado en nuestras vidas, letras que mueven sentimientos\u201d.<\/p>\n\n\n\n<p>La conferencia de Miguel Moyares versaba sobre \u201cEntre dos tierras\u201d y dio fe de ello. Rememor\u00f3 su primer viaje a Barcelona en 1980 en busca de una vida mejor como antes hicieron tantos otros andaluces. \u201cLlegu\u00e9 aqu\u00ed en busca de fortuna, \u00a1y vaya si la encontr\u00e9, el agua del cari\u00f1o y del respeto!\u201d. Haciendo gala de su orgullo andaluz, el cantante y compositor de Ecos del Roc\u00edo dijo que se acab\u00f3 aquella imagen del andaluz que caminaba con la cabeza agachada, \u201cel andaluz saca pecho y muestra su carnet de identidad tal como es \u2018nac\u00ed en Andaluc\u00eda\u2019, la cuna del mestizaje, la de los brazos abiertos, y por eso es la m\u00e1s grande del universo: \u2018En Andaluc\u00eda no existen forasteros\/ no me llames forastero\/ que yo he nacido andaluz\u2019\u201d.<\/p>\n\n\n\n<p>Algunos fragmentos de su discurso, impregnado de letras de sus canciones, fueron cantados por el artista acompa\u00f1ado a la guitarra por Jos\u00e9 Mar\u00eda Parra.<\/p>\n\n\n\n<p>Cerr\u00f3 el acto la segunda teniente de alcald\u00eda Maria Eug\u00e8nia Gay, enamorada de \u201clos colores y los paisajes andaluces\u201d y que defini\u00f3 Andaluc\u00eda como \u201cla tierra de la luz, de la pasi\u00f3n y del arte\u201d<\/p>\n\n\n\n<p>Tras los discursos institucionales se interpretaron los himnos de Catalu\u00f1a y de Andaluc\u00eda, \u00e9ste \u00faltimo entonado por Moyares.<\/p>\n\n\n\n<p><strong>El domingo, ofrenda a Blas Infante<\/strong><\/p>\n\n\n\n<p>El resto de actos de celebraci\u00f3n de las 40 Jornadas Conmemorativas del D\u00eda de Andaluc\u00eda tendr\u00e1n lugar el domingo 3 de marzo. Por un lado, a las nueve de la ma\u00f1ana, la junta directiva de la FECAC y las entidades asociadas, junto con las autoridades, har\u00e1n la <strong>ofrenda floral<\/strong> en el monolito de Blas Infante, considerado el padre de la patria andaluza, en el parque de la Guineueta, en Barcelona. Seguidamente se celebrar\u00e1 la <strong>Jornada de Convivencia<\/strong> en el parque Els Bellots de Terrassa, actividad festiva que tradicionalmente constituye el colof\u00f3n de estas jornadas conmemorativas.<\/p>\n\n\n\n<p>El cartel, dise\u00f1ado por Mar\u00eda Vargas, de la Hermandad Virgen del Roc\u00edo de Pineda de Mar, rinde homenaje al guitarrista y compositor Paco de Luc\u00eda en el d\u00e9cimo aniversario de su muerte.<\/p>\n","protected":false},"excerpt":{"rendered":"<p>La presentaci\u00f3n del cartel de la 51\u00aa edici\u00f3n de la Feria de Abril de Catalunya se realizar\u00e1 este a\u00f1o excepcionalmente en el Sal\u00f3 de Cent del Ayuntamiento barcelon\u00e9s para darle mayor relieve. Coincidir\u00e1 con la entrega de la Medalla de Oro de Barcelona al M\u00e9rito C\u00edvico que el Pleno del consistorio barcelon\u00e9s concedi\u00f3 por unanimidad [&hellip;]<\/p>\n","protected":false},"author":2,"featured_media":1567,"comment_status":"open","ping_status":"open","sticky":false,"template":"","format":"standard","meta":{"footnotes":""},"categories":[19],"tags":[],"class_list":{"0":"post-1563","1":"post","2":"type-post","3":"status-publish","4":"format-standard","5":"has-post-thumbnail","7":"category-actualidad"},"_links":{"self":[{"href":"https:\/\/raicesandaluzas.com\/revista\/wp-json\/wp\/v2\/posts\/1563","targetHints":{"allow":["GET"]}}],"collection":[{"href":"https:\/\/raicesandaluzas.com\/revista\/wp-json\/wp\/v2\/posts"}],"about":[{"href":"https:\/\/raicesandaluzas.com\/revista\/wp-json\/wp\/v2\/types\/post"}],"author":[{"embeddable":true,"href":"https:\/\/raicesandaluzas.com\/revista\/wp-json\/wp\/v2\/users\/2"}],"replies":[{"embeddable":true,"href":"https:\/\/raicesandaluzas.com\/revista\/wp-json\/wp\/v2\/comments?post=1563"}],"version-history":[{"count":1,"href":"https:\/\/raicesandaluzas.com\/revista\/wp-json\/wp\/v2\/posts\/1563\/revisions"}],"predecessor-version":[{"id":1565,"href":"https:\/\/raicesandaluzas.com\/revista\/wp-json\/wp\/v2\/posts\/1563\/revisions\/1565"}],"wp:featuredmedia":[{"embeddable":true,"href":"https:\/\/raicesandaluzas.com\/revista\/wp-json\/wp\/v2\/media\/1567"}],"wp:attachment":[{"href":"https:\/\/raicesandaluzas.com\/revista\/wp-json\/wp\/v2\/media?parent=1563"}],"wp:term":[{"taxonomy":"category","embeddable":true,"href":"https:\/\/raicesandaluzas.com\/revista\/wp-json\/wp\/v2\/categories?post=1563"},{"taxonomy":"post_tag","embeddable":true,"href":"https:\/\/raicesandaluzas.com\/revista\/wp-json\/wp\/v2\/tags?post=1563"}],"curies":[{"name":"wp","href":"https:\/\/api.w.org\/{rel}","templated":true}]}}