{"id":1557,"date":"2024-02-20T11:56:53","date_gmt":"2024-02-20T11:56:53","guid":{"rendered":"https:\/\/raicesandaluzas.com\/revista\/?p=1557"},"modified":"2024-03-05T10:31:27","modified_gmt":"2024-03-05T10:31:27","slug":"el-cercat-convoca-el-xviii-concurso-de-fotografia-rociera","status":"publish","type":"post","link":"https:\/\/raicesandaluzas.com\/revista\/2024\/02\/20\/el-cercat-convoca-el-xviii-concurso-de-fotografia-rociera\/","title":{"rendered":"El CERCAT convoca el XVIII Concurso de Fotograf\u00eda Rociera"},"content":{"rendered":"\n<p>El Centro de Estudios Rocieros y Cultura Andaluza en Catalunya (CERCAT) ha hecho p\u00fablicas las bases de la decimoctava edici\u00f3n de su Concurso de Fotograf\u00eda Rociera 2024 en el que como viene siendo habitual los \u00faltimos a\u00f1os se han establecido tres temas.&nbsp;El tema principal y cl\u00e1sico es el de Romer\u00eda del Roc\u00edo, que engloba todos los actos del movimiento rociero en Catalunya (Romer\u00eda del Roc\u00edo, cambios de vara, pregones rocieros, peregrinaciones, etc), as\u00ed como las fotograf\u00edas realizadas a las Hermandades afincadas en Catalunya que realizan los actos marianos en la Romer\u00eda de Almonte. Los dos temas especiales son Catalunya cofrade, que recoge cualquier expresi\u00f3n de la cultura y fe que realizan las Hermandades de Pasi\u00f3n en Catalunya, y Feria de Abril catalana en cualquiera de sus ediciones, que incluye cualquier expresi\u00f3n de cultura popular que se celebre en el Real durante los d\u00edas de Feria.<\/p>\n\n\n\n<p>El concurso est\u00e1 abierto al p\u00fablico general y cada autor podr\u00e1 presentar cinco fotograf\u00edas que deben enviarse telem\u00e1ticamente atrav\u00e9s de la p\u00e1gina web www.cercat.es. Las fotograf\u00edas deben ser archivos jpg, tener un tama\u00f1o m\u00ednimo en su parte m\u00e1s larga de 1.024 p\u00edxeles y con un peso m\u00e1ximo de 5 Mb. Para concursar se debe acceder a www.cercat.es, y cumplimentar el formulario de participaci\u00f3n en el que se podr\u00e1n adjuntar las fotograf\u00edas. El participante deber\u00e1 informar de los siguientes datos: Tema, t\u00edtulo de la imagen, nombre y apellidos del concursante, nombre y domicilio del concursante, direcci\u00f3n de correo electr\u00f3nico de contacto, tel\u00e9fono de contacto, y fecha y lugar donde se realiz\u00f3 la fotografia.<\/p>\n\n\n\n<p>En las categor\u00edas de Roc\u00edo y Catalunya cofrade se repartir\u00e1n tres primeros premios, dotados con 150 euros, 100 euros y 50 euros cada uno, y un cuarto tambi\u00e9n de 50 euros. Adem\u00e1s, el primero de cada una de las categor\u00edas recibir\u00e1 una medalla Federaci\u00f3 Catalana de Fotografia, que reconoce el concurso y colabora en la organizaci\u00f3n del mismo. En la categor\u00eda de Feria de Abril se entregar\u00e1 un primer premio dotado con 100 euros.<\/p>\n\n\n\n<p>Las inscripciones se abrir\u00e1n el pr\u00f3ximo 23 de marzo, y se podr\u00e1n presentar fotograf\u00edas hasta el 9 de junio. El jurado deliberar\u00e1 el 18 de junio y los premios se entregar\u00e1n el 29 de junio.<\/p>\n","protected":false},"excerpt":{"rendered":"<p>El Centro de Estudios Rocieros y Cultura Andaluza en Catalunya (CERCAT) ha hecho p\u00fablicas las bases de la decimoctava edici\u00f3n de su Concurso de Fotograf\u00eda Rociera 2024 en el que como viene siendo habitual los \u00faltimos a\u00f1os se han establecido tres temas.&nbsp;El tema principal y cl\u00e1sico es el de Romer\u00eda del Roc\u00edo, que engloba todos [&hellip;]<\/p>\n","protected":false},"author":1,"featured_media":1568,"comment_status":"open","ping_status":"open","sticky":false,"template":"","format":"standard","meta":{"footnotes":""},"categories":[19,21],"tags":[],"class_list":{"0":"post-1557","1":"post","2":"type-post","3":"status-publish","4":"format-standard","5":"has-post-thumbnail","7":"category-actualidad","8":"category-raices-rocieras"},"_links":{"self":[{"href":"https:\/\/raicesandaluzas.com\/revista\/wp-json\/wp\/v2\/posts\/1557","targetHints":{"allow":["GET"]}}],"collection":[{"href":"https:\/\/raicesandaluzas.com\/revista\/wp-json\/wp\/v2\/posts"}],"about":[{"href":"https:\/\/raicesandaluzas.com\/revista\/wp-json\/wp\/v2\/types\/post"}],"author":[{"embeddable":true,"href":"https:\/\/raicesandaluzas.com\/revista\/wp-json\/wp\/v2\/users\/1"}],"replies":[{"embeddable":true,"href":"https:\/\/raicesandaluzas.com\/revista\/wp-json\/wp\/v2\/comments?post=1557"}],"version-history":[{"count":1,"href":"https:\/\/raicesandaluzas.com\/revista\/wp-json\/wp\/v2\/posts\/1557\/revisions"}],"predecessor-version":[{"id":1559,"href":"https:\/\/raicesandaluzas.com\/revista\/wp-json\/wp\/v2\/posts\/1557\/revisions\/1559"}],"wp:featuredmedia":[{"embeddable":true,"href":"https:\/\/raicesandaluzas.com\/revista\/wp-json\/wp\/v2\/media\/1568"}],"wp:attachment":[{"href":"https:\/\/raicesandaluzas.com\/revista\/wp-json\/wp\/v2\/media?parent=1557"}],"wp:term":[{"taxonomy":"category","embeddable":true,"href":"https:\/\/raicesandaluzas.com\/revista\/wp-json\/wp\/v2\/categories?post=1557"},{"taxonomy":"post_tag","embeddable":true,"href":"https:\/\/raicesandaluzas.com\/revista\/wp-json\/wp\/v2\/tags?post=1557"}],"curies":[{"name":"wp","href":"https:\/\/api.w.org\/{rel}","templated":true}]}}