{"id":1553,"date":"2024-02-20T11:53:00","date_gmt":"2024-02-20T11:53:00","guid":{"rendered":"https:\/\/raicesandaluzas.com\/revista\/?p=1553"},"modified":"2024-03-05T10:32:12","modified_gmt":"2024-03-05T10:32:12","slug":"la-fac-trae-el-carnaval-de-cadiz-a-diversos-puntos-de-catalunya","status":"publish","type":"post","link":"https:\/\/raicesandaluzas.com\/revista\/2024\/02\/20\/la-fac-trae-el-carnaval-de-cadiz-a-diversos-puntos-de-catalunya\/","title":{"rendered":"La FAC trae el Carnaval de C\u00e1diz a diversos puntos de Catalunya"},"content":{"rendered":"\n<p>La Federaci\u00f3n Andaluza de Comunidades (FAC) vuelve a traer el Carnaval de C\u00e1diz a Catalunya gracias a la actuaci\u00f3n de la Comparsa \u00abEstamos a punto\u00bb en una nueva edici\u00f3n de su ya tradicional Carnaval gaditano. Y lo har\u00e1 subi\u00e9ndose al escenario de diversos puntos de la geograf\u00eda catalana. Aqu\u00ed van las fechas y lugares:<\/p>\n\n\n\n<p><strong>Figueres<\/strong><\/p>\n\n\n\n<p><img loading=\"lazy\" decoding=\"async\" height=\"16\" width=\"16\" alt=\"\ud83d\udcc5\" src=\"https:\/\/static.xx.fbcdn.net\/images\/emoji.php\/v9\/td7\/1.5\/16\/1f4c5.png\"><a><\/a>Domingo, 25 de febrero<\/p>\n\n\n\n<p><img loading=\"lazy\" decoding=\"async\" height=\"16\" width=\"16\" alt=\"\ud83d\udd56\" src=\"https:\/\/static.xx.fbcdn.net\/images\/emoji.php\/v9\/t7\/1.5\/16\/1f556.png\"> A las 17 h.<\/p>\n\n\n\n<p><img loading=\"lazy\" decoding=\"async\" height=\"16\" width=\"16\" alt=\"\ud83c\udfea\" src=\"https:\/\/static.xx.fbcdn.net\/images\/emoji.php\/v9\/t0\/1.5\/16\/1f3ea.png\"> Casa Cultural de Andaluc\u00eda de l&#8217;Alt Empord\u00e0 (c. Via L\u00e1ctea s\/n. Mol\u00ed de L&#8217;Anguila. Figueres. Girona)<\/p>\n\n\n\n<p><\/p>\n\n\n\n<p><strong>Tona<\/strong><\/p>\n\n\n\n<p><img loading=\"lazy\" decoding=\"async\" height=\"16\" width=\"16\" alt=\"\ud83d\udcc5\" src=\"https:\/\/static.xx.fbcdn.net\/images\/emoji.php\/v9\/td7\/1.5\/16\/1f4c5.png\"> S\u00e1bado, 2 de marzo<\/p>\n\n\n\n<p><img loading=\"lazy\" decoding=\"async\" height=\"16\" width=\"16\" alt=\"\ud83d\udd56\" src=\"https:\/\/static.xx.fbcdn.net\/images\/emoji.php\/v9\/t7\/1.5\/16\/1f556.png\"> A las 18 h.<\/p>\n\n\n\n<p><img loading=\"lazy\" decoding=\"async\" height=\"16\" width=\"16\" alt=\"\ud83c\udfea\" src=\"https:\/\/static.xx.fbcdn.net\/images\/emoji.php\/v9\/t0\/1.5\/16\/1f3ea.png\"> Sala La Canal (c. Antoni Figueres, 23, Tona. Barcelona)<\/p>\n\n\n\n<p>Entrada gratuita<\/p>\n\n\n\n<p><\/p>\n\n\n\n<p><strong>Garraf<\/strong><\/p>\n\n\n\n<p><img loading=\"lazy\" decoding=\"async\" height=\"16\" width=\"16\" alt=\"\ud83d\udcc5\" src=\"https:\/\/static.xx.fbcdn.net\/images\/emoji.php\/v9\/td7\/1.5\/16\/1f4c5.png\"> Domingo, 3 de marzo<\/p>\n\n\n\n<p><img loading=\"lazy\" decoding=\"async\" height=\"16\" width=\"16\" alt=\"\ud83d\udd56\" src=\"https:\/\/static.xx.fbcdn.net\/images\/emoji.php\/v9\/t7\/1.5\/16\/1f556.png\"> A las 18 h.<\/p>\n\n\n\n<p><img loading=\"lazy\" decoding=\"async\" height=\"16\" width=\"16\" alt=\"\ud83c\udfea\" src=\"https:\/\/static.xx.fbcdn.net\/images\/emoji.php\/v9\/t0\/1.5\/16\/1f3ea.png\"> Teatre La Bobila (c. Hern\u00e1n Cort\u00e9s, 14. Las Roquetas. Barcelona. Casa de Andaluc\u00eda de la Comarca del Garraf)<\/p>\n\n\n\n<p>Entrada gratuita<\/p>\n\n\n\n<p><\/p>\n\n\n\n<p><strong>Tarragona<\/strong><\/p>\n\n\n\n<p><img loading=\"lazy\" decoding=\"async\" height=\"16\" width=\"16\" alt=\"\ud83d\udcc5\" src=\"https:\/\/static.xx.fbcdn.net\/images\/emoji.php\/v9\/td7\/1.5\/16\/1f4c5.png\"> Domingo, 10 de marzo<\/p>\n\n\n\n<p><img loading=\"lazy\" decoding=\"async\" height=\"16\" width=\"16\" src=\"https:\/\/static.xx.fbcdn.net\/images\/emoji.php\/v9\/t7\/1.5\/16\/1f556.png\" alt=\"\ud83d\udd56\"> A las 18 h.<\/p>\n\n\n\n<p><img loading=\"lazy\" decoding=\"async\" height=\"16\" width=\"16\" alt=\"\ud83c\udfea\" src=\"https:\/\/static.xx.fbcdn.net\/images\/emoji.php\/v9\/t0\/1.5\/16\/1f3ea.png\"> Teatre de Bonavista (c. 22 n51. Tarragona)<\/p>\n\n\n\n<p>Entrada solidaria<\/p>\n\n\n\n<p><\/p>\n\n\n\n<p><strong>Viladecans<\/strong><\/p>\n\n\n\n<p><img loading=\"lazy\" decoding=\"async\" height=\"16\" width=\"16\" alt=\"\ud83d\udcc5\" src=\"https:\/\/static.xx.fbcdn.net\/images\/emoji.php\/v9\/td7\/1.5\/16\/1f4c5.png\"> Domingo, 17 de marzo<\/p>\n\n\n\n<p><img loading=\"lazy\" decoding=\"async\" height=\"16\" width=\"16\" alt=\"\ud83d\udd56\" src=\"https:\/\/static.xx.fbcdn.net\/images\/emoji.php\/v9\/t7\/1.5\/16\/1f556.png\"> A las 18.30 h.<\/p>\n\n\n\n<p><img loading=\"lazy\" decoding=\"async\" height=\"16\" width=\"16\" alt=\"\ud83c\udfea\" src=\"https:\/\/static.xx.fbcdn.net\/images\/emoji.php\/v9\/t0\/1.5\/16\/1f3ea.png\"> Teatre Atrium (Avda. Josep Tarradellas, 17. Viladecans)<\/p>\n\n\n\n<p>Entrada gratuita<\/p>\n\n\n\n<p><\/p>\n\n\n\n<p><strong>Olot<\/strong><\/p>\n\n\n\n<p><img loading=\"lazy\" decoding=\"async\" height=\"16\" width=\"16\" alt=\"\ud83d\udcc5\" src=\"https:\/\/static.xx.fbcdn.net\/images\/emoji.php\/v9\/td7\/1.5\/16\/1f4c5.png\"> Domingo, 7 de abril<\/p>\n\n\n\n<p><img loading=\"lazy\" decoding=\"async\" height=\"16\" width=\"16\" alt=\"\ud83d\udd56\" src=\"https:\/\/static.xx.fbcdn.net\/images\/emoji.php\/v9\/t7\/1.5\/16\/1f556.png\"> A las 17 h.<\/p>\n\n\n\n<p><img loading=\"lazy\" decoding=\"async\" height=\"16\" width=\"16\" alt=\"\ud83c\udfea\" src=\"https:\/\/static.xx.fbcdn.net\/images\/emoji.php\/v9\/t0\/1.5\/16\/1f3ea.png\"> Casa Cultural Andaluc\u00eda de la Garrotxa (c. Villanueva Algaida. Olot. Girona)<\/p>\n\n\n\n<p>Entrada gratuita<\/p>\n\n\n\n<p><\/p>\n\n\n\n<p><strong>Cunit<\/strong><\/p>\n\n\n\n<p><img loading=\"lazy\" decoding=\"async\" height=\"16\" width=\"16\" alt=\"\ud83d\udcc5\" src=\"https:\/\/static.xx.fbcdn.net\/images\/emoji.php\/v9\/td7\/1.5\/16\/1f4c5.png\"> S\u00e1bado, 20 de abril<\/p>\n\n\n\n<p><img loading=\"lazy\" decoding=\"async\" height=\"16\" width=\"16\" alt=\"\ud83d\udd56\" src=\"https:\/\/static.xx.fbcdn.net\/images\/emoji.php\/v9\/t7\/1.5\/16\/1f556.png\"> A las 18 h.<\/p>\n\n\n\n<p><img loading=\"lazy\" decoding=\"async\" height=\"16\" width=\"16\" alt=\"\ud83c\udfea\" src=\"https:\/\/static.xx.fbcdn.net\/images\/emoji.php\/v9\/t0\/1.5\/16\/1f3ea.png\"> Teatre Municipal de Cunit (c. Sant Joan, 2. Cunit. Tarragona).<\/p>\n\n\n\n<p>Entrada gratuita<\/p>\n","protected":false},"excerpt":{"rendered":"<p>La Federaci\u00f3n Andaluza de Comunidades (FAC) vuelve a traer el Carnaval de C\u00e1diz a Catalunya gracias a la actuaci\u00f3n de la Comparsa \u00abEstamos a punto\u00bb en una nueva edici\u00f3n de su ya tradicional Carnaval gaditano. Y lo har\u00e1 subi\u00e9ndose al escenario de diversos puntos de la geograf\u00eda catalana. Aqu\u00ed van las fechas y lugares: Figueres [&hellip;]<\/p>\n","protected":false},"author":1,"featured_media":1569,"comment_status":"open","ping_status":"open","sticky":false,"template":"","format":"standard","meta":{"footnotes":""},"categories":[19],"tags":[],"class_list":{"0":"post-1553","1":"post","2":"type-post","3":"status-publish","4":"format-standard","5":"has-post-thumbnail","7":"category-actualidad"},"_links":{"self":[{"href":"https:\/\/raicesandaluzas.com\/revista\/wp-json\/wp\/v2\/posts\/1553","targetHints":{"allow":["GET"]}}],"collection":[{"href":"https:\/\/raicesandaluzas.com\/revista\/wp-json\/wp\/v2\/posts"}],"about":[{"href":"https:\/\/raicesandaluzas.com\/revista\/wp-json\/wp\/v2\/types\/post"}],"author":[{"embeddable":true,"href":"https:\/\/raicesandaluzas.com\/revista\/wp-json\/wp\/v2\/users\/1"}],"replies":[{"embeddable":true,"href":"https:\/\/raicesandaluzas.com\/revista\/wp-json\/wp\/v2\/comments?post=1553"}],"version-history":[{"count":2,"href":"https:\/\/raicesandaluzas.com\/revista\/wp-json\/wp\/v2\/posts\/1553\/revisions"}],"predecessor-version":[{"id":1561,"href":"https:\/\/raicesandaluzas.com\/revista\/wp-json\/wp\/v2\/posts\/1553\/revisions\/1561"}],"wp:featuredmedia":[{"embeddable":true,"href":"https:\/\/raicesandaluzas.com\/revista\/wp-json\/wp\/v2\/media\/1569"}],"wp:attachment":[{"href":"https:\/\/raicesandaluzas.com\/revista\/wp-json\/wp\/v2\/media?parent=1553"}],"wp:term":[{"taxonomy":"category","embeddable":true,"href":"https:\/\/raicesandaluzas.com\/revista\/wp-json\/wp\/v2\/categories?post=1553"},{"taxonomy":"post_tag","embeddable":true,"href":"https:\/\/raicesandaluzas.com\/revista\/wp-json\/wp\/v2\/tags?post=1553"}],"curies":[{"name":"wp","href":"https:\/\/api.w.org\/{rel}","templated":true}]}}