{"id":1550,"date":"2024-02-20T11:40:36","date_gmt":"2024-02-20T11:40:36","guid":{"rendered":"https:\/\/raicesandaluzas.com\/revista\/?p=1550"},"modified":"2024-03-05T10:32:39","modified_gmt":"2024-03-05T10:32:39","slug":"torello-celebra-el-dia-de-andalucia","status":"publish","type":"post","link":"https:\/\/raicesandaluzas.com\/revista\/2024\/02\/20\/torello-celebra-el-dia-de-andalucia\/","title":{"rendered":"Torell\u00f3 celebra el D\u00eda de Andaluc\u00eda"},"content":{"rendered":"\n<p>La Asociaci\u00f3n Cultural Andaluza de Torell\u00f3 celebra el primer fin de semana de marzo los actos por el D\u00eda de Andaluc\u00eda, que comenzar\u00e1n el s\u00e1bado, 2 de marzo, en el Teatre Cirvianum de Torell\u00f3 con las actuaciones de los grupos de teatro y de baile y el coro rociero de la entidad, as\u00ed como la asociaci\u00f3n invitada, la AC \u00abMi tierra y el Sur\u00bb de Vic. La entrada es gratuita. <\/p>\n\n\n\n<p>Al d\u00eda siguiente, los actos se trasladar\u00e1n a la sede de la ACA de Torell\u00f3, en la calle Rocaprevera, 30, con una jornada gastron\u00f3mica en la que se degustar\u00e1n platos t\u00edpicos de Andaluc\u00eda.  <\/p>\n","protected":false},"excerpt":{"rendered":"<p>La Asociaci\u00f3n Cultural Andaluza de Torell\u00f3 celebra el primer fin de semana de marzo los actos por el D\u00eda de Andaluc\u00eda, que comenzar\u00e1n el s\u00e1bado, 2 de marzo, en el Teatre Cirvianum de Torell\u00f3 con las actuaciones de los grupos de teatro y de baile y el coro rociero de la entidad, as\u00ed como la [&hellip;]<\/p>\n","protected":false},"author":1,"featured_media":1570,"comment_status":"open","ping_status":"open","sticky":false,"template":"","format":"standard","meta":{"footnotes":""},"categories":[19],"tags":[],"class_list":{"0":"post-1550","1":"post","2":"type-post","3":"status-publish","4":"format-standard","5":"has-post-thumbnail","7":"category-actualidad"},"_links":{"self":[{"href":"https:\/\/raicesandaluzas.com\/revista\/wp-json\/wp\/v2\/posts\/1550","targetHints":{"allow":["GET"]}}],"collection":[{"href":"https:\/\/raicesandaluzas.com\/revista\/wp-json\/wp\/v2\/posts"}],"about":[{"href":"https:\/\/raicesandaluzas.com\/revista\/wp-json\/wp\/v2\/types\/post"}],"author":[{"embeddable":true,"href":"https:\/\/raicesandaluzas.com\/revista\/wp-json\/wp\/v2\/users\/1"}],"replies":[{"embeddable":true,"href":"https:\/\/raicesandaluzas.com\/revista\/wp-json\/wp\/v2\/comments?post=1550"}],"version-history":[{"count":1,"href":"https:\/\/raicesandaluzas.com\/revista\/wp-json\/wp\/v2\/posts\/1550\/revisions"}],"predecessor-version":[{"id":1552,"href":"https:\/\/raicesandaluzas.com\/revista\/wp-json\/wp\/v2\/posts\/1550\/revisions\/1552"}],"wp:featuredmedia":[{"embeddable":true,"href":"https:\/\/raicesandaluzas.com\/revista\/wp-json\/wp\/v2\/media\/1570"}],"wp:attachment":[{"href":"https:\/\/raicesandaluzas.com\/revista\/wp-json\/wp\/v2\/media?parent=1550"}],"wp:term":[{"taxonomy":"category","embeddable":true,"href":"https:\/\/raicesandaluzas.com\/revista\/wp-json\/wp\/v2\/categories?post=1550"},{"taxonomy":"post_tag","embeddable":true,"href":"https:\/\/raicesandaluzas.com\/revista\/wp-json\/wp\/v2\/tags?post=1550"}],"curies":[{"name":"wp","href":"https:\/\/api.w.org\/{rel}","templated":true}]}}