{"id":1544,"date":"2024-02-20T11:15:33","date_gmt":"2024-02-20T11:15:33","guid":{"rendered":"https:\/\/raicesandaluzas.com\/revista\/?p=1544"},"modified":"2024-03-05T10:35:56","modified_gmt":"2024-03-05T10:35:56","slug":"carnaval-de-cadiz-en-sant-boi-2","status":"publish","type":"post","link":"https:\/\/raicesandaluzas.com\/revista\/2024\/02\/20\/carnaval-de-cadiz-en-sant-boi-2\/","title":{"rendered":"Carnaval de C\u00e1diz en Sant Boi"},"content":{"rendered":"\n<p>La Casa de Sevilla de Sant Boi de Llobregat trae el Carnaval de C\u00e1diz a su localidad gracias a la Comparsa Gaditana de Barcelona, que con su espect\u00e1culo \u00abEl \u00faltimo gaditano\u00bb, ser\u00e1 la estrella de la tercera edici\u00f3n del certamen. Ser\u00e1 este pr\u00f3ximo domingo, 25 de febrero, a partir de las 18 horas, en el Teatro Cal Ninyo de la localidad barcelonesa. Las entradas cuestan 8 euros, 6 para los socios, y pueden adquirirse en la web www.entradium.com.<\/p>\n","protected":false},"excerpt":{"rendered":"<p>La Casa de Sevilla de Sant Boi de Llobregat trae el Carnaval de C\u00e1diz a su localidad gracias a la Comparsa Gaditana de Barcelona, que con su espect\u00e1culo \u00abEl \u00faltimo gaditano\u00bb, ser\u00e1 la estrella de la tercera edici\u00f3n del certamen. Ser\u00e1 este pr\u00f3ximo domingo, 25 de febrero, a partir de las 18 horas, en el [&hellip;]<\/p>\n","protected":false},"author":1,"featured_media":1572,"comment_status":"open","ping_status":"open","sticky":false,"template":"","format":"standard","meta":{"footnotes":""},"categories":[19],"tags":[],"class_list":{"0":"post-1544","1":"post","2":"type-post","3":"status-publish","4":"format-standard","5":"has-post-thumbnail","7":"category-actualidad"},"_links":{"self":[{"href":"https:\/\/raicesandaluzas.com\/revista\/wp-json\/wp\/v2\/posts\/1544","targetHints":{"allow":["GET"]}}],"collection":[{"href":"https:\/\/raicesandaluzas.com\/revista\/wp-json\/wp\/v2\/posts"}],"about":[{"href":"https:\/\/raicesandaluzas.com\/revista\/wp-json\/wp\/v2\/types\/post"}],"author":[{"embeddable":true,"href":"https:\/\/raicesandaluzas.com\/revista\/wp-json\/wp\/v2\/users\/1"}],"replies":[{"embeddable":true,"href":"https:\/\/raicesandaluzas.com\/revista\/wp-json\/wp\/v2\/comments?post=1544"}],"version-history":[{"count":1,"href":"https:\/\/raicesandaluzas.com\/revista\/wp-json\/wp\/v2\/posts\/1544\/revisions"}],"predecessor-version":[{"id":1546,"href":"https:\/\/raicesandaluzas.com\/revista\/wp-json\/wp\/v2\/posts\/1544\/revisions\/1546"}],"wp:featuredmedia":[{"embeddable":true,"href":"https:\/\/raicesandaluzas.com\/revista\/wp-json\/wp\/v2\/media\/1572"}],"wp:attachment":[{"href":"https:\/\/raicesandaluzas.com\/revista\/wp-json\/wp\/v2\/media?parent=1544"}],"wp:term":[{"taxonomy":"category","embeddable":true,"href":"https:\/\/raicesandaluzas.com\/revista\/wp-json\/wp\/v2\/categories?post=1544"},{"taxonomy":"post_tag","embeddable":true,"href":"https:\/\/raicesandaluzas.com\/revista\/wp-json\/wp\/v2\/tags?post=1544"}],"curies":[{"name":"wp","href":"https:\/\/api.w.org\/{rel}","templated":true}]}}