{"id":1535,"date":"2024-02-19T11:41:04","date_gmt":"2024-02-19T11:41:04","guid":{"rendered":"https:\/\/raicesandaluzas.com\/revista\/?p=1535"},"modified":"2024-03-05T10:37:35","modified_gmt":"2024-03-05T10:37:35","slug":"miguel-moyares-de-ecos-del-rocio-pronunciarala-conferencia-del-dia-de-andalucia-de-fecac","status":"publish","type":"post","link":"https:\/\/raicesandaluzas.com\/revista\/2024\/02\/19\/miguel-moyares-de-ecos-del-rocio-pronunciarala-conferencia-del-dia-de-andalucia-de-fecac\/","title":{"rendered":"Miguel Moyares, de Ecos del Roc\u00edo, pronunciar\u00e1 la conferencia del D\u00eda de Andaluc\u00eda de FECAC"},"content":{"rendered":"\n<p>La Federaci\u00f3n de Entidades Culturales Andaluzas en Catalu\u00f1a (FECAC) ha presentado hoy los actos de la edici\u00f3n n\u00famero 40 de las Jornadas<br>Conmemorativas del D\u00eda de Andaluc\u00eda en Catalu\u00f1a.<br>El cartel, dise\u00f1ado por Mar\u00eda Vargas, de la Hermandad Virgen del Roc\u00edo de Pineda de Mar, rinde homenaje al guitarrista y compositor<br>Paco de Luc\u00eda en el d\u00e9cimo aniversario de su muerte.<br>La tradicional conferencia institucional del D\u00eda de Andaluc\u00eda tendr\u00e1 como protagonista este a\u00f1o al compositor y cantante Miguel<br>Moyares, miembro del legendario grupo Ecos del Roc\u00edo. El acto, con invitaci\u00f3n, se celebrar\u00e1 como es habitual en el Sal\u00f3 de Cent del<br>Ayuntamiento de Barcelona el martes 27 de febrero.<br>La junta directiva de la FECAC y las entidades asociadas, junto con las autoridades, har\u00e1n la ofrenda floral en el monolito de Blas Infante,<br>considerado el padre de la patria andaluza, en el parque de la Guineueta, en Barcelona, el domingo 3 de marzo a las nueve de la<br>ma\u00f1ana. Seguidamente se celebrar\u00e1 la Jornada de Convivencia en el parque Els Bellots de Terrassa, actividad festiva que tradicionalmente constituye el colof\u00f3n de estas jornadas conmemorativas.<br>La presentaci\u00f3n del programa de actos y del cartel ha tenido lugar en el marco del Seminario anual de la FECAC que ha reunido este fin de semana en Santa Susanna a directivos y representantes de las entidades afiliadas. El encuentro fue inaugurado el s\u00e1bado por el delegado del Gobierno en Catalu\u00f1a, Carlos Prieto; la delegada de la Junta de Andaluc\u00eda en Catalu\u00f1a, Esperanza Garc\u00eda; el alcalde de Santa Susanna, Joan Campolier, y el presidente de la FECAC, Daniel Salinero.<\/p>\n\n\n\n<div><a href=\"https:\/\/raicesandaluzas.com\/revista\/wp-content\/uploads\/2024\/02\/Seminario-FECAC-2-1024x768.jpg\" class=\"td-modal-image\"><figure class=\"wp-block-image size-large\"><img loading=\"lazy\" decoding=\"async\" width=\"1024\" height=\"768\" src=\"https:\/\/raicesandaluzas.com\/revista\/wp-content\/uploads\/2024\/02\/Seminario-FECAC-2-1024x768.jpg\" alt=\"\" class=\"wp-image-1537\" srcset=\"https:\/\/raicesandaluzas.com\/revista\/wp-content\/uploads\/2024\/02\/Seminario-FECAC-2-1024x768.jpg 1024w, https:\/\/raicesandaluzas.com\/revista\/wp-content\/uploads\/2024\/02\/Seminario-FECAC-2-300x225.jpg 300w, https:\/\/raicesandaluzas.com\/revista\/wp-content\/uploads\/2024\/02\/Seminario-FECAC-2-768x576.jpg 768w, https:\/\/raicesandaluzas.com\/revista\/wp-content\/uploads\/2024\/02\/Seminario-FECAC-2-696x522.jpg 696w, https:\/\/raicesandaluzas.com\/revista\/wp-content\/uploads\/2024\/02\/Seminario-FECAC-2-1068x801.jpg 1068w, https:\/\/raicesandaluzas.com\/revista\/wp-content\/uploads\/2024\/02\/Seminario-FECAC-2-560x420.jpg 560w, https:\/\/raicesandaluzas.com\/revista\/wp-content\/uploads\/2024\/02\/Seminario-FECAC-2-80x60.jpg 80w, https:\/\/raicesandaluzas.com\/revista\/wp-content\/uploads\/2024\/02\/Seminario-FECAC-2-265x198.jpg 265w, https:\/\/raicesandaluzas.com\/revista\/wp-content\/uploads\/2024\/02\/Seminario-FECAC-2.jpg 1200w\" sizes=\"auto, (max-width: 1024px) 100vw, 1024px\" \/><\/figure><\/a><\/div>\n\n\n\n<p><br>Durante el seminario se han celebrado diversas sesiones de trabajo y tambi\u00e9n de formaci\u00f3n sobre organizaci\u00f3n de eventos y protocolo, a cargo de \u00d3scar Salda\u00f1a; nuevas tecnolog\u00edas y seguridad de la informaci\u00f3n con Tony Sotomayor como ponente; asuntos administrativos con Silvia Clavijo y entidades andaluzas, objetivo 2030 con David G\u00f3mez como protagonista.<\/p>\n\n\n\n<div><a href=\"https:\/\/raicesandaluzas.com\/revista\/wp-content\/uploads\/2024\/02\/Seminario-FECAC-2024-1024x208.jpg\" class=\"td-modal-image\"><figure class=\"wp-block-image size-large\"><img loading=\"lazy\" decoding=\"async\" width=\"1024\" height=\"208\" src=\"https:\/\/raicesandaluzas.com\/revista\/wp-content\/uploads\/2024\/02\/Seminario-FECAC-2024-1024x208.jpg\" alt=\"\" class=\"wp-image-1536\" srcset=\"https:\/\/raicesandaluzas.com\/revista\/wp-content\/uploads\/2024\/02\/Seminario-FECAC-2024-1024x208.jpg 1024w, https:\/\/raicesandaluzas.com\/revista\/wp-content\/uploads\/2024\/02\/Seminario-FECAC-2024-300x61.jpg 300w, https:\/\/raicesandaluzas.com\/revista\/wp-content\/uploads\/2024\/02\/Seminario-FECAC-2024-768x156.jpg 768w, https:\/\/raicesandaluzas.com\/revista\/wp-content\/uploads\/2024\/02\/Seminario-FECAC-2024-696x142.jpg 696w, https:\/\/raicesandaluzas.com\/revista\/wp-content\/uploads\/2024\/02\/Seminario-FECAC-2024-1068x217.jpg 1068w, https:\/\/raicesandaluzas.com\/revista\/wp-content\/uploads\/2024\/02\/Seminario-FECAC-2024.jpg 1200w\" sizes=\"auto, (max-width: 1024px) 100vw, 1024px\" \/><\/figure><\/a><\/div>\n\n\n\n<p><br>Daniel Salinero, presidente de FECAC, ha conminado a los presentes a mejorar cada d\u00eda sus actuaciones, a seguir estando activos e implicados en sus localidades, todo lo cual garantiza la pervivencia de la cultura andaluza en Catalu\u00f1a a trav\u00e9s de las nuevas generaciones.<br>Las pr\u00f3ximas actividades de la FECAC ser\u00e1n, adem\u00e1s de los actos del D\u00eda de Andaluc\u00eda, la Feria de Abril en el Parc del F\u00f2rum del 26 de abril al 5 de mayo y la Romer\u00eda del Roc\u00edo en Terrassa del 17 al 20 de mayo.<\/p>\n","protected":false},"excerpt":{"rendered":"<p>La Federaci\u00f3n de Entidades Culturales Andaluzas en Catalu\u00f1a (FECAC) ha presentado hoy los actos de la edici\u00f3n n\u00famero 40 de las JornadasConmemorativas del D\u00eda de Andaluc\u00eda en Catalu\u00f1a.El cartel, dise\u00f1ado por Mar\u00eda Vargas, de la Hermandad Virgen del Roc\u00edo de Pineda de Mar, rinde homenaje al guitarrista y compositorPaco de Luc\u00eda en el d\u00e9cimo aniversario [&hellip;]<\/p>\n","protected":false},"author":2,"featured_media":1573,"comment_status":"open","ping_status":"open","sticky":false,"template":"","format":"standard","meta":{"footnotes":""},"categories":[19],"tags":[],"class_list":{"0":"post-1535","1":"post","2":"type-post","3":"status-publish","4":"format-standard","5":"has-post-thumbnail","7":"category-actualidad"},"_links":{"self":[{"href":"https:\/\/raicesandaluzas.com\/revista\/wp-json\/wp\/v2\/posts\/1535","targetHints":{"allow":["GET"]}}],"collection":[{"href":"https:\/\/raicesandaluzas.com\/revista\/wp-json\/wp\/v2\/posts"}],"about":[{"href":"https:\/\/raicesandaluzas.com\/revista\/wp-json\/wp\/v2\/types\/post"}],"author":[{"embeddable":true,"href":"https:\/\/raicesandaluzas.com\/revista\/wp-json\/wp\/v2\/users\/2"}],"replies":[{"embeddable":true,"href":"https:\/\/raicesandaluzas.com\/revista\/wp-json\/wp\/v2\/comments?post=1535"}],"version-history":[{"count":2,"href":"https:\/\/raicesandaluzas.com\/revista\/wp-json\/wp\/v2\/posts\/1535\/revisions"}],"predecessor-version":[{"id":1540,"href":"https:\/\/raicesandaluzas.com\/revista\/wp-json\/wp\/v2\/posts\/1535\/revisions\/1540"}],"wp:featuredmedia":[{"embeddable":true,"href":"https:\/\/raicesandaluzas.com\/revista\/wp-json\/wp\/v2\/media\/1573"}],"wp:attachment":[{"href":"https:\/\/raicesandaluzas.com\/revista\/wp-json\/wp\/v2\/media?parent=1535"}],"wp:term":[{"taxonomy":"category","embeddable":true,"href":"https:\/\/raicesandaluzas.com\/revista\/wp-json\/wp\/v2\/categories?post=1535"},{"taxonomy":"post_tag","embeddable":true,"href":"https:\/\/raicesandaluzas.com\/revista\/wp-json\/wp\/v2\/tags?post=1535"}],"curies":[{"name":"wp","href":"https:\/\/api.w.org\/{rel}","templated":true}]}}