{"id":1532,"date":"2024-02-16T11:29:30","date_gmt":"2024-02-16T11:29:30","guid":{"rendered":"https:\/\/raicesandaluzas.com\/revista\/?p=1532"},"modified":"2024-03-12T12:46:38","modified_gmt":"2024-03-12T12:46:38","slug":"la-hermandad-del-rocio-de-barcelona-organiza-unconcierto-solidario-de-castanuelas-a-cargo-de-la-escuelade-mar-bezana-a-beneficio-de-caritas-barcelona-y-lafundacion-joan-salvador-gavina","status":"publish","type":"post","link":"https:\/\/raicesandaluzas.com\/revista\/2024\/02\/16\/la-hermandad-del-rocio-de-barcelona-organiza-unconcierto-solidario-de-castanuelas-a-cargo-de-la-escuelade-mar-bezana-a-beneficio-de-caritas-barcelona-y-lafundacion-joan-salvador-gavina\/","title":{"rendered":"La Hermandad del Roc\u00edo de Barcelona organiza unconcierto solidario de Casta\u00f1uelas a cargo de la Escuela de Mar Bezana a beneficio de C\u00e1ritas Parroquial de la Merc\u00e8 y la Fundaci\u00f3n Joan Salvador Gavina"},"content":{"rendered":"\n<p>La Diputaci\u00f3n de Obras Asistenciales de la Hdad.Ntra.Sra. del Roc\u00edo de Barcelona organiza, con la colaboraci\u00f3n de la Bas\u00edlica de la Merc\u00e8 de Barcelona, el Concierto Solidario de Casta\u00f1uelas a beneficio de C\u00e0ritas Parroquial de la Merc\u00e8 y de Fundaci\u00f3 Joan Salvador Gavina. Ser\u00e1 el s\u00e1bado 16 de marzo a las 20.30 horas en la Bas\u00edlica de la Merc\u00e8 (Plaza de la Merc\u00e8 1. Barcelona) a cargo del coro de Casta\u00f1uelas de Mar Bezana.<br>Durante el concierto se interpretar\u00e1n temas de Verdi, Shostakovic, Bocccherini, Bach, Vivaldi, Bret\u00f3n, Strauss, Falla, Jim\u00e9nez. Al finalizar ser\u00e1 el \u201cbroche de oro\u201d de parte del Coro de la Hermandad del Roc\u00edo de Barcelona.<\/p>\n\n\n\n<p>Las entradas se pueden conseguir a trav\u00e9s de la <a href=\"http:\/\/www.entradium.com\">www.entradium.com<\/a><\/p>\n","protected":false},"excerpt":{"rendered":"<p>La Diputaci\u00f3n de Obras Asistenciales de la Hdad.Ntra.Sra. del Roc\u00edo de Barcelona organiza, con la colaboraci\u00f3n de la Bas\u00edlica de la Merc\u00e8 de Barcelona, el Concierto Solidario de Casta\u00f1uelas a beneficio de C\u00e0ritas Parroquial de la Merc\u00e8 y de Fundaci\u00f3 Joan Salvador Gavina. Ser\u00e1 el s\u00e1bado 16 de marzo a las 20.30 horas en la [&hellip;]<\/p>\n","protected":false},"author":1,"featured_media":1574,"comment_status":"open","ping_status":"open","sticky":false,"template":"","format":"standard","meta":{"footnotes":""},"categories":[19,21],"tags":[],"class_list":{"0":"post-1532","1":"post","2":"type-post","3":"status-publish","4":"format-standard","5":"has-post-thumbnail","7":"category-actualidad","8":"category-raices-rocieras"},"_links":{"self":[{"href":"https:\/\/raicesandaluzas.com\/revista\/wp-json\/wp\/v2\/posts\/1532","targetHints":{"allow":["GET"]}}],"collection":[{"href":"https:\/\/raicesandaluzas.com\/revista\/wp-json\/wp\/v2\/posts"}],"about":[{"href":"https:\/\/raicesandaluzas.com\/revista\/wp-json\/wp\/v2\/types\/post"}],"author":[{"embeddable":true,"href":"https:\/\/raicesandaluzas.com\/revista\/wp-json\/wp\/v2\/users\/1"}],"replies":[{"embeddable":true,"href":"https:\/\/raicesandaluzas.com\/revista\/wp-json\/wp\/v2\/comments?post=1532"}],"version-history":[{"count":2,"href":"https:\/\/raicesandaluzas.com\/revista\/wp-json\/wp\/v2\/posts\/1532\/revisions"}],"predecessor-version":[{"id":1604,"href":"https:\/\/raicesandaluzas.com\/revista\/wp-json\/wp\/v2\/posts\/1532\/revisions\/1604"}],"wp:featuredmedia":[{"embeddable":true,"href":"https:\/\/raicesandaluzas.com\/revista\/wp-json\/wp\/v2\/media\/1574"}],"wp:attachment":[{"href":"https:\/\/raicesandaluzas.com\/revista\/wp-json\/wp\/v2\/media?parent=1532"}],"wp:term":[{"taxonomy":"category","embeddable":true,"href":"https:\/\/raicesandaluzas.com\/revista\/wp-json\/wp\/v2\/categories?post=1532"},{"taxonomy":"post_tag","embeddable":true,"href":"https:\/\/raicesandaluzas.com\/revista\/wp-json\/wp\/v2\/tags?post=1532"}],"curies":[{"name":"wp","href":"https:\/\/api.w.org\/{rel}","templated":true}]}}