{"id":1529,"date":"2024-02-15T09:36:51","date_gmt":"2024-02-15T09:36:51","guid":{"rendered":"https:\/\/raicesandaluzas.com\/revista\/?p=1529"},"modified":"2024-03-05T10:41:05","modified_gmt":"2024-03-05T10:41:05","slug":"lhospitalet-de-llobregat-acoge-el-iii-encuentro-de-jovenes-cofrades","status":"publish","type":"post","link":"https:\/\/raicesandaluzas.com\/revista\/2024\/02\/15\/lhospitalet-de-llobregat-acoge-el-iii-encuentro-de-jovenes-cofrades\/","title":{"rendered":"L&#8217;Hospitalet de Llobregat acoge el III Encuentro de J\u00f3venes Cofrades"},"content":{"rendered":"\n<p>El s\u00e1bado 24 de febrero, el Auditori la B\u00f3bila de L&#8217;Hospitalet de Llobregat acoge la celebraci\u00f3n del tercer encuentro de J\u00f3venes Cofrades. Los actos comenzar\u00e1n a las 10.30 horas con una conferencia a cargo de David G\u00f3mez, a la que seguir\u00e1 otra a cargo de la Cofrad\u00eda del Buen Amor de Tarragona y otra a cargo de la Hermandad Nazareno de Matar\u00f3. La Cofrad\u00eda 15+1, que ejerce como anfitriona, se encargar\u00e1 de realizar diversas actividades destinadas a los j\u00f3venes cofrades presentes. Tambi\u00e9n por la ma\u00f1ana se celebrar\u00e1 la presentaci\u00f3n del Encuentro Nacional de j\u00f3venes por los J\u00f3venes cofrades de Le\u00f3n. Ya por la tarde se llevar\u00e1 a cabo el preg\u00f3n de la juventud cofrade, que este a\u00f1o ir\u00e1 a cargo de Nerea P\u00e1quez. Actuar\u00e1n la Agrupaci\u00f3n Musical Cofrad\u00eda 15+1 y el Grupo Danea, y ser\u00e1 presentado por David Segura.<\/p>\n","protected":false},"excerpt":{"rendered":"<p>El s\u00e1bado 24 de febrero, el Auditori la B\u00f3bila de L&#8217;Hospitalet de Llobregat acoge la celebraci\u00f3n del tercer encuentro de J\u00f3venes Cofrades. Los actos comenzar\u00e1n a las 10.30 horas con una conferencia a cargo de David G\u00f3mez, a la que seguir\u00e1 otra a cargo de la Cofrad\u00eda del Buen Amor de Tarragona y otra a [&hellip;]<\/p>\n","protected":false},"author":1,"featured_media":1575,"comment_status":"open","ping_status":"open","sticky":false,"template":"","format":"standard","meta":{"footnotes":""},"categories":[19],"tags":[],"class_list":{"0":"post-1529","1":"post","2":"type-post","3":"status-publish","4":"format-standard","5":"has-post-thumbnail","7":"category-actualidad"},"_links":{"self":[{"href":"https:\/\/raicesandaluzas.com\/revista\/wp-json\/wp\/v2\/posts\/1529","targetHints":{"allow":["GET"]}}],"collection":[{"href":"https:\/\/raicesandaluzas.com\/revista\/wp-json\/wp\/v2\/posts"}],"about":[{"href":"https:\/\/raicesandaluzas.com\/revista\/wp-json\/wp\/v2\/types\/post"}],"author":[{"embeddable":true,"href":"https:\/\/raicesandaluzas.com\/revista\/wp-json\/wp\/v2\/users\/1"}],"replies":[{"embeddable":true,"href":"https:\/\/raicesandaluzas.com\/revista\/wp-json\/wp\/v2\/comments?post=1529"}],"version-history":[{"count":1,"href":"https:\/\/raicesandaluzas.com\/revista\/wp-json\/wp\/v2\/posts\/1529\/revisions"}],"predecessor-version":[{"id":1531,"href":"https:\/\/raicesandaluzas.com\/revista\/wp-json\/wp\/v2\/posts\/1529\/revisions\/1531"}],"wp:featuredmedia":[{"embeddable":true,"href":"https:\/\/raicesandaluzas.com\/revista\/wp-json\/wp\/v2\/media\/1575"}],"wp:attachment":[{"href":"https:\/\/raicesandaluzas.com\/revista\/wp-json\/wp\/v2\/media?parent=1529"}],"wp:term":[{"taxonomy":"category","embeddable":true,"href":"https:\/\/raicesandaluzas.com\/revista\/wp-json\/wp\/v2\/categories?post=1529"},{"taxonomy":"post_tag","embeddable":true,"href":"https:\/\/raicesandaluzas.com\/revista\/wp-json\/wp\/v2\/tags?post=1529"}],"curies":[{"name":"wp","href":"https:\/\/api.w.org\/{rel}","templated":true}]}}