{"id":1498,"date":"2023-11-20T09:16:00","date_gmt":"2023-11-20T09:16:00","guid":{"rendered":"https:\/\/raicesandaluzas.com\/revista\/?p=1498"},"modified":"2023-11-20T09:16:00","modified_gmt":"2023-11-20T09:16:00","slug":"el-cordobes-antonio-jose-nieto-gana-el-yunque-flamenco-de-plata-del-concurso-internacional-de-fecac","status":"publish","type":"post","link":"https:\/\/raicesandaluzas.com\/revista\/2023\/11\/20\/el-cordobes-antonio-jose-nieto-gana-el-yunque-flamenco-de-plata-del-concurso-internacional-de-fecac\/","title":{"rendered":"El cordob\u00e9s Antonio Jos\u00e9 Nieto gana el Yunque Flamenco de plata del concurso internacional de FECAC"},"content":{"rendered":"\n<p>El cantaor Antonio Jos\u00e9 Nieto Fern\u00e1ndez, de Lucena (C\u00f3rdoba) se ha adjudicado el Yunque de Plata como vencedor del XXIV Concurso Internacional de Cante Yunque Flamenco, organizado por la Federaci\u00f3n de Entidades Culturales Andaluzas en Catalunya (FECAC), cuya final tuvo lugar anoche en el Petit Palau del Palau de la M\u00fasica Catalana, en Barcelona.<\/p>\n\n\n\n<p>El premio, adem\u00e1s del Yunque de Plata, tiene una dotaci\u00f3n de 6.000 euros en met\u00e1lico y un diploma.<\/p>\n\n\n\n<p>El segundo clasificado fue Edu Hidalgo, extreme\u00f1o residente en Sevilla, con un premio de 2.500 euros y diploma, y el tercero, Pedro Garrido Fern\u00e1ndez \u2018Ni\u00f1o de la Fragua\u2019, de C\u00e1diz, que recibe 1.500 euros y diploma.<\/p>\n\n\n\n<p>Adem\u00e1s, se repartieron dos premios m\u00e1s. Uno, para el mejor clasificado de Catalu\u00f1a, donado por la Casa de Andaluc\u00eda de Cerdanyola y que lleva el nombre de su expresidente Miguel Ramos, para Ismael Cabrera, de Barcelona, y el otro para el mejor clasificado menor de 25 a\u00f1os, otorgado por el Centro Andaluz Tertulia Flamenca de Badalona con el nombre de Jos\u00e9 Mayo, correspondi\u00f3 a Ana Cayetana, procedente de Montellano (Sevilla).<\/p>\n\n\n\n<p>Los cinco artistas fueron acompa\u00f1ados a la guitarra por Alberto Fern\u00e1ndez y Paco Garfia.<\/p>\n\n\n\n<div><a href=\"https:\/\/raicesandaluzas.com\/revista\/wp-content\/uploads\/2023\/11\/Premiados-y-autoridades-1024x561.jpg\" class=\"td-modal-image\"><figure class=\"wp-block-image size-large\"><img loading=\"lazy\" decoding=\"async\" width=\"1024\" height=\"561\" src=\"https:\/\/raicesandaluzas.com\/revista\/wp-content\/uploads\/2023\/11\/Premiados-y-autoridades-1024x561.jpg\" alt=\"\" class=\"wp-image-1499\" srcset=\"https:\/\/raicesandaluzas.com\/revista\/wp-content\/uploads\/2023\/11\/Premiados-y-autoridades-1024x561.jpg 1024w, https:\/\/raicesandaluzas.com\/revista\/wp-content\/uploads\/2023\/11\/Premiados-y-autoridades-300x165.jpg 300w, https:\/\/raicesandaluzas.com\/revista\/wp-content\/uploads\/2023\/11\/Premiados-y-autoridades-768x421.jpg 768w, https:\/\/raicesandaluzas.com\/revista\/wp-content\/uploads\/2023\/11\/Premiados-y-autoridades-696x382.jpg 696w, https:\/\/raicesandaluzas.com\/revista\/wp-content\/uploads\/2023\/11\/Premiados-y-autoridades-1068x586.jpg 1068w, https:\/\/raicesandaluzas.com\/revista\/wp-content\/uploads\/2023\/11\/Premiados-y-autoridades-766x420.jpg 766w, https:\/\/raicesandaluzas.com\/revista\/wp-content\/uploads\/2023\/11\/Premiados-y-autoridades.jpg 1200w\" sizes=\"auto, (max-width: 1024px) 100vw, 1024px\" \/><\/figure><\/a><\/div>\n\n\n\n<p>En la gala, presentada por Manuel Calder\u00f3n, se ha rendido tambi\u00e9n homenaje a la C\u00e1tedra de Flamencolog\u00eda de la Universidad de C\u00f3rdoba a quien se entreg\u00f3 un \u201cYunque de Plata\u201d honorifico como reconocimiento a ser la primera, desde 1996, que surge con car\u00e1cter vinculante a una universidad y, por tanto, pionera en el desarrollo tem\u00e1tico del estudio del flamenco, con expedici\u00f3n de certificaci\u00f3n acad\u00e9mica. Recogi\u00f3 el premio su director, David Pino.<\/p>\n\n\n\n<p>Los galardones fueron entregados por Sara Belbeida, comisionada de Relaciones Ciudadanas y Diversidad Cultural y Religiosa del Ayuntamiento de Barcelona; Esperanza Garc\u00eda, delegada de la Junta de Andaluc\u00eda en Catalu\u00f1a; Meritxell Farr\u00e9, directiva de Aguas de Barcelona; Paco Bernal, director del Yunque Flamenco; Antonio Campuzano, coordinador del concurso; y Antonio Canillas, presidente de Tertulia Flamenca de Badalona pe\u00f1a el Cabrero.<br>Daniel Salinero, presidente de la FECAC, destac\u00f3 el car\u00e1cter internacional del concurso desde esta edici\u00f3n, en el que han participado algunos cantaores japoneses, e invit\u00f3 a que la presencia for\u00e1nea sea m\u00e1s numerosa en la pr\u00f3xima convocatoria que ser\u00e1 la n\u00famero 25, en 2025.<\/p>\n","protected":false},"excerpt":{"rendered":"<p>El cantaor Antonio Jos\u00e9 Nieto Fern\u00e1ndez, de Lucena (C\u00f3rdoba) se ha adjudicado el Yunque de Plata como vencedor del XXIV Concurso Internacional de Cante Yunque Flamenco, organizado por la Federaci\u00f3n de Entidades Culturales Andaluzas en Catalunya (FECAC), cuya final tuvo lugar anoche en el Petit Palau del Palau de la M\u00fasica Catalana, en Barcelona. El [&hellip;]<\/p>\n","protected":false},"author":2,"featured_media":1500,"comment_status":"open","ping_status":"open","sticky":false,"template":"","format":"standard","meta":{"footnotes":""},"categories":[19,22],"tags":[],"class_list":{"0":"post-1498","1":"post","2":"type-post","3":"status-publish","4":"format-standard","5":"has-post-thumbnail","7":"category-actualidad","8":"category-flamenco"},"_links":{"self":[{"href":"https:\/\/raicesandaluzas.com\/revista\/wp-json\/wp\/v2\/posts\/1498","targetHints":{"allow":["GET"]}}],"collection":[{"href":"https:\/\/raicesandaluzas.com\/revista\/wp-json\/wp\/v2\/posts"}],"about":[{"href":"https:\/\/raicesandaluzas.com\/revista\/wp-json\/wp\/v2\/types\/post"}],"author":[{"embeddable":true,"href":"https:\/\/raicesandaluzas.com\/revista\/wp-json\/wp\/v2\/users\/2"}],"replies":[{"embeddable":true,"href":"https:\/\/raicesandaluzas.com\/revista\/wp-json\/wp\/v2\/comments?post=1498"}],"version-history":[{"count":1,"href":"https:\/\/raicesandaluzas.com\/revista\/wp-json\/wp\/v2\/posts\/1498\/revisions"}],"predecessor-version":[{"id":1501,"href":"https:\/\/raicesandaluzas.com\/revista\/wp-json\/wp\/v2\/posts\/1498\/revisions\/1501"}],"wp:featuredmedia":[{"embeddable":true,"href":"https:\/\/raicesandaluzas.com\/revista\/wp-json\/wp\/v2\/media\/1500"}],"wp:attachment":[{"href":"https:\/\/raicesandaluzas.com\/revista\/wp-json\/wp\/v2\/media?parent=1498"}],"wp:term":[{"taxonomy":"category","embeddable":true,"href":"https:\/\/raicesandaluzas.com\/revista\/wp-json\/wp\/v2\/categories?post=1498"},{"taxonomy":"post_tag","embeddable":true,"href":"https:\/\/raicesandaluzas.com\/revista\/wp-json\/wp\/v2\/tags?post=1498"}],"curies":[{"name":"wp","href":"https:\/\/api.w.org\/{rel}","templated":true}]}}