{"id":1495,"date":"2023-11-17T10:03:36","date_gmt":"2023-11-17T10:03:36","guid":{"rendered":"https:\/\/raicesandaluzas.com\/revista\/?p=1495"},"modified":"2023-11-17T10:03:36","modified_gmt":"2023-11-17T10:03:36","slug":"tres-finalistas-optan-al-yunque-flamenco-de-plata","status":"publish","type":"post","link":"https:\/\/raicesandaluzas.com\/revista\/2023\/11\/17\/tres-finalistas-optan-al-yunque-flamenco-de-plata\/","title":{"rendered":"Tres finalistas optan al Yunque Flamenco de plata"},"content":{"rendered":"\n<p>Tres cantaores concurren a la gala final del XXIV Concurso Internacional de Cante Yunque Flamenco, organizado por la Federaci\u00f3n de Entidades Culturales Andaluzas en Catalunya (FECAC), que tendr\u00e1 lugar este s\u00e1bado, 18 de noviembre, a las 18:30 horas en el Petit Palau del Palau de la M\u00fasica Catalana, en Barcelona.<br>Los finalistas del certamen, uno de los m\u00e1s prestigiosos de Espa\u00f1a en su g\u00e9nero y que desde esta edici\u00f3n adquiere el car\u00e1cter de internacional, son Edu Hidalgo (Sevilla), Ni\u00f1o de la Fragua (C\u00e1diz) y Antonio Jos\u00e9 Nieto (C\u00f3rdoba). A parte de estos tres, en la gala tambi\u00e9n intervendr\u00e1n Ana Cayetana (Sevilla), premio a los menores de 25 a\u00f1os, e Ismael Cabrera (Barcelona), premio a mejor clasificado<br>de Catalu\u00f1a. Todos ellos se han clasificado despu\u00e9s de superar las semifinales despu\u00e9s de una dura selecci\u00f3n entre el centenar de candidatos que concurrieron al certamen.<br>Presentar\u00e1 la gala final Manuel Calder\u00f3n y los guitarristas Alberto Fern\u00e1ndez y Paco Garfia acompa\u00f1ar\u00e1n en la interpretaci\u00f3n a los cantaores.<br>El premio para el ganador ser\u00e1 el Yunque de Plata, 6.000 euros en met\u00e1lico y un diploma. El segundo y tercer clasificado recibir\u00e1n 2.500 y 1.500 euros, respectivamente, adem\u00e1s del correspondiente diploma.<br>Habr\u00e1 adem\u00e1s dos acc\u00e9sits de 1.000 euros y diploma. Aparte, hay dos premios m\u00e1s. Uno, para el mejor clasificado de Catalu\u00f1a, y otro para el mejor clasificado menor de 25 a\u00f1os.<br>En esta edici\u00f3n se rinde homenaje asimismo a la C\u00e1tedra de Flamencolog\u00eda de la Universidad de C\u00f3rdoba a quien se le har\u00e1 la entrega del especial \u201cYunque de Plata\u201d honorifico como reconocimiento a ser la primera, desde 1996, que surge con car\u00e1cter vinculante a una universidad y, por tanto, pionera en el desarrollo tem\u00e1tico del estudio del flamenco, con expedici\u00f3n de certificaci\u00f3n acad\u00e9mica.<\/p>\n","protected":false},"excerpt":{"rendered":"<p>Tres cantaores concurren a la gala final del XXIV Concurso Internacional de Cante Yunque Flamenco, organizado por la Federaci\u00f3n de Entidades Culturales Andaluzas en Catalunya (FECAC), que tendr\u00e1 lugar este s\u00e1bado, 18 de noviembre, a las 18:30 horas en el Petit Palau del Palau de la M\u00fasica Catalana, en Barcelona.Los finalistas del certamen, uno de [&hellip;]<\/p>\n","protected":false},"author":2,"featured_media":1496,"comment_status":"open","ping_status":"open","sticky":false,"template":"","format":"standard","meta":{"footnotes":""},"categories":[19,22],"tags":[],"class_list":{"0":"post-1495","1":"post","2":"type-post","3":"status-publish","4":"format-standard","5":"has-post-thumbnail","7":"category-actualidad","8":"category-flamenco"},"_links":{"self":[{"href":"https:\/\/raicesandaluzas.com\/revista\/wp-json\/wp\/v2\/posts\/1495","targetHints":{"allow":["GET"]}}],"collection":[{"href":"https:\/\/raicesandaluzas.com\/revista\/wp-json\/wp\/v2\/posts"}],"about":[{"href":"https:\/\/raicesandaluzas.com\/revista\/wp-json\/wp\/v2\/types\/post"}],"author":[{"embeddable":true,"href":"https:\/\/raicesandaluzas.com\/revista\/wp-json\/wp\/v2\/users\/2"}],"replies":[{"embeddable":true,"href":"https:\/\/raicesandaluzas.com\/revista\/wp-json\/wp\/v2\/comments?post=1495"}],"version-history":[{"count":1,"href":"https:\/\/raicesandaluzas.com\/revista\/wp-json\/wp\/v2\/posts\/1495\/revisions"}],"predecessor-version":[{"id":1497,"href":"https:\/\/raicesandaluzas.com\/revista\/wp-json\/wp\/v2\/posts\/1495\/revisions\/1497"}],"wp:featuredmedia":[{"embeddable":true,"href":"https:\/\/raicesandaluzas.com\/revista\/wp-json\/wp\/v2\/media\/1496"}],"wp:attachment":[{"href":"https:\/\/raicesandaluzas.com\/revista\/wp-json\/wp\/v2\/media?parent=1495"}],"wp:term":[{"taxonomy":"category","embeddable":true,"href":"https:\/\/raicesandaluzas.com\/revista\/wp-json\/wp\/v2\/categories?post=1495"},{"taxonomy":"post_tag","embeddable":true,"href":"https:\/\/raicesandaluzas.com\/revista\/wp-json\/wp\/v2\/tags?post=1495"}],"curies":[{"name":"wp","href":"https:\/\/api.w.org\/{rel}","templated":true}]}}