{"id":1484,"date":"2023-11-07T12:11:13","date_gmt":"2023-11-07T12:11:13","guid":{"rendered":"https:\/\/raicesandaluzas.com\/revista\/?p=1484"},"modified":"2023-11-07T12:11:14","modified_gmt":"2023-11-07T12:11:14","slug":"restaurada-la-saya-burdeos-en-tisu-de-oro-de-las-angustias-de-barcelona","status":"publish","type":"post","link":"https:\/\/raicesandaluzas.com\/revista\/2023\/11\/07\/restaurada-la-saya-burdeos-en-tisu-de-oro-de-las-angustias-de-barcelona\/","title":{"rendered":"Restaurada la saya burdeos en tis\u00fa de oro de las Angustias de Barcelona"},"content":{"rendered":"\n<p>Restaurada la saya burdeos en tis\u00fa de oro de la Virgen de las Angustias de Barcelona,&nbsp;confeccionada a partir de una pieza frontal bordada posiblemente de una casulla u otra vestimenta lit\u00fargica, del siglo XIX muy probablemente.<br><br>Esta se presentaba como una delantera ya adaptada como saya para virgen de candelero erguida y un par de mangas, en distinto g\u00e9nero, con unos apliques en las mangas procedentes del mismo tejido bordado. No hab\u00eda pecher\u00edn o corpi\u00f1o, se don\u00f3 tal cual.<br>Debido al candelero sentado de la Virgen de las Angustias, las veces que se le pon\u00eda este delantal se doblaba a la mitad para lucir&nbsp;a su altura, sin que el anclaje&nbsp;del Cristo fuese apto para colocarla&nbsp;desde la cintura. Se usaba otro corpi\u00f1o de otro conjunto de similar color para cubrir el busto de la Virgen.<br>Los trabajos han consistido en confeccionar un terno completo de nueva factura donde incorporar las piezas bordadas, para su mejor lucimiento.&nbsp;<br>Se ha procedido a cortar y conformar un dise\u00f1o horizontal que favorezca su lucimiento en nuestra virgen sentada, dando una parte para la confecci\u00f3n del corpi\u00f1o a modo de pechera bordada, circundada&nbsp;por el antiguo encaje entrefino que poes\u00eda el ribete inferior de la saya.<br>Se han respetado las tiras bordadas que formaban las anteriores mangas, suprimiendo los dos escudos.<br>Todo ello se ha montado sobre el rev\u00e9s de un tejido de tis\u00fa de oro sint\u00e9tico en color granate, que le sirve de fondo y cuerpo para la nueva pieza completa adaptada a nuestra titular, mangas, pu\u00f1etas y saya. Se ha dispuesto de un nuevo encaje de oro entrefino para los remates de saya y mangas. La saya est\u00e1 cerrada por otro sint\u00e9tico en la parte donde termina el tis\u00fa bordado para favorecer visualmente la continuaci\u00f3n de un tejido a otro. Presenta una abertura vertical de cintura a media saya, para favorecer el anclaje del Cristo a la Virgen.<br>Los trabajos han sido realizados por nuestro hermano D. Francisco Gutierrez Vazquez.<br>Junto a la saya, ha sido donado un juego de tres agujas de pecho en plata de ley hechas en Santiago de Compostela y ofrecidas en la SI Catedral de la misma ciudad.<\/p>\n","protected":false},"excerpt":{"rendered":"<p>Restaurada la saya burdeos en tis\u00fa de oro de la Virgen de las Angustias de Barcelona,&nbsp;confeccionada a partir de una pieza frontal bordada posiblemente de una casulla u otra vestimenta lit\u00fargica, del siglo XIX muy probablemente. Esta se presentaba como una delantera ya adaptada como saya para virgen de candelero erguida y un par de [&hellip;]<\/p>\n","protected":false},"author":2,"featured_media":1485,"comment_status":"open","ping_status":"open","sticky":false,"template":"","format":"standard","meta":{"footnotes":""},"categories":[19],"tags":[],"class_list":{"0":"post-1484","1":"post","2":"type-post","3":"status-publish","4":"format-standard","5":"has-post-thumbnail","7":"category-actualidad"},"_links":{"self":[{"href":"https:\/\/raicesandaluzas.com\/revista\/wp-json\/wp\/v2\/posts\/1484","targetHints":{"allow":["GET"]}}],"collection":[{"href":"https:\/\/raicesandaluzas.com\/revista\/wp-json\/wp\/v2\/posts"}],"about":[{"href":"https:\/\/raicesandaluzas.com\/revista\/wp-json\/wp\/v2\/types\/post"}],"author":[{"embeddable":true,"href":"https:\/\/raicesandaluzas.com\/revista\/wp-json\/wp\/v2\/users\/2"}],"replies":[{"embeddable":true,"href":"https:\/\/raicesandaluzas.com\/revista\/wp-json\/wp\/v2\/comments?post=1484"}],"version-history":[{"count":1,"href":"https:\/\/raicesandaluzas.com\/revista\/wp-json\/wp\/v2\/posts\/1484\/revisions"}],"predecessor-version":[{"id":1486,"href":"https:\/\/raicesandaluzas.com\/revista\/wp-json\/wp\/v2\/posts\/1484\/revisions\/1486"}],"wp:featuredmedia":[{"embeddable":true,"href":"https:\/\/raicesandaluzas.com\/revista\/wp-json\/wp\/v2\/media\/1485"}],"wp:attachment":[{"href":"https:\/\/raicesandaluzas.com\/revista\/wp-json\/wp\/v2\/media?parent=1484"}],"wp:term":[{"taxonomy":"category","embeddable":true,"href":"https:\/\/raicesandaluzas.com\/revista\/wp-json\/wp\/v2\/categories?post=1484"},{"taxonomy":"post_tag","embeddable":true,"href":"https:\/\/raicesandaluzas.com\/revista\/wp-json\/wp\/v2\/tags?post=1484"}],"curies":[{"name":"wp","href":"https:\/\/api.w.org\/{rel}","templated":true}]}}