{"id":1476,"date":"2023-10-30T09:25:10","date_gmt":"2023-10-30T09:25:10","guid":{"rendered":"https:\/\/raicesandaluzas.com\/revista\/?p=1476"},"modified":"2023-10-30T12:15:18","modified_gmt":"2023-10-30T12:15:18","slug":"el-centro-sierra-norte-de-viladecans-celebra-su-segunda-castanada-por-todo-lo-alto","status":"publish","type":"post","link":"https:\/\/raicesandaluzas.com\/revista\/2023\/10\/30\/el-centro-sierra-norte-de-viladecans-celebra-su-segunda-castanada-por-todo-lo-alto\/","title":{"rendered":"El Centro Sierra Norte de Viladecans celebra su segunda Casta\u00f1ada por todo lo alto"},"content":{"rendered":"\n<p>El enclave de Can Batllori, fue el elegido por la entidad de Viladecans para celebrar su segunda edici\u00f3n de la Casta\u00f1ada que cont\u00f3 con las actuaciones del Coro rociero de la entidad, la Escuela de Baile de Sierra Norte, las actuaciones de los grupos de la Casa de Sevilla de Sant Boi y el arte de Pepe Molero y los bailes de l\u00ednea de la escuela de Silvana.<\/p>\n\n\n\n<p>Durante la jornada, que acompa\u00f1\u00f3 buen tiempo, estuvo acompa\u00f1ada por buenas butifarras, casta\u00f1as y ron que alegraron m\u00e1s a\u00fan a los asistentes.<\/p>\n\n\n\n<p>La entidad asegura que el a\u00f1o que viene repetir\u00e1n el evento. Por otro lado, Sierra Norte, ya tiene puesta la vista en su festival de villancicos que se celebra el 16 de diciembre en el teatro del Atrium de Viladecans.&nbsp;<\/p>\n\n\n\n<figure class=\"wp-block-gallery has-nested-images columns-default is-cropped wp-block-gallery-1 is-layout-flex wp-block-gallery-is-layout-flex\">\n<figure class=\"wp-block-image size-large\"><a href=\"https:\/\/raicesandaluzas.com\/revista\/wp-content\/uploads\/2023\/10\/SierraNortecasta04.jpg\"><img loading=\"lazy\" decoding=\"async\" width=\"1024\" height=\"768\" data-id=\"1479\" src=\"https:\/\/raicesandaluzas.com\/revista\/wp-content\/uploads\/2023\/10\/SierraNortecasta04-1024x768.jpg\" alt=\"\" class=\"wp-image-1479\" srcset=\"https:\/\/raicesandaluzas.com\/revista\/wp-content\/uploads\/2023\/10\/SierraNortecasta04-1024x768.jpg 1024w, https:\/\/raicesandaluzas.com\/revista\/wp-content\/uploads\/2023\/10\/SierraNortecasta04-300x225.jpg 300w, https:\/\/raicesandaluzas.com\/revista\/wp-content\/uploads\/2023\/10\/SierraNortecasta04-768x576.jpg 768w, https:\/\/raicesandaluzas.com\/revista\/wp-content\/uploads\/2023\/10\/SierraNortecasta04-696x522.jpg 696w, https:\/\/raicesandaluzas.com\/revista\/wp-content\/uploads\/2023\/10\/SierraNortecasta04-1068x801.jpg 1068w, https:\/\/raicesandaluzas.com\/revista\/wp-content\/uploads\/2023\/10\/SierraNortecasta04-560x420.jpg 560w, https:\/\/raicesandaluzas.com\/revista\/wp-content\/uploads\/2023\/10\/SierraNortecasta04-80x60.jpg 80w, https:\/\/raicesandaluzas.com\/revista\/wp-content\/uploads\/2023\/10\/SierraNortecasta04-265x198.jpg 265w, https:\/\/raicesandaluzas.com\/revista\/wp-content\/uploads\/2023\/10\/SierraNortecasta04.jpg 1200w\" sizes=\"auto, (max-width: 1024px) 100vw, 1024px\" \/><\/a><\/figure>\n\n\n\n<figure class=\"wp-block-image size-large\"><a href=\"https:\/\/raicesandaluzas.com\/revista\/wp-content\/uploads\/2023\/10\/SierraNortecasta03.jpg\"><img loading=\"lazy\" decoding=\"async\" width=\"1024\" height=\"768\" data-id=\"1478\" src=\"https:\/\/raicesandaluzas.com\/revista\/wp-content\/uploads\/2023\/10\/SierraNortecasta03-1024x768.jpg\" alt=\"\" class=\"wp-image-1478\" srcset=\"https:\/\/raicesandaluzas.com\/revista\/wp-content\/uploads\/2023\/10\/SierraNortecasta03-1024x768.jpg 1024w, https:\/\/raicesandaluzas.com\/revista\/wp-content\/uploads\/2023\/10\/SierraNortecasta03-300x225.jpg 300w, https:\/\/raicesandaluzas.com\/revista\/wp-content\/uploads\/2023\/10\/SierraNortecasta03-768x576.jpg 768w, https:\/\/raicesandaluzas.com\/revista\/wp-content\/uploads\/2023\/10\/SierraNortecasta03-696x522.jpg 696w, https:\/\/raicesandaluzas.com\/revista\/wp-content\/uploads\/2023\/10\/SierraNortecasta03-1068x801.jpg 1068w, https:\/\/raicesandaluzas.com\/revista\/wp-content\/uploads\/2023\/10\/SierraNortecasta03-560x420.jpg 560w, https:\/\/raicesandaluzas.com\/revista\/wp-content\/uploads\/2023\/10\/SierraNortecasta03-80x60.jpg 80w, https:\/\/raicesandaluzas.com\/revista\/wp-content\/uploads\/2023\/10\/SierraNortecasta03-265x198.jpg 265w, https:\/\/raicesandaluzas.com\/revista\/wp-content\/uploads\/2023\/10\/SierraNortecasta03.jpg 1200w\" sizes=\"auto, (max-width: 1024px) 100vw, 1024px\" \/><\/a><\/figure>\n\n\n\n<figure class=\"wp-block-image size-large\"><a href=\"https:\/\/raicesandaluzas.com\/revista\/wp-content\/uploads\/2023\/10\/SierraNortecasta02.jpg\"><img loading=\"lazy\" decoding=\"async\" width=\"1024\" height=\"768\" data-id=\"1477\" src=\"https:\/\/raicesandaluzas.com\/revista\/wp-content\/uploads\/2023\/10\/SierraNortecasta02-1024x768.jpg\" alt=\"\" class=\"wp-image-1477\" srcset=\"https:\/\/raicesandaluzas.com\/revista\/wp-content\/uploads\/2023\/10\/SierraNortecasta02-1024x768.jpg 1024w, https:\/\/raicesandaluzas.com\/revista\/wp-content\/uploads\/2023\/10\/SierraNortecasta02-300x225.jpg 300w, https:\/\/raicesandaluzas.com\/revista\/wp-content\/uploads\/2023\/10\/SierraNortecasta02-768x576.jpg 768w, https:\/\/raicesandaluzas.com\/revista\/wp-content\/uploads\/2023\/10\/SierraNortecasta02-696x522.jpg 696w, https:\/\/raicesandaluzas.com\/revista\/wp-content\/uploads\/2023\/10\/SierraNortecasta02-1068x801.jpg 1068w, https:\/\/raicesandaluzas.com\/revista\/wp-content\/uploads\/2023\/10\/SierraNortecasta02-560x420.jpg 560w, https:\/\/raicesandaluzas.com\/revista\/wp-content\/uploads\/2023\/10\/SierraNortecasta02-80x60.jpg 80w, https:\/\/raicesandaluzas.com\/revista\/wp-content\/uploads\/2023\/10\/SierraNortecasta02-265x198.jpg 265w, https:\/\/raicesandaluzas.com\/revista\/wp-content\/uploads\/2023\/10\/SierraNortecasta02.jpg 1200w\" sizes=\"auto, (max-width: 1024px) 100vw, 1024px\" \/><\/a><\/figure>\n<\/figure>\n","protected":false},"excerpt":{"rendered":"<p>El enclave de Can Batllori, fue el elegido por la entidad de Viladecans para celebrar su segunda edici\u00f3n de la Casta\u00f1ada que cont\u00f3 con las actuaciones del Coro rociero de la entidad, la Escuela de Baile de Sierra Norte, las actuaciones de los grupos de la Casa de Sevilla de Sant Boi y el arte [&hellip;]<\/p>\n","protected":false},"author":2,"featured_media":1480,"comment_status":"open","ping_status":"open","sticky":false,"template":"","format":"standard","meta":{"footnotes":""},"categories":[19],"tags":[],"class_list":{"0":"post-1476","1":"post","2":"type-post","3":"status-publish","4":"format-standard","5":"has-post-thumbnail","7":"category-actualidad"},"_links":{"self":[{"href":"https:\/\/raicesandaluzas.com\/revista\/wp-json\/wp\/v2\/posts\/1476","targetHints":{"allow":["GET"]}}],"collection":[{"href":"https:\/\/raicesandaluzas.com\/revista\/wp-json\/wp\/v2\/posts"}],"about":[{"href":"https:\/\/raicesandaluzas.com\/revista\/wp-json\/wp\/v2\/types\/post"}],"author":[{"embeddable":true,"href":"https:\/\/raicesandaluzas.com\/revista\/wp-json\/wp\/v2\/users\/2"}],"replies":[{"embeddable":true,"href":"https:\/\/raicesandaluzas.com\/revista\/wp-json\/wp\/v2\/comments?post=1476"}],"version-history":[{"count":2,"href":"https:\/\/raicesandaluzas.com\/revista\/wp-json\/wp\/v2\/posts\/1476\/revisions"}],"predecessor-version":[{"id":1482,"href":"https:\/\/raicesandaluzas.com\/revista\/wp-json\/wp\/v2\/posts\/1476\/revisions\/1482"}],"wp:featuredmedia":[{"embeddable":true,"href":"https:\/\/raicesandaluzas.com\/revista\/wp-json\/wp\/v2\/media\/1480"}],"wp:attachment":[{"href":"https:\/\/raicesandaluzas.com\/revista\/wp-json\/wp\/v2\/media?parent=1476"}],"wp:term":[{"taxonomy":"category","embeddable":true,"href":"https:\/\/raicesandaluzas.com\/revista\/wp-json\/wp\/v2\/categories?post=1476"},{"taxonomy":"post_tag","embeddable":true,"href":"https:\/\/raicesandaluzas.com\/revista\/wp-json\/wp\/v2\/tags?post=1476"}],"curies":[{"name":"wp","href":"https:\/\/api.w.org\/{rel}","templated":true}]}}