{"id":1473,"date":"2023-10-27T08:45:35","date_gmt":"2023-10-27T08:45:35","guid":{"rendered":"https:\/\/raicesandaluzas.com\/revista\/?p=1473"},"modified":"2023-10-27T08:46:22","modified_gmt":"2023-10-27T08:46:22","slug":"la-xxiv-muestra-de-danza-del-baix-llobregat-se-traslada-alteatro-de-cal-ninyo","status":"publish","type":"post","link":"https:\/\/raicesandaluzas.com\/revista\/2023\/10\/27\/la-xxiv-muestra-de-danza-del-baix-llobregat-se-traslada-alteatro-de-cal-ninyo\/","title":{"rendered":"La XXIV Muestra de Danza del Baix Llobregat se traslada alteatro de Cal Ninyo"},"content":{"rendered":"\n<p>La edici\u00f3n de este a\u00f1o contar\u00e1 con las actuaciones del Esbart de Cornell\u00e0, Alma Peruana de Barcelona y los grupos de la Escuela de Baile Flamenco de la Casa de Sevilla de Sant Boi<br>Despu\u00e9s de cuatro ediciones realiz\u00e1ndose en el teatro de Can Massallera, vuelve otro a\u00f1o m\u00e1s el evento organizado por la Casa de Sevilla de Sant Boi en el que se representa las culturas de los diferentes territorios a trav\u00e9s de la danza.<br>El evento se realizar\u00e1 el s\u00e1bado 11 de noviembre a las 18.00 horas de la tarde, apertura de puertas a las 17.30 horas. La novedad de este a\u00f1o recae en la realizaci\u00f3n del festival en el teatro de Cal Ninyo (C\/Joan Bardina,44.Sant Boi) con un teatro m\u00e1s acogedor para \u201cinmergirse\u201d m\u00e1s a\u00fan en las maravillas de las danzas que se representan.<br>Este a\u00f1o las actuaciones ir\u00e1n a cargo del Esbart de Cornell\u00e1, que vuelve a participar con nosotros, con las danzas tradicionales catalanas, Alma Peruana, que nos har\u00e1n un recorrido por la riqueza cultural del Per\u00fa y la entidad anfitriona, la Casa de Sevilla, que con su escuela de baile Flamenco complementar\u00e1n el elenco de grupos. <br>Las invitaciones se pueden conseguir a trav\u00e9s de la web de la entidad www.casadesevillasantboi.com<\/p>\n","protected":false},"excerpt":{"rendered":"<p>La edici\u00f3n de este a\u00f1o contar\u00e1 con las actuaciones del Esbart de Cornell\u00e0, Alma Peruana de Barcelona y los grupos de la Escuela de Baile Flamenco de la Casa de Sevilla de Sant BoiDespu\u00e9s de cuatro ediciones realiz\u00e1ndose en el teatro de Can Massallera, vuelve otro a\u00f1o m\u00e1s el evento organizado por la Casa de [&hellip;]<\/p>\n","protected":false},"author":2,"featured_media":1474,"comment_status":"open","ping_status":"open","sticky":false,"template":"","format":"standard","meta":{"footnotes":""},"categories":[19],"tags":[],"class_list":{"0":"post-1473","1":"post","2":"type-post","3":"status-publish","4":"format-standard","5":"has-post-thumbnail","7":"category-actualidad"},"_links":{"self":[{"href":"https:\/\/raicesandaluzas.com\/revista\/wp-json\/wp\/v2\/posts\/1473","targetHints":{"allow":["GET"]}}],"collection":[{"href":"https:\/\/raicesandaluzas.com\/revista\/wp-json\/wp\/v2\/posts"}],"about":[{"href":"https:\/\/raicesandaluzas.com\/revista\/wp-json\/wp\/v2\/types\/post"}],"author":[{"embeddable":true,"href":"https:\/\/raicesandaluzas.com\/revista\/wp-json\/wp\/v2\/users\/2"}],"replies":[{"embeddable":true,"href":"https:\/\/raicesandaluzas.com\/revista\/wp-json\/wp\/v2\/comments?post=1473"}],"version-history":[{"count":1,"href":"https:\/\/raicesandaluzas.com\/revista\/wp-json\/wp\/v2\/posts\/1473\/revisions"}],"predecessor-version":[{"id":1475,"href":"https:\/\/raicesandaluzas.com\/revista\/wp-json\/wp\/v2\/posts\/1473\/revisions\/1475"}],"wp:featuredmedia":[{"embeddable":true,"href":"https:\/\/raicesandaluzas.com\/revista\/wp-json\/wp\/v2\/media\/1474"}],"wp:attachment":[{"href":"https:\/\/raicesandaluzas.com\/revista\/wp-json\/wp\/v2\/media?parent=1473"}],"wp:term":[{"taxonomy":"category","embeddable":true,"href":"https:\/\/raicesandaluzas.com\/revista\/wp-json\/wp\/v2\/categories?post=1473"},{"taxonomy":"post_tag","embeddable":true,"href":"https:\/\/raicesandaluzas.com\/revista\/wp-json\/wp\/v2\/tags?post=1473"}],"curies":[{"name":"wp","href":"https:\/\/api.w.org\/{rel}","templated":true}]}}