{"id":1470,"date":"2023-10-25T10:23:47","date_gmt":"2023-10-25T10:23:47","guid":{"rendered":"https:\/\/raicesandaluzas.com\/revista\/?p=1470"},"modified":"2023-10-25T10:23:48","modified_gmt":"2023-10-25T10:23:48","slug":"la-hermandad-de-las-angustias-de-barcelona-presidira-el-via-crucis-en-2024","status":"publish","type":"post","link":"https:\/\/raicesandaluzas.com\/revista\/2023\/10\/25\/la-hermandad-de-las-angustias-de-barcelona-presidira-el-via-crucis-en-2024\/","title":{"rendered":"La Hermandad de las Angustias de Barcelona presidir\u00e1 el Via Crucis en 2024"},"content":{"rendered":"\n<p>Las&nbsp;im\u00e1genes&nbsp;de&nbsp;la Virgen de las Angustias y el Sant\u00edsimo Cristo de la Misericordia&nbsp;presidir\u00e1n el V\u00eda Crucis de las Hermandades de Barcelona de 2024. La junta del Consejo General de Cofrad\u00edas ha elegido en la noche del pasado lunes 23 de octubre a los titulares de la&nbsp;<strong>Hermandad de las Angustias<\/strong>, justo cuando se celebrar\u00e1 el 35 aniversario fundacional de la corporaci\u00f3n del Viernes Santo de la ciudad condal.<\/p>\n\n\n\n<p>El rezo tendr\u00e1 lugar por las calles del barrio g\u00f3tico en direcci\u00f3n a la Santa Iglesia Catedral de Barcelona donde se celebrar\u00e1 la Eucarist\u00eda, el primer s\u00e1bado de cuaresma, en esta ocasi\u00f3n el&nbsp;<strong>17 de febrero<\/strong>.<\/p>\n\n\n\n<p>Los titulares de la Hermandad saldr\u00e1n a la calle en un acto p\u00fablico de fe para conmemorar el aniversario de la cofrad\u00eda. De forma excepcional y extraordinaria, la Virgen ir\u00e1 erguida acompa\u00f1ando al Sant\u00edsimo Cristo de la Misericordia al sepulcro, para que los fieles le recen con mayor cercan\u00eda. La comisi\u00f3n del aniversario se encuentra trabajando ya en la citada fecha.<\/p>\n\n\n\n<p>\u00abQueremos mostrar nuestra&nbsp;<strong>alegr\u00eda y responsabilidad<\/strong>&nbsp;ante tal designaci\u00f3n, as\u00ed mismo agradecer este nombramiento al Consejo General de HH y CC de la Archidi\u00f3cesis de Barcelona\u00bb.<\/p>\n\n\n\n<p>La \u00faltima vez que la Hermandad organiz\u00f3 el v\u00eda crucis fue en el a\u00f1o 2012.&nbsp;<\/p>\n","protected":false},"excerpt":{"rendered":"<p>Las&nbsp;im\u00e1genes&nbsp;de&nbsp;la Virgen de las Angustias y el Sant\u00edsimo Cristo de la Misericordia&nbsp;presidir\u00e1n el V\u00eda Crucis de las Hermandades de Barcelona de 2024. La junta del Consejo General de Cofrad\u00edas ha elegido en la noche del pasado lunes 23 de octubre a los titulares de la&nbsp;Hermandad de las Angustias, justo cuando se celebrar\u00e1 el 35 aniversario [&hellip;]<\/p>\n","protected":false},"author":1,"featured_media":1471,"comment_status":"open","ping_status":"open","sticky":false,"template":"","format":"standard","meta":{"footnotes":""},"categories":[19],"tags":[],"class_list":{"0":"post-1470","1":"post","2":"type-post","3":"status-publish","4":"format-standard","5":"has-post-thumbnail","7":"category-actualidad"},"_links":{"self":[{"href":"https:\/\/raicesandaluzas.com\/revista\/wp-json\/wp\/v2\/posts\/1470","targetHints":{"allow":["GET"]}}],"collection":[{"href":"https:\/\/raicesandaluzas.com\/revista\/wp-json\/wp\/v2\/posts"}],"about":[{"href":"https:\/\/raicesandaluzas.com\/revista\/wp-json\/wp\/v2\/types\/post"}],"author":[{"embeddable":true,"href":"https:\/\/raicesandaluzas.com\/revista\/wp-json\/wp\/v2\/users\/1"}],"replies":[{"embeddable":true,"href":"https:\/\/raicesandaluzas.com\/revista\/wp-json\/wp\/v2\/comments?post=1470"}],"version-history":[{"count":1,"href":"https:\/\/raicesandaluzas.com\/revista\/wp-json\/wp\/v2\/posts\/1470\/revisions"}],"predecessor-version":[{"id":1472,"href":"https:\/\/raicesandaluzas.com\/revista\/wp-json\/wp\/v2\/posts\/1470\/revisions\/1472"}],"wp:featuredmedia":[{"embeddable":true,"href":"https:\/\/raicesandaluzas.com\/revista\/wp-json\/wp\/v2\/media\/1471"}],"wp:attachment":[{"href":"https:\/\/raicesandaluzas.com\/revista\/wp-json\/wp\/v2\/media?parent=1470"}],"wp:term":[{"taxonomy":"category","embeddable":true,"href":"https:\/\/raicesandaluzas.com\/revista\/wp-json\/wp\/v2\/categories?post=1470"},{"taxonomy":"post_tag","embeddable":true,"href":"https:\/\/raicesandaluzas.com\/revista\/wp-json\/wp\/v2\/tags?post=1470"}],"curies":[{"name":"wp","href":"https:\/\/api.w.org\/{rel}","templated":true}]}}