{"id":1465,"date":"2023-10-16T12:01:03","date_gmt":"2023-10-16T12:01:03","guid":{"rendered":"https:\/\/raicesandaluzas.com\/revista\/?p=1465"},"modified":"2023-10-16T12:01:04","modified_gmt":"2023-10-16T12:01:04","slug":"barcelona-acoge-en-diciembre-el-vii-encuentro-nacional-de-mujeres-cofrades","status":"publish","type":"post","link":"https:\/\/raicesandaluzas.com\/revista\/2023\/10\/16\/barcelona-acoge-en-diciembre-el-vii-encuentro-nacional-de-mujeres-cofrades\/","title":{"rendered":"Barcelona acoge en diciembre el VII Encuentro Nacional de Mujeres Cofrades"},"content":{"rendered":"\n<p>Del 7 al 9 de diciembre, la ciudad de Barcelona ser\u00e1 la sede del VII Encuentro Nacional de Mujeres Cofrades, que organiza la Asociaci\u00f3n de Mujeres Cofrades de Barcelona con el patrocinio de la Iglesia Archidiocesana de Barcelona, la Diputaci\u00f3 de Barcelona, el Ayuntamiento de Barcelona, la Federaci\u00f3n Andaluza de Comunidades (FAC) y el Centro de Estudios Rocieros y Cultura Andaluza en Catalunya (CERCAT), as\u00ed como con la colaboraci\u00f3n de la Hermandad del Sant\u00edsimo Cristo Redentor y Nuestra Se\u00f1ora de la Soledad de Badalona, el Consejo General de Hermandades y Cofrad\u00edas de la Archidi\u00f3cesis de Barcelona, y la Parroquia de la Virgen de Bel\u00e9n de Barcelona.<\/p>\n\n\n\n<p>Los actos comenzar\u00e1n el jueves, 7 de diciembre en el Seminario Conciliar de Barcelona, con diversas mesas redondas, un reconocimiento a la mujer cofrade, y una visita nocturna a la Catedral de Barcelona. Al d\u00eda siguiente, tras una misa en la Bas\u00edlica de la Merc\u00e9 de Barcelona, los actos se trasladar\u00e1n por la tarde a Badalona, al Teatro Blas Infante y m\u00e1s tarde a la sede de la Hermandad del Sant\u00edsimo Cristo Redentor y Nuestra Se\u00f1ora de la Soledad de Badalona. Para concluir el encuentro, el d\u00e1bado, 9 de diciembre, se llevar\u00e1n a cabo diversas ponencias en la Sagrada Familia. El encuentro concluir\u00e1 con una visita guiada al templo m\u00e1s emblem\u00e1tico de la Ciudad Condal.<\/p>\n\n\n\n<p>Para m\u00e1s informaci\u00f3n e inscripciones, pueden visitar el siguiente\u00a0<a href=\"https:\/\/mujerescofradesbarcelona.blogspot.com\/p\/agenda.html\">enlace<\/a>.<\/p>\n\n\n\n<figure class=\"wp-block-video\"><video height=\"720\" style=\"aspect-ratio: 1280 \/ 720;\" width=\"1280\" controls src=\"https:\/\/raicesandaluzas.com\/revista\/wp-content\/uploads\/2023\/10\/encuentromujerescofradesBCN2023.mp4\"><\/video><\/figure>\n","protected":false},"excerpt":{"rendered":"<p>Del 7 al 9 de diciembre, la ciudad de Barcelona ser\u00e1 la sede del VII Encuentro Nacional de Mujeres Cofrades, que organiza la Asociaci\u00f3n de Mujeres Cofrades de Barcelona con el patrocinio de la Iglesia Archidiocesana de Barcelona, la Diputaci\u00f3 de Barcelona, el Ayuntamiento de Barcelona, la Federaci\u00f3n Andaluza de Comunidades (FAC) y el Centro [&hellip;]<\/p>\n","protected":false},"author":1,"featured_media":1467,"comment_status":"open","ping_status":"open","sticky":false,"template":"","format":"standard","meta":{"footnotes":""},"categories":[19],"tags":[],"class_list":{"0":"post-1465","1":"post","2":"type-post","3":"status-publish","4":"format-standard","5":"has-post-thumbnail","7":"category-actualidad"},"_links":{"self":[{"href":"https:\/\/raicesandaluzas.com\/revista\/wp-json\/wp\/v2\/posts\/1465","targetHints":{"allow":["GET"]}}],"collection":[{"href":"https:\/\/raicesandaluzas.com\/revista\/wp-json\/wp\/v2\/posts"}],"about":[{"href":"https:\/\/raicesandaluzas.com\/revista\/wp-json\/wp\/v2\/types\/post"}],"author":[{"embeddable":true,"href":"https:\/\/raicesandaluzas.com\/revista\/wp-json\/wp\/v2\/users\/1"}],"replies":[{"embeddable":true,"href":"https:\/\/raicesandaluzas.com\/revista\/wp-json\/wp\/v2\/comments?post=1465"}],"version-history":[{"count":1,"href":"https:\/\/raicesandaluzas.com\/revista\/wp-json\/wp\/v2\/posts\/1465\/revisions"}],"predecessor-version":[{"id":1468,"href":"https:\/\/raicesandaluzas.com\/revista\/wp-json\/wp\/v2\/posts\/1465\/revisions\/1468"}],"wp:featuredmedia":[{"embeddable":true,"href":"https:\/\/raicesandaluzas.com\/revista\/wp-json\/wp\/v2\/media\/1467"}],"wp:attachment":[{"href":"https:\/\/raicesandaluzas.com\/revista\/wp-json\/wp\/v2\/media?parent=1465"}],"wp:term":[{"taxonomy":"category","embeddable":true,"href":"https:\/\/raicesandaluzas.com\/revista\/wp-json\/wp\/v2\/categories?post=1465"},{"taxonomy":"post_tag","embeddable":true,"href":"https:\/\/raicesandaluzas.com\/revista\/wp-json\/wp\/v2\/tags?post=1465"}],"curies":[{"name":"wp","href":"https:\/\/api.w.org\/{rel}","templated":true}]}}