{"id":1441,"date":"2023-09-29T15:59:11","date_gmt":"2023-09-29T15:59:11","guid":{"rendered":"https:\/\/raicesandaluzas.com\/revista\/?p=1441"},"modified":"2023-09-29T15:59:11","modified_gmt":"2023-09-29T15:59:11","slug":"la-casa-de-andalucia-de-cerdanyola-celebra-sus-xxxiv-jornadas-culturales-flamencas","status":"publish","type":"post","link":"https:\/\/raicesandaluzas.com\/revista\/2023\/09\/29\/la-casa-de-andalucia-de-cerdanyola-celebra-sus-xxxiv-jornadas-culturales-flamencas\/","title":{"rendered":"La Casa de Andaluc\u00eda de Cerdanyola celebra sus XXXIV Jornadas Culturales Flamencas"},"content":{"rendered":"\n<p>La Casa de Andaluc\u00eda de Cerdanyola est\u00e1 inmersa en la celebraci\u00f3n de sus XXXIV Jornadas Culturales Flamencas, que inici\u00f3 el pasado 23 de septiembre con una sesi\u00f3n de teatro. Para esta misma tarde tiene previsto albergar la primera preliminar del XXIV Concurso Nacional de Cante Yunque Flamenco que organiza la Federaci\u00f3n de Entidades Culturales Andaluzas en Catalunya.<\/p>\n\n\n\n<p>Los actos continuar\u00e1n el s\u00e1bado, 7 de octubre, a partir de las 20 horas, con la inauguraci\u00f3n de la exposici\u00f3n de dibujos flamencos \u00abQuej\u00edos\u00bb, de Miquel Serra. A las 21 horas, tendr\u00e1 lugar una velada flamenca con las actuaciones de Antonio Ortega al cante y Antonio Carri\u00f3n al toque. El domingo, 8 de octubre, a las 12.30 horas tendr\u00e1 lugar la actuaci\u00f3n del coro y los cantaores de la entidad. El s\u00e1bado, 21 de octubre, Dolores Agujetas y Rubichi ser\u00e1n los protagonistas de una velada flamenca que comenzar\u00e1 a las 20.30 horas. Un d\u00eda despu\u00e9s, el 22 de octubre, a las 12.30 horas, est\u00e1 programada la presentaci\u00f3n del libro \u00abGu\u00eda del geoparque de Granada, Ra\u00edces, Identidad y Patrimonio\u00bb de Rafael Ramos Toores. A las 13 horas, actuar\u00e1n los cuadros de baile de la entidad. El s\u00e1bado, 28 de octubre, de nuevo otra velada flamenca a partir de las 20.30 horas, en esta ocasi\u00f3n con las actuaciones de Laura Vital al cante y Antonio Carri\u00f3n a la guitarra. El domingo, 29 de octubre, concluir\u00e1n las jornadas con la presentaci\u00f3n del libro \u00abLetras flamencas de la Campi\u00f1a Morisca II\u00bb, de Paco M\u00e1rmol, a partir de las 12.30 horas, y la matinal flamenca a cargo de Jos\u00e9 de la Miguela y Jos\u00e9 Ponce.  <\/p>\n","protected":false},"excerpt":{"rendered":"<p>La Casa de Andaluc\u00eda de Cerdanyola est\u00e1 inmersa en la celebraci\u00f3n de sus XXXIV Jornadas Culturales Flamencas, que inici\u00f3 el pasado 23 de septiembre con una sesi\u00f3n de teatro. Para esta misma tarde tiene previsto albergar la primera preliminar del XXIV Concurso Nacional de Cante Yunque Flamenco que organiza la Federaci\u00f3n de Entidades Culturales Andaluzas [&hellip;]<\/p>\n","protected":false},"author":1,"featured_media":1442,"comment_status":"open","ping_status":"open","sticky":false,"template":"","format":"standard","meta":{"footnotes":""},"categories":[19,22],"tags":[],"class_list":{"0":"post-1441","1":"post","2":"type-post","3":"status-publish","4":"format-standard","5":"has-post-thumbnail","7":"category-actualidad","8":"category-flamenco"},"_links":{"self":[{"href":"https:\/\/raicesandaluzas.com\/revista\/wp-json\/wp\/v2\/posts\/1441","targetHints":{"allow":["GET"]}}],"collection":[{"href":"https:\/\/raicesandaluzas.com\/revista\/wp-json\/wp\/v2\/posts"}],"about":[{"href":"https:\/\/raicesandaluzas.com\/revista\/wp-json\/wp\/v2\/types\/post"}],"author":[{"embeddable":true,"href":"https:\/\/raicesandaluzas.com\/revista\/wp-json\/wp\/v2\/users\/1"}],"replies":[{"embeddable":true,"href":"https:\/\/raicesandaluzas.com\/revista\/wp-json\/wp\/v2\/comments?post=1441"}],"version-history":[{"count":1,"href":"https:\/\/raicesandaluzas.com\/revista\/wp-json\/wp\/v2\/posts\/1441\/revisions"}],"predecessor-version":[{"id":1443,"href":"https:\/\/raicesandaluzas.com\/revista\/wp-json\/wp\/v2\/posts\/1441\/revisions\/1443"}],"wp:featuredmedia":[{"embeddable":true,"href":"https:\/\/raicesandaluzas.com\/revista\/wp-json\/wp\/v2\/media\/1442"}],"wp:attachment":[{"href":"https:\/\/raicesandaluzas.com\/revista\/wp-json\/wp\/v2\/media?parent=1441"}],"wp:term":[{"taxonomy":"category","embeddable":true,"href":"https:\/\/raicesandaluzas.com\/revista\/wp-json\/wp\/v2\/categories?post=1441"},{"taxonomy":"post_tag","embeddable":true,"href":"https:\/\/raicesandaluzas.com\/revista\/wp-json\/wp\/v2\/tags?post=1441"}],"curies":[{"name":"wp","href":"https:\/\/api.w.org\/{rel}","templated":true}]}}