{"id":1438,"date":"2023-09-29T15:45:56","date_gmt":"2023-09-29T15:45:56","guid":{"rendered":"https:\/\/raicesandaluzas.com\/revista\/?p=1438"},"modified":"2023-09-29T15:45:57","modified_gmt":"2023-09-29T15:45:57","slug":"el-ayuntamiento-de-barcelona-otorga-la-medalla-de-oro-al-merito-civico-a-la-fecac","status":"publish","type":"post","link":"https:\/\/raicesandaluzas.com\/revista\/2023\/09\/29\/el-ayuntamiento-de-barcelona-otorga-la-medalla-de-oro-al-merito-civico-a-la-fecac\/","title":{"rendered":"El Ayuntamiento de Barcelona otorga la Medalla de Oro al M\u00e9rito C\u00edvico a la FECAC"},"content":{"rendered":"\n<p>La Federaci\u00f3n de Entidades Culturales Andaluzas en Catalunya (FECAC) acaba de recibir un reconocimiento del Ayuntamiento de Barcelona, concretamente la Medalla de Oro al M\u00e9rito C\u00edvico. As\u00ed lo ha decidido el pleno que se ha reunido esta ma\u00f1ana en el consistorio barcelon\u00e9s, por la labor de difusi\u00f3n de la cultura y las tradiciones andaluzas as\u00ed como el fomento del intercambio de conocimientos entre culturas, y con motivo del 50 aniversario de la Feria de Abril de Barcelona y el 50 aniversario de la Romer\u00eda del Roc\u00edo en Catalunya. <\/p>\n","protected":false},"excerpt":{"rendered":"<p>La Federaci\u00f3n de Entidades Culturales Andaluzas en Catalunya (FECAC) acaba de recibir un reconocimiento del Ayuntamiento de Barcelona, concretamente la Medalla de Oro al M\u00e9rito C\u00edvico. As\u00ed lo ha decidido el pleno que se ha reunido esta ma\u00f1ana en el consistorio barcelon\u00e9s, por la labor de difusi\u00f3n de la cultura y las tradiciones andaluzas as\u00ed [&hellip;]<\/p>\n","protected":false},"author":1,"featured_media":1439,"comment_status":"open","ping_status":"open","sticky":false,"template":"","format":"standard","meta":{"footnotes":""},"categories":[19],"tags":[],"class_list":{"0":"post-1438","1":"post","2":"type-post","3":"status-publish","4":"format-standard","5":"has-post-thumbnail","7":"category-actualidad"},"_links":{"self":[{"href":"https:\/\/raicesandaluzas.com\/revista\/wp-json\/wp\/v2\/posts\/1438","targetHints":{"allow":["GET"]}}],"collection":[{"href":"https:\/\/raicesandaluzas.com\/revista\/wp-json\/wp\/v2\/posts"}],"about":[{"href":"https:\/\/raicesandaluzas.com\/revista\/wp-json\/wp\/v2\/types\/post"}],"author":[{"embeddable":true,"href":"https:\/\/raicesandaluzas.com\/revista\/wp-json\/wp\/v2\/users\/1"}],"replies":[{"embeddable":true,"href":"https:\/\/raicesandaluzas.com\/revista\/wp-json\/wp\/v2\/comments?post=1438"}],"version-history":[{"count":1,"href":"https:\/\/raicesandaluzas.com\/revista\/wp-json\/wp\/v2\/posts\/1438\/revisions"}],"predecessor-version":[{"id":1440,"href":"https:\/\/raicesandaluzas.com\/revista\/wp-json\/wp\/v2\/posts\/1438\/revisions\/1440"}],"wp:featuredmedia":[{"embeddable":true,"href":"https:\/\/raicesandaluzas.com\/revista\/wp-json\/wp\/v2\/media\/1439"}],"wp:attachment":[{"href":"https:\/\/raicesandaluzas.com\/revista\/wp-json\/wp\/v2\/media?parent=1438"}],"wp:term":[{"taxonomy":"category","embeddable":true,"href":"https:\/\/raicesandaluzas.com\/revista\/wp-json\/wp\/v2\/categories?post=1438"},{"taxonomy":"post_tag","embeddable":true,"href":"https:\/\/raicesandaluzas.com\/revista\/wp-json\/wp\/v2\/tags?post=1438"}],"curies":[{"name":"wp","href":"https:\/\/api.w.org\/{rel}","templated":true}]}}