{"id":1434,"date":"2023-09-15T08:54:03","date_gmt":"2023-09-15T08:54:03","guid":{"rendered":"https:\/\/raicesandaluzas.com\/revista\/?p=1434"},"modified":"2023-09-20T09:08:08","modified_gmt":"2023-09-20T09:08:08","slug":"el-xxiv-concurso-internacional-de-cante-yunque-flamenco-iguala-el-record-con-mas-de-un-centenar-de-cantaores","status":"publish","type":"post","link":"https:\/\/raicesandaluzas.com\/revista\/2023\/09\/15\/el-xxiv-concurso-internacional-de-cante-yunque-flamenco-iguala-el-record-con-mas-de-un-centenar-de-cantaores\/","title":{"rendered":"El XXIV Concurso Internacional de Cante Yunque Flamenco iguala el r\u00e9cord con m\u00e1s de un centenar de \u2018cantaores\u2019"},"content":{"rendered":"\n<p>La Federaci\u00f3n de Entidades Culturales Andaluzas en Catalunya (FECAC) convoca una nueva edici\u00f3n, la n\u00famero 24, del Concurso de Cante Yunque Flamenco, que a partir de ahora tiene car\u00e1cter internacional. Se trata de uno de los m\u00e1s prestigiosos de Espa\u00f1a en este g\u00e9nero. La presentaci\u00f3n del cartel dise\u00f1ado por Cristian Fern\u00e1ndez, con evocaci\u00f3n picassiana, y del programa y las bases ha tenido lugar esta ma\u00f1ana en la Escuela de Baile Flamenco Jos\u00e9 de la Vega, en Barcelona.<\/p>\n\n\n\n<p>Despu\u00e9s de la presentaci\u00f3n de las bases y novedades del Concurso por parte de Paco Bernal ha intervenido el presidente de la FECAC, Daniel Salinero.<\/p>\n\n\n\n<p>Esta convocatoria bianual se cerrar\u00e1 el s\u00e1bado 18 de noviembre con la gran final que reunir\u00e1 a los cinco \u2018cantaores\u2019 seleccionados y que tendr\u00e1 lugar en Petit Palau de la M\u00fasica Catalana de Barcelona. Las fases preliminares previas, donde concurren los quince seleccionados de entre los m\u00e1s de cien inscritos en esta edici\u00f3n, lo que iguala el r\u00e9cord absoluto existente ahora, tendr\u00e1n lugar en la Casa de Andaluc\u00eda en Cerdanyola del Vall\u00e8s (29 de septiembre), Tertulia Flamenca de l\u2019Hospitalet de Llobregat (6 de octubre) y Casa de Andaluc\u00eda en la Llagosta (27 de octubre).<\/p>\n\n\n\n<p><strong>Tres premios y dos acc\u00e9sits<\/strong><\/p>\n\n\n\n<p>El premio para el ganador ser\u00e1 el Yunque de Plata, 6.000 euros en met\u00e1lico y un diploma. El segundo y tercer clasificado recibir\u00e1n 2.500 y 1.500 euros, respectivamente, adem\u00e1s del correspondiente diploma. Habr\u00e1 adem\u00e1s dos acc\u00e9sits de 1.000 euros y diploma. Uno, para el mejor clasificado de Catalu\u00f1a y otro para el mejor clasificado menor de 25 a\u00f1os.<\/p>\n\n\n\n<p><strong>Un libro y una conferencia<\/strong><\/p>\n\n\n\n<p>En paralelo a la celebraci\u00f3n del Concurso se presentar\u00e1 el libro conmemorativo que recoge la historia de las veintitr\u00e9s ediciones anteriores, escrito por Jos\u00e9 Mayo, en un acto que tendr\u00e1 lugar el 10 de noviembre en el Espai Baetulo de Badalona. Una semana despu\u00e9s, el 17 de noviembre, David Pino-Faustino N\u00fa\u00f1ez pronunciar\u00e1 en l\u2019Hospitalet de Llobregat la conferencia \u201cPalos flamencos\u201d.<\/p>\n","protected":false},"excerpt":{"rendered":"<p>La Federaci\u00f3n de Entidades Culturales Andaluzas en Catalunya (FECAC) convoca una nueva edici\u00f3n, la n\u00famero 24, del Concurso de Cante Yunque Flamenco, que a partir de ahora tiene car\u00e1cter internacional. Se trata de uno de los m\u00e1s prestigiosos de Espa\u00f1a en este g\u00e9nero. La presentaci\u00f3n del cartel dise\u00f1ado por Cristian Fern\u00e1ndez, con evocaci\u00f3n picassiana, y [&hellip;]<\/p>\n","protected":false},"author":2,"featured_media":1435,"comment_status":"open","ping_status":"open","sticky":false,"template":"","format":"standard","meta":{"footnotes":""},"categories":[19,22],"tags":[],"class_list":{"0":"post-1434","1":"post","2":"type-post","3":"status-publish","4":"format-standard","5":"has-post-thumbnail","7":"category-actualidad","8":"category-flamenco"},"_links":{"self":[{"href":"https:\/\/raicesandaluzas.com\/revista\/wp-json\/wp\/v2\/posts\/1434","targetHints":{"allow":["GET"]}}],"collection":[{"href":"https:\/\/raicesandaluzas.com\/revista\/wp-json\/wp\/v2\/posts"}],"about":[{"href":"https:\/\/raicesandaluzas.com\/revista\/wp-json\/wp\/v2\/types\/post"}],"author":[{"embeddable":true,"href":"https:\/\/raicesandaluzas.com\/revista\/wp-json\/wp\/v2\/users\/2"}],"replies":[{"embeddable":true,"href":"https:\/\/raicesandaluzas.com\/revista\/wp-json\/wp\/v2\/comments?post=1434"}],"version-history":[{"count":1,"href":"https:\/\/raicesandaluzas.com\/revista\/wp-json\/wp\/v2\/posts\/1434\/revisions"}],"predecessor-version":[{"id":1436,"href":"https:\/\/raicesandaluzas.com\/revista\/wp-json\/wp\/v2\/posts\/1434\/revisions\/1436"}],"wp:featuredmedia":[{"embeddable":true,"href":"https:\/\/raicesandaluzas.com\/revista\/wp-json\/wp\/v2\/media\/1435"}],"wp:attachment":[{"href":"https:\/\/raicesandaluzas.com\/revista\/wp-json\/wp\/v2\/media?parent=1434"}],"wp:term":[{"taxonomy":"category","embeddable":true,"href":"https:\/\/raicesandaluzas.com\/revista\/wp-json\/wp\/v2\/categories?post=1434"},{"taxonomy":"post_tag","embeddable":true,"href":"https:\/\/raicesandaluzas.com\/revista\/wp-json\/wp\/v2\/tags?post=1434"}],"curies":[{"name":"wp","href":"https:\/\/api.w.org\/{rel}","templated":true}]}}