{"id":1426,"date":"2023-08-12T09:53:49","date_gmt":"2023-08-12T09:53:49","guid":{"rendered":"https:\/\/raicesandaluzas.com\/revista\/?p=1426"},"modified":"2023-08-28T09:54:59","modified_gmt":"2023-08-28T09:54:59","slug":"rocio-luna-conquista-al-publico-de-la-union-y-se-alza-con-la-lampara-minera","status":"publish","type":"post","link":"https:\/\/raicesandaluzas.com\/revista\/2023\/08\/12\/rocio-luna-conquista-al-publico-de-la-union-y-se-alza-con-la-lampara-minera\/","title":{"rendered":"Roc\u00edo Luna conquista al p\u00fablico de La Uni\u00f3n y se alza con la \u2018L\u00e1mpara Minera\u2019"},"content":{"rendered":"\n<p>Entre \u2018Ol\u00e9s\u2019 y aplausos, la cantaora Roc\u00edo Crespillo Luna, conocida como \u2018Roc\u00edo Luna\u2019, conquist\u00f3 al p\u00fablico de La Uni\u00f3n en una noche que la se\u00f1alaba como posible ganadora del m\u00e1ximo premio al cante flamenco del Festival Internacional del Cante de las Minas. Y as\u00ed fue. Su interpretaci\u00f3n de mineras, cartagenera, siguiriya y grana\u00edna y media grana\u00edna la posicion\u00f3 como la cantaora m\u00e1s completa y, por tanto, como merecedora de la codiciada \u2018L\u00e1mpara Minera\u2019; un galard\u00f3n que recogi\u00f3 a manos del presidente de la Fundaci\u00f3n Cante de las Minas, Joaqu\u00edn Zapata, y el cantaor Miguel Poveda, que cumpl\u00eda su sue\u00f1o de celebrar el 30 aniversario de su \u00e9xito en La Uni\u00f3n, viendo en los ojos de la nueva ganadora la misma emoci\u00f3n que \u00e9l sinti\u00f3 al ganar.<\/p>\n\n\n\n<p>Mucho trabajo hay detr\u00e1s de conseguir este premio en el festival de flamenco m\u00e1s prestigioso del mundo, y la cordobesa se prepar\u00f3 a conciencia para la ocasi\u00f3n, mostrando su dominio sobre el escenario y calando entre la afici\u00f3n con su sensibilidad para interpretar el cante. As\u00ed consigui\u00f3 la victoria. \u201cEs un sue\u00f1o cumplido porque llevo desde peque\u00f1a luchando por mi sue\u00f1o, que es el cante, y esto es un empuj\u00f3n, siendo consciente que tengo que seguir trabajando\u201d, indic\u00f3 la cantaora, que afirma que los Cantes de Levante seguir\u00e1n en su repertorio.<\/p>\n\n\n\n<div><a href=\"https:\/\/raicesandaluzas.com\/revista\/wp-content\/uploads\/2023\/08\/02minas2023-1024x831.jpg\" class=\"td-modal-image\"><figure class=\"wp-block-image size-large\"><img loading=\"lazy\" decoding=\"async\" width=\"1024\" height=\"831\" src=\"https:\/\/raicesandaluzas.com\/revista\/wp-content\/uploads\/2023\/08\/02minas2023-1024x831.jpg\" alt=\"\" class=\"wp-image-1427\" srcset=\"https:\/\/raicesandaluzas.com\/revista\/wp-content\/uploads\/2023\/08\/02minas2023-1024x831.jpg 1024w, https:\/\/raicesandaluzas.com\/revista\/wp-content\/uploads\/2023\/08\/02minas2023-300x244.jpg 300w, https:\/\/raicesandaluzas.com\/revista\/wp-content\/uploads\/2023\/08\/02minas2023-768x623.jpg 768w, https:\/\/raicesandaluzas.com\/revista\/wp-content\/uploads\/2023\/08\/02minas2023-696x565.jpg 696w, https:\/\/raicesandaluzas.com\/revista\/wp-content\/uploads\/2023\/08\/02minas2023-1068x867.jpg 1068w, https:\/\/raicesandaluzas.com\/revista\/wp-content\/uploads\/2023\/08\/02minas2023-517x420.jpg 517w, https:\/\/raicesandaluzas.com\/revista\/wp-content\/uploads\/2023\/08\/02minas2023.jpg 1200w\" sizes=\"auto, (max-width: 1024px) 100vw, 1024px\" \/><\/figure><\/a><\/div>\n\n\n\n<p>Al igual que el suyo, el resto de trofeos del Festival se asocian desde anoche a nuevos nombres propios, que decidi\u00f3 el jurado compuesto por Manuel Boh\u00f3rquez, Jos\u00e9 Manuel Gamboa, Francisco Paredes y Francisco Severo, con Blanca del Rey como presidenta y Salvador Alcaraz como secretario. El premio al instrumentista flamenco, el \u2018Fil\u00f3n\u2019, se va cerquita del municipio: directo a Cartagena gracias a la taranta que Ra\u00fal P\u00e9rez Fern\u00e1ndez interpret\u00f3 al piano, cuyo secreto del \u00e9xito es tocar con \u201ccoraz\u00f3n, humildad y sinceridad\u201d. Los premios \u2018Desplante\u2019 confirmaron lo previsto en la final: en la categor\u00eda masculina fue para Yoel Ferr\u00e9 Vargas \u2018Yoel Vargas\u2019 de Tarragona, que cumpli\u00f3 el sue\u00f1o que \u201cten\u00eda desde chiquitito\u201d, demostrando que \u201ccon esfuerzo se llega hasta donde t\u00fa quieras\u201d; y en la femenina fue para Roc\u00edo Garrido, que tras colarse en la semifinal hace 9 a\u00f1os consigue el m\u00e1ximo reconocimiento en baile. \u201cCada vez que me lo preparaba para esto me imaginaba estar en este escenario y cerca del p\u00fablico\u201d, indicaba la bailaora, afirmando que \u201cha trabajado mucho\u201d, buscando ayuda de maestros para \u201cdejarse la piel en cada uno de esos bailes\u201d.<\/p>\n\n\n\n<p>El \u2018Bord\u00f3n Minero\u2019, \u00fanico premio con dos aspirantes en la final de esta edici\u00f3n, fue para Juan Luis Campos Triguero \u2018El Poti\u2019, de Granada, por su interpretaci\u00f3n de taranta y sole\u00e1.<\/p>\n\n\n\n<p>En cante, se sumaron otros cantaores y cantaoras con premios: en el grupo III de cantes bajo-andaluces, Mar\u00eda \u00c1ngeles Cruzado Garrido (Huelva) se llev\u00f3 el premio por farruca y Sergio G\u00f3mez Delgado \u2018El Colorao\u2019 (Granada) por sole\u00e1. En el Grupo II de cantes de M\u00e1laga, Granada, C\u00f3rdoba y Huelva, Antonio Jos\u00e9 Nieto Fern\u00e1ndez (C\u00f3rdoba), se llev\u00f3 el premio por taranta.<\/p>\n","protected":false},"excerpt":{"rendered":"<p>Entre \u2018Ol\u00e9s\u2019 y aplausos, la cantaora Roc\u00edo Crespillo Luna, conocida como \u2018Roc\u00edo Luna\u2019, conquist\u00f3 al p\u00fablico de La Uni\u00f3n en una noche que la se\u00f1alaba como posible ganadora del m\u00e1ximo premio al cante flamenco del Festival Internacional del Cante de las Minas. Y as\u00ed fue. Su interpretaci\u00f3n de mineras, cartagenera, siguiriya y grana\u00edna y media [&hellip;]<\/p>\n","protected":false},"author":1,"featured_media":1428,"comment_status":"open","ping_status":"open","sticky":false,"template":"","format":"standard","meta":{"footnotes":""},"categories":[19,22],"tags":[],"class_list":{"0":"post-1426","1":"post","2":"type-post","3":"status-publish","4":"format-standard","5":"has-post-thumbnail","7":"category-actualidad","8":"category-flamenco"},"_links":{"self":[{"href":"https:\/\/raicesandaluzas.com\/revista\/wp-json\/wp\/v2\/posts\/1426","targetHints":{"allow":["GET"]}}],"collection":[{"href":"https:\/\/raicesandaluzas.com\/revista\/wp-json\/wp\/v2\/posts"}],"about":[{"href":"https:\/\/raicesandaluzas.com\/revista\/wp-json\/wp\/v2\/types\/post"}],"author":[{"embeddable":true,"href":"https:\/\/raicesandaluzas.com\/revista\/wp-json\/wp\/v2\/users\/1"}],"replies":[{"embeddable":true,"href":"https:\/\/raicesandaluzas.com\/revista\/wp-json\/wp\/v2\/comments?post=1426"}],"version-history":[{"count":1,"href":"https:\/\/raicesandaluzas.com\/revista\/wp-json\/wp\/v2\/posts\/1426\/revisions"}],"predecessor-version":[{"id":1429,"href":"https:\/\/raicesandaluzas.com\/revista\/wp-json\/wp\/v2\/posts\/1426\/revisions\/1429"}],"wp:featuredmedia":[{"embeddable":true,"href":"https:\/\/raicesandaluzas.com\/revista\/wp-json\/wp\/v2\/media\/1428"}],"wp:attachment":[{"href":"https:\/\/raicesandaluzas.com\/revista\/wp-json\/wp\/v2\/media?parent=1426"}],"wp:term":[{"taxonomy":"category","embeddable":true,"href":"https:\/\/raicesandaluzas.com\/revista\/wp-json\/wp\/v2\/categories?post=1426"},{"taxonomy":"post_tag","embeddable":true,"href":"https:\/\/raicesandaluzas.com\/revista\/wp-json\/wp\/v2\/tags?post=1426"}],"curies":[{"name":"wp","href":"https:\/\/api.w.org\/{rel}","templated":true}]}}