{"id":1420,"date":"2023-07-28T17:12:45","date_gmt":"2023-07-28T17:12:45","guid":{"rendered":"https:\/\/raicesandaluzas.com\/revista\/?p=1420"},"modified":"2023-07-28T17:29:32","modified_gmt":"2023-07-28T17:29:32","slug":"fallece-isidoro-lara-fundador-de-la-hermandad-nuestra-senora-del-rocio-los-romeros-de-barcelona","status":"publish","type":"post","link":"https:\/\/raicesandaluzas.com\/revista\/2023\/07\/28\/fallece-isidoro-lara-fundador-de-la-hermandad-nuestra-senora-del-rocio-los-romeros-de-barcelona\/","title":{"rendered":"Fallece Isidoro Lara, fundador de la Hermandad Nuestra Se\u00f1ora del Roc\u00edo Los Romeros de Barcelona"},"content":{"rendered":"\n<p>Este pasado 27 de julio fallec\u00eda Isidoro Lara Barbecho, fundador de la Hermandad Nuestra Se\u00f1ora del Roc\u00edo Los Romeros de Barcelona. As\u00ed lo ha anunciado la hermandad en sus redes sociales. \u201cNos dejas hu\u00e9rfanos de sentimiento rociero, \u00e9l sab\u00eda c\u00f3mo querer a su Virgen del Roc\u00edo. Te llevaste mi bandera, mi medalla, mi amistad. Tu Simpecado, tu carreta, tu medalla y a caminar. Hasta siempre Romero, que Mar\u00eda Sant\u00edsima del Roc\u00edo te reciba en esas Marismas azules\u201d, han publicado sus hermanos y hermanas. Descanse en Paz. &nbsp;<\/p>\n","protected":false},"excerpt":{"rendered":"<p>Este pasado 27 de julio fallec\u00eda Isidoro Lara Barbecho, fundador de la Hermandad Nuestra Se\u00f1ora del Roc\u00edo Los Romeros de Barcelona. As\u00ed lo ha anunciado la hermandad en sus redes sociales. \u201cNos dejas hu\u00e9rfanos de sentimiento rociero, \u00e9l sab\u00eda c\u00f3mo querer a su Virgen del Roc\u00edo. Te llevaste mi bandera, mi medalla, mi amistad. Tu [&hellip;]<\/p>\n","protected":false},"author":1,"featured_media":1421,"comment_status":"open","ping_status":"open","sticky":false,"template":"","format":"standard","meta":{"footnotes":""},"categories":[19,21],"tags":[],"class_list":{"0":"post-1420","1":"post","2":"type-post","3":"status-publish","4":"format-standard","5":"has-post-thumbnail","7":"category-actualidad","8":"category-raices-rocieras"},"_links":{"self":[{"href":"https:\/\/raicesandaluzas.com\/revista\/wp-json\/wp\/v2\/posts\/1420","targetHints":{"allow":["GET"]}}],"collection":[{"href":"https:\/\/raicesandaluzas.com\/revista\/wp-json\/wp\/v2\/posts"}],"about":[{"href":"https:\/\/raicesandaluzas.com\/revista\/wp-json\/wp\/v2\/types\/post"}],"author":[{"embeddable":true,"href":"https:\/\/raicesandaluzas.com\/revista\/wp-json\/wp\/v2\/users\/1"}],"replies":[{"embeddable":true,"href":"https:\/\/raicesandaluzas.com\/revista\/wp-json\/wp\/v2\/comments?post=1420"}],"version-history":[{"count":2,"href":"https:\/\/raicesandaluzas.com\/revista\/wp-json\/wp\/v2\/posts\/1420\/revisions"}],"predecessor-version":[{"id":1423,"href":"https:\/\/raicesandaluzas.com\/revista\/wp-json\/wp\/v2\/posts\/1420\/revisions\/1423"}],"wp:featuredmedia":[{"embeddable":true,"href":"https:\/\/raicesandaluzas.com\/revista\/wp-json\/wp\/v2\/media\/1421"}],"wp:attachment":[{"href":"https:\/\/raicesandaluzas.com\/revista\/wp-json\/wp\/v2\/media?parent=1420"}],"wp:term":[{"taxonomy":"category","embeddable":true,"href":"https:\/\/raicesandaluzas.com\/revista\/wp-json\/wp\/v2\/categories?post=1420"},{"taxonomy":"post_tag","embeddable":true,"href":"https:\/\/raicesandaluzas.com\/revista\/wp-json\/wp\/v2\/tags?post=1420"}],"curies":[{"name":"wp","href":"https:\/\/api.w.org\/{rel}","templated":true}]}}