{"id":1401,"date":"2023-07-05T17:25:26","date_gmt":"2023-07-05T17:25:26","guid":{"rendered":"https:\/\/raicesandaluzas.com\/revista\/?p=1401"},"modified":"2023-07-05T17:26:08","modified_gmt":"2023-07-05T17:26:08","slug":"el-cercat-entrega-los-premios-de-su-xvii-concurso-de-fotografia-rociera","status":"publish","type":"post","link":"https:\/\/raicesandaluzas.com\/revista\/2023\/07\/05\/el-cercat-entrega-los-premios-de-su-xvii-concurso-de-fotografia-rociera\/","title":{"rendered":"El CERCAT entrega los premios de su XVII Concurso de Fotograf\u00eda Rociera"},"content":{"rendered":"\n<p>El Centro de Estudios Rocieros y Cultura Andaluza en Catalunya (CERCAT) entreg\u00f3 este pasado 1 de julio en los jardines del Museu d\u2019hist\u00f2ria de la immigraci\u00f3 de Catalunya (MhiC) de Sant Adri\u00e0 de Bes\u00f2s los premios de su XVII Concurso de Fotograf\u00eda Rociera.<\/p>\n\n\n\n<p>El acto estuvo presidido por la alcaldesa de la ciudad, Filo Ca\u00f1ete, y acudieron diversas personalidades como los concejales adrianenses Hugo Ferrer, Andr\u00e9s Pozo, Irene Pardo y Desir\u00e9 Aguilera, Miguel Jurado, concejal del Ayuntamiento de Santa Coloma de Gramenet, Josep Maria Sala, del PSC, el secretario de la Federaci\u00f3n Andaluza de Comunidades (FAC), Eduardo Carrillo, Nuria Do\u00f1oro, secretaria de la Federaci\u00f3n de Entidades Culturales Andaluzas en Catalu\u00f1a (FECAC), Mar\u00eda \u00c1ngels Arrabal y Javier Rojano, representantes del Consejo General de Hermandades y Cofrad\u00edas de la Archidi\u00f3cesis de Barcelona, y Josefita Delgado, de la Asociaci\u00f3n de Mujeres Cofrades de Barcelona, entre otros.<\/p>\n\n\n\n<figure class=\"wp-block-gallery has-nested-images columns-4 is-cropped td-modal-on-gallery wp-block-gallery-1 is-layout-flex wp-block-gallery-is-layout-flex\">\n<figure class=\"wp-block-image size-large\"><img loading=\"lazy\" decoding=\"async\" width=\"1024\" height=\"683\" data-id=\"1402\" src=\"https:\/\/raicesandaluzas.com\/revista\/wp-content\/uploads\/2023\/07\/premiosCERCAT2023_06-1024x683.jpg\" alt=\"\" class=\"wp-image-1402\" srcset=\"https:\/\/raicesandaluzas.com\/revista\/wp-content\/uploads\/2023\/07\/premiosCERCAT2023_06-1024x683.jpg 1024w, https:\/\/raicesandaluzas.com\/revista\/wp-content\/uploads\/2023\/07\/premiosCERCAT2023_06-300x200.jpg 300w, https:\/\/raicesandaluzas.com\/revista\/wp-content\/uploads\/2023\/07\/premiosCERCAT2023_06-768x512.jpg 768w, https:\/\/raicesandaluzas.com\/revista\/wp-content\/uploads\/2023\/07\/premiosCERCAT2023_06-696x464.jpg 696w, https:\/\/raicesandaluzas.com\/revista\/wp-content\/uploads\/2023\/07\/premiosCERCAT2023_06-1068x712.jpg 1068w, https:\/\/raicesandaluzas.com\/revista\/wp-content\/uploads\/2023\/07\/premiosCERCAT2023_06-630x420.jpg 630w, https:\/\/raicesandaluzas.com\/revista\/wp-content\/uploads\/2023\/07\/premiosCERCAT2023_06.jpg 1200w\" sizes=\"auto, (max-width: 1024px) 100vw, 1024px\" \/><\/figure>\n\n\n\n<figure class=\"wp-block-image size-large\"><img loading=\"lazy\" decoding=\"async\" width=\"1024\" height=\"881\" data-id=\"1404\" src=\"https:\/\/raicesandaluzas.com\/revista\/wp-content\/uploads\/2023\/07\/premiosCERCAT2023_05-1024x881.jpg\" alt=\"\" class=\"wp-image-1404\" srcset=\"https:\/\/raicesandaluzas.com\/revista\/wp-content\/uploads\/2023\/07\/premiosCERCAT2023_05-1024x881.jpg 1024w, https:\/\/raicesandaluzas.com\/revista\/wp-content\/uploads\/2023\/07\/premiosCERCAT2023_05-300x258.jpg 300w, https:\/\/raicesandaluzas.com\/revista\/wp-content\/uploads\/2023\/07\/premiosCERCAT2023_05-768x660.jpg 768w, https:\/\/raicesandaluzas.com\/revista\/wp-content\/uploads\/2023\/07\/premiosCERCAT2023_05-696x599.jpg 696w, https:\/\/raicesandaluzas.com\/revista\/wp-content\/uploads\/2023\/07\/premiosCERCAT2023_05-1068x918.jpg 1068w, https:\/\/raicesandaluzas.com\/revista\/wp-content\/uploads\/2023\/07\/premiosCERCAT2023_05-488x420.jpg 488w, https:\/\/raicesandaluzas.com\/revista\/wp-content\/uploads\/2023\/07\/premiosCERCAT2023_05.jpg 1200w\" sizes=\"auto, (max-width: 1024px) 100vw, 1024px\" \/><\/figure>\n\n\n\n<figure class=\"wp-block-image size-large\"><img loading=\"lazy\" decoding=\"async\" width=\"1024\" height=\"875\" data-id=\"1406\" src=\"https:\/\/raicesandaluzas.com\/revista\/wp-content\/uploads\/2023\/07\/premiosCERCAT2023_04-1024x875.jpg\" alt=\"\" class=\"wp-image-1406\" srcset=\"https:\/\/raicesandaluzas.com\/revista\/wp-content\/uploads\/2023\/07\/premiosCERCAT2023_04-1024x875.jpg 1024w, https:\/\/raicesandaluzas.com\/revista\/wp-content\/uploads\/2023\/07\/premiosCERCAT2023_04-300x256.jpg 300w, https:\/\/raicesandaluzas.com\/revista\/wp-content\/uploads\/2023\/07\/premiosCERCAT2023_04-768x656.jpg 768w, https:\/\/raicesandaluzas.com\/revista\/wp-content\/uploads\/2023\/07\/premiosCERCAT2023_04-696x595.jpg 696w, https:\/\/raicesandaluzas.com\/revista\/wp-content\/uploads\/2023\/07\/premiosCERCAT2023_04-1068x912.jpg 1068w, https:\/\/raicesandaluzas.com\/revista\/wp-content\/uploads\/2023\/07\/premiosCERCAT2023_04-492x420.jpg 492w, https:\/\/raicesandaluzas.com\/revista\/wp-content\/uploads\/2023\/07\/premiosCERCAT2023_04.jpg 1200w\" sizes=\"auto, (max-width: 1024px) 100vw, 1024px\" \/><\/figure>\n\n\n\n<figure class=\"wp-block-image size-large\"><img loading=\"lazy\" decoding=\"async\" width=\"842\" height=\"1024\" data-id=\"1405\" src=\"https:\/\/raicesandaluzas.com\/revista\/wp-content\/uploads\/2023\/07\/premiosCERCAT2023_03-842x1024.jpg\" alt=\"\" class=\"wp-image-1405\" srcset=\"https:\/\/raicesandaluzas.com\/revista\/wp-content\/uploads\/2023\/07\/premiosCERCAT2023_03-842x1024.jpg 842w, https:\/\/raicesandaluzas.com\/revista\/wp-content\/uploads\/2023\/07\/premiosCERCAT2023_03-247x300.jpg 247w, https:\/\/raicesandaluzas.com\/revista\/wp-content\/uploads\/2023\/07\/premiosCERCAT2023_03-768x934.jpg 768w, https:\/\/raicesandaluzas.com\/revista\/wp-content\/uploads\/2023\/07\/premiosCERCAT2023_03-696x846.jpg 696w, https:\/\/raicesandaluzas.com\/revista\/wp-content\/uploads\/2023\/07\/premiosCERCAT2023_03-345x420.jpg 345w, https:\/\/raicesandaluzas.com\/revista\/wp-content\/uploads\/2023\/07\/premiosCERCAT2023_03.jpg 987w\" sizes=\"auto, (max-width: 842px) 100vw, 842px\" \/><\/figure>\n\n\n\n<figure class=\"wp-block-image size-large\"><img loading=\"lazy\" decoding=\"async\" width=\"763\" height=\"1024\" data-id=\"1403\" src=\"https:\/\/raicesandaluzas.com\/revista\/wp-content\/uploads\/2023\/07\/premiosCERCAT2023_02-763x1024.jpg\" alt=\"\" class=\"wp-image-1403\" srcset=\"https:\/\/raicesandaluzas.com\/revista\/wp-content\/uploads\/2023\/07\/premiosCERCAT2023_02-763x1024.jpg 763w, https:\/\/raicesandaluzas.com\/revista\/wp-content\/uploads\/2023\/07\/premiosCERCAT2023_02-224x300.jpg 224w, https:\/\/raicesandaluzas.com\/revista\/wp-content\/uploads\/2023\/07\/premiosCERCAT2023_02-768x1031.jpg 768w, https:\/\/raicesandaluzas.com\/revista\/wp-content\/uploads\/2023\/07\/premiosCERCAT2023_02-696x934.jpg 696w, https:\/\/raicesandaluzas.com\/revista\/wp-content\/uploads\/2023\/07\/premiosCERCAT2023_02-313x420.jpg 313w, https:\/\/raicesandaluzas.com\/revista\/wp-content\/uploads\/2023\/07\/premiosCERCAT2023_02.jpg 894w\" sizes=\"auto, (max-width: 763px) 100vw, 763px\" \/><\/figure>\n\n\n\n<figure class=\"wp-block-image size-large\"><img loading=\"lazy\" decoding=\"async\" width=\"1024\" height=\"683\" data-id=\"1407\" src=\"https:\/\/raicesandaluzas.com\/revista\/wp-content\/uploads\/2023\/07\/premiosCERCAT2023_07-1024x683.jpg\" alt=\"\" class=\"wp-image-1407\" srcset=\"https:\/\/raicesandaluzas.com\/revista\/wp-content\/uploads\/2023\/07\/premiosCERCAT2023_07-1024x683.jpg 1024w, https:\/\/raicesandaluzas.com\/revista\/wp-content\/uploads\/2023\/07\/premiosCERCAT2023_07-300x200.jpg 300w, https:\/\/raicesandaluzas.com\/revista\/wp-content\/uploads\/2023\/07\/premiosCERCAT2023_07-768x512.jpg 768w, https:\/\/raicesandaluzas.com\/revista\/wp-content\/uploads\/2023\/07\/premiosCERCAT2023_07-696x464.jpg 696w, https:\/\/raicesandaluzas.com\/revista\/wp-content\/uploads\/2023\/07\/premiosCERCAT2023_07-1068x712.jpg 1068w, https:\/\/raicesandaluzas.com\/revista\/wp-content\/uploads\/2023\/07\/premiosCERCAT2023_07-630x420.jpg 630w, https:\/\/raicesandaluzas.com\/revista\/wp-content\/uploads\/2023\/07\/premiosCERCAT2023_07.jpg 1200w\" sizes=\"auto, (max-width: 1024px) 100vw, 1024px\" \/><\/figure>\n\n\n\n<figure class=\"wp-block-image size-large\"><img loading=\"lazy\" decoding=\"async\" width=\"1024\" height=\"683\" data-id=\"1408\" src=\"https:\/\/raicesandaluzas.com\/revista\/wp-content\/uploads\/2023\/07\/premiosCERCAT2023_08-1024x683.jpg\" alt=\"\" class=\"wp-image-1408\" srcset=\"https:\/\/raicesandaluzas.com\/revista\/wp-content\/uploads\/2023\/07\/premiosCERCAT2023_08-1024x683.jpg 1024w, https:\/\/raicesandaluzas.com\/revista\/wp-content\/uploads\/2023\/07\/premiosCERCAT2023_08-300x200.jpg 300w, https:\/\/raicesandaluzas.com\/revista\/wp-content\/uploads\/2023\/07\/premiosCERCAT2023_08-768x512.jpg 768w, https:\/\/raicesandaluzas.com\/revista\/wp-content\/uploads\/2023\/07\/premiosCERCAT2023_08-696x464.jpg 696w, https:\/\/raicesandaluzas.com\/revista\/wp-content\/uploads\/2023\/07\/premiosCERCAT2023_08-1068x712.jpg 1068w, https:\/\/raicesandaluzas.com\/revista\/wp-content\/uploads\/2023\/07\/premiosCERCAT2023_08-630x420.jpg 630w, https:\/\/raicesandaluzas.com\/revista\/wp-content\/uploads\/2023\/07\/premiosCERCAT2023_08.jpg 1200w\" sizes=\"auto, (max-width: 1024px) 100vw, 1024px\" \/><\/figure>\n<\/figure>\n\n\n\n<p>Los premios en la edici\u00f3n de 2023 de los premios, en sus tres categor\u00edas fueron: Agust\u00edn Padilla, con su imagen \u201cNi\u00f1os\u201d fue la ganadora del primer premio en la categor\u00eda \u201cRomer\u00eda del Roc\u00edo\u201d, dotado con 150 euros, diploma y madalla FCF. Jos\u00e9 Luis Trinidad, con \u201cRoc\u00edo 2007\u201d consigui\u00f3 el segundo (100 euros y diploma), Daniel Manzano, con \u201cA la espera Rosario de la Aurora\u201d el tercero (50 euros y diploma), y Montse Rafart con \u201cCaminando con los Romeros\u201d consigui\u00f3 el cuarto (50 euros y diploma).<br>En la categor\u00eda \u201cCatalu\u00f1a cofrade\u201d, el ganador fue Jos\u00e9 Antonio Andr\u00e9s Ferriz, con \u201cPenitencia\u201d, consiguiendo as\u00ed los 150 euros, la medalla FCF y el diploma del primer premio. Daniel Font, con \u201cLa ermita\u201d consigui\u00f3 el segundo (100 euros y diploma), Paquita Martos, con \u201cSentiment\u201d el tercero (50 euros y diploma), e Izan Merino, con \u201cFoto 4\u201d consigui\u00f3 el cuarto (50 euros y diploma).<br>En el premio especial \u201cFeria de Abril catalana\u201d, el ganador fue Jos\u00e9 reyes Belzunce, con \u201cFeria de Abril\u201d, consiguiendo as\u00ed los 100 euros y el diploma.<\/p>\n\n\n\n<p>Tras ser entregados los galardones, y despu\u00e9s de las palabras de la alcaldesa adrianense y de la directora del CERCAT, Sandra Torres, los presentes pudieron disfrutar de la actuaci\u00f3n dedel grupo Sevillan\u00eda.<\/p>\n\n\n\n<p><strong>Fotograf\u00edas: Manuel Arce<\/strong><\/p>\n\n\n\n<figure class=\"wp-block-gallery has-nested-images columns-default is-cropped td-modal-on-gallery wp-block-gallery-2 is-layout-flex wp-block-gallery-is-layout-flex\">\n<figure class=\"wp-block-image size-large\"><img loading=\"lazy\" decoding=\"async\" width=\"1024\" height=\"683\" data-id=\"1409\" src=\"https:\/\/raicesandaluzas.com\/revista\/wp-content\/uploads\/2023\/07\/premiosCERCAT2023_10-1024x683.jpg\" alt=\"\" class=\"wp-image-1409\" srcset=\"https:\/\/raicesandaluzas.com\/revista\/wp-content\/uploads\/2023\/07\/premiosCERCAT2023_10-1024x683.jpg 1024w, https:\/\/raicesandaluzas.com\/revista\/wp-content\/uploads\/2023\/07\/premiosCERCAT2023_10-300x200.jpg 300w, https:\/\/raicesandaluzas.com\/revista\/wp-content\/uploads\/2023\/07\/premiosCERCAT2023_10-768x512.jpg 768w, https:\/\/raicesandaluzas.com\/revista\/wp-content\/uploads\/2023\/07\/premiosCERCAT2023_10-696x464.jpg 696w, https:\/\/raicesandaluzas.com\/revista\/wp-content\/uploads\/2023\/07\/premiosCERCAT2023_10-1068x712.jpg 1068w, https:\/\/raicesandaluzas.com\/revista\/wp-content\/uploads\/2023\/07\/premiosCERCAT2023_10-630x420.jpg 630w, https:\/\/raicesandaluzas.com\/revista\/wp-content\/uploads\/2023\/07\/premiosCERCAT2023_10.jpg 1200w\" sizes=\"auto, (max-width: 1024px) 100vw, 1024px\" \/><\/figure>\n\n\n\n<figure class=\"wp-block-image size-large\"><img loading=\"lazy\" decoding=\"async\" width=\"1024\" height=\"723\" data-id=\"1410\" src=\"https:\/\/raicesandaluzas.com\/revista\/wp-content\/uploads\/2023\/07\/premiosCERCAT2023_11-1024x723.jpg\" alt=\"\" class=\"wp-image-1410\" srcset=\"https:\/\/raicesandaluzas.com\/revista\/wp-content\/uploads\/2023\/07\/premiosCERCAT2023_11-1024x723.jpg 1024w, https:\/\/raicesandaluzas.com\/revista\/wp-content\/uploads\/2023\/07\/premiosCERCAT2023_11-300x212.jpg 300w, https:\/\/raicesandaluzas.com\/revista\/wp-content\/uploads\/2023\/07\/premiosCERCAT2023_11-768x542.jpg 768w, https:\/\/raicesandaluzas.com\/revista\/wp-content\/uploads\/2023\/07\/premiosCERCAT2023_11-696x491.jpg 696w, https:\/\/raicesandaluzas.com\/revista\/wp-content\/uploads\/2023\/07\/premiosCERCAT2023_11-1068x754.jpg 1068w, https:\/\/raicesandaluzas.com\/revista\/wp-content\/uploads\/2023\/07\/premiosCERCAT2023_11-595x420.jpg 595w, https:\/\/raicesandaluzas.com\/revista\/wp-content\/uploads\/2023\/07\/premiosCERCAT2023_11-100x70.jpg 100w, https:\/\/raicesandaluzas.com\/revista\/wp-content\/uploads\/2023\/07\/premiosCERCAT2023_11.jpg 1200w\" sizes=\"auto, (max-width: 1024px) 100vw, 1024px\" \/><\/figure>\n\n\n\n<figure class=\"wp-block-image size-large\"><img loading=\"lazy\" decoding=\"async\" width=\"1024\" height=\"683\" data-id=\"1411\" src=\"https:\/\/raicesandaluzas.com\/revista\/wp-content\/uploads\/2023\/07\/premiosCERCAT2023_09-1024x683.jpg\" alt=\"\" class=\"wp-image-1411\" srcset=\"https:\/\/raicesandaluzas.com\/revista\/wp-content\/uploads\/2023\/07\/premiosCERCAT2023_09-1024x683.jpg 1024w, https:\/\/raicesandaluzas.com\/revista\/wp-content\/uploads\/2023\/07\/premiosCERCAT2023_09-300x200.jpg 300w, https:\/\/raicesandaluzas.com\/revista\/wp-content\/uploads\/2023\/07\/premiosCERCAT2023_09-768x512.jpg 768w, https:\/\/raicesandaluzas.com\/revista\/wp-content\/uploads\/2023\/07\/premiosCERCAT2023_09-696x464.jpg 696w, https:\/\/raicesandaluzas.com\/revista\/wp-content\/uploads\/2023\/07\/premiosCERCAT2023_09-1068x712.jpg 1068w, https:\/\/raicesandaluzas.com\/revista\/wp-content\/uploads\/2023\/07\/premiosCERCAT2023_09-630x420.jpg 630w, https:\/\/raicesandaluzas.com\/revista\/wp-content\/uploads\/2023\/07\/premiosCERCAT2023_09.jpg 1200w\" sizes=\"auto, (max-width: 1024px) 100vw, 1024px\" \/><\/figure>\n<\/figure>\n","protected":false},"excerpt":{"rendered":"<p>El Centro de Estudios Rocieros y Cultura Andaluza en Catalunya (CERCAT) entreg\u00f3 este pasado 1 de julio en los jardines del Museu d\u2019hist\u00f2ria de la immigraci\u00f3 de Catalunya (MhiC) de Sant Adri\u00e0 de Bes\u00f2s los premios de su XVII Concurso de Fotograf\u00eda Rociera. El acto estuvo presidido por la alcaldesa de la ciudad, Filo Ca\u00f1ete, [&hellip;]<\/p>\n","protected":false},"author":1,"featured_media":1412,"comment_status":"open","ping_status":"open","sticky":false,"template":"","format":"standard","meta":{"footnotes":""},"categories":[19,21],"tags":[],"class_list":{"0":"post-1401","1":"post","2":"type-post","3":"status-publish","4":"format-standard","5":"has-post-thumbnail","7":"category-actualidad","8":"category-raices-rocieras"},"_links":{"self":[{"href":"https:\/\/raicesandaluzas.com\/revista\/wp-json\/wp\/v2\/posts\/1401","targetHints":{"allow":["GET"]}}],"collection":[{"href":"https:\/\/raicesandaluzas.com\/revista\/wp-json\/wp\/v2\/posts"}],"about":[{"href":"https:\/\/raicesandaluzas.com\/revista\/wp-json\/wp\/v2\/types\/post"}],"author":[{"embeddable":true,"href":"https:\/\/raicesandaluzas.com\/revista\/wp-json\/wp\/v2\/users\/1"}],"replies":[{"embeddable":true,"href":"https:\/\/raicesandaluzas.com\/revista\/wp-json\/wp\/v2\/comments?post=1401"}],"version-history":[{"count":2,"href":"https:\/\/raicesandaluzas.com\/revista\/wp-json\/wp\/v2\/posts\/1401\/revisions"}],"predecessor-version":[{"id":1414,"href":"https:\/\/raicesandaluzas.com\/revista\/wp-json\/wp\/v2\/posts\/1401\/revisions\/1414"}],"wp:featuredmedia":[{"embeddable":true,"href":"https:\/\/raicesandaluzas.com\/revista\/wp-json\/wp\/v2\/media\/1412"}],"wp:attachment":[{"href":"https:\/\/raicesandaluzas.com\/revista\/wp-json\/wp\/v2\/media?parent=1401"}],"wp:term":[{"taxonomy":"category","embeddable":true,"href":"https:\/\/raicesandaluzas.com\/revista\/wp-json\/wp\/v2\/categories?post=1401"},{"taxonomy":"post_tag","embeddable":true,"href":"https:\/\/raicesandaluzas.com\/revista\/wp-json\/wp\/v2\/tags?post=1401"}],"curies":[{"name":"wp","href":"https:\/\/api.w.org\/{rel}","templated":true}]}}