{"id":1386,"date":"2023-06-28T09:25:46","date_gmt":"2023-06-28T09:25:46","guid":{"rendered":"https:\/\/raicesandaluzas.com\/revista\/?p=1386"},"modified":"2023-06-29T09:38:19","modified_gmt":"2023-06-29T09:38:19","slug":"el-xvii-concurso-de-fotografia-rociera-del-cercat-ya-tiene-ganadores","status":"publish","type":"post","link":"https:\/\/raicesandaluzas.com\/revista\/2023\/06\/28\/el-xvii-concurso-de-fotografia-rociera-del-cercat-ya-tiene-ganadores\/","title":{"rendered":"El XVII Concurso de Fotograf\u00eda Rociera del CERCAT ya tiene ganadores"},"content":{"rendered":"\n<p>Ayer, 27 de junio, se fallaron los premios del XVII Concurso de Fotograf\u00eda del Centro de Estudios Rocieros y Cultura Andaluza en Catalu\u00f1a (CERCAT). Agust\u00edn Padilla, con su imagen \u201cNi\u00f1os\u201d fue la ganadora del primer premio en la categor\u00eda \u201cRomer\u00eda del Roc\u00edo\u201d, dotado con 150 euros, diploma y madalla FCF. Jos\u00e9 Luis Trinidad, con \u201cRoc\u00edo 2007\u201d consigui\u00f3 el segundo (100 euros y diploma), Daniel Manzano, con \u201cA la espera Rosario de la Aurora\u201d el tercero (50 euros y diploma), y Montse Rafart con \u201cCaminando con los Romeros\u201d consigui\u00f3 el cuarto (50 euros y diploma).<br>En la categor\u00eda \u201cCatalu\u00f1a cofrade\u201d, el ganador fue Jos\u00e9 Antonio Andr\u00e9s Ferriz, con \u201cPenitencia\u201d, consiguiendo as\u00ed los 150 euros, la medalla FCF y el diploma del primer premio. Daniel Font, con \u201cLa ermita\u201d consigui\u00f3 el segundo (100 euros y diploma), Paquita Martos, con \u201cSentiment\u201d el tercero (50 euros y diploma), e Izan Merino, con \u201cFoto 4\u201d consigui\u00f3 el cuarto (50 euros y diploma).<br>En el premio especial \u201cFeria de Abril catalana\u201d, el ganador fue Jos\u00e9 reyes Belzunce, con \u201cFeria de Abril\u201d, consiguiendo as\u00ed los 100 euros y el diploma.<br>El jurado estuvo formado por Andr\u00e9s Pozo, concejal de Cultura del Ayuntamiento de Sant Adri\u00e0, Manel Riera, presidente del Consell General de Germandats i Confraries de l\u2019Arxidi\u00f2cesi de Barcelona, Francisco Almendros, de la Federaci\u00f3 Catalana de Fotografia, Sandra Torres, presidenta del CERCAT, y Remedios Pulido, miembro del CERCAT.<br>Los premios se entregar\u00e1n el pr\u00f3ximo s\u00e1bado 1 de julio en los jardines del Museu d\u2019hist\u00f2ria de la immigraci\u00f3n de Catalunya (MhiC), en Sant Adri\u00e0 de Bes\u00f2s, a las 19 horas en un acto abierto a la ciudadan\u00eda. Una vez entregados los premios, a partir de las 20.30 horas, tendr\u00e1 lugar la actuaci\u00f3n del grupo Sevillan\u00eda. <\/p>\n\n\n\n<div><a href=\"https:\/\/raicesandaluzas.com\/revista\/wp-content\/uploads\/2023\/06\/Roc\u00a1o-1_Ni\u00a6os_Agust\u00a1n-Padilla-Carre\u00a6o-1-1024x683.jpg\" class=\"td-modal-image\"><figure class=\"wp-block-image size-large\"><img loading=\"lazy\" decoding=\"async\" width=\"1024\" height=\"683\" src=\"https:\/\/raicesandaluzas.com\/revista\/wp-content\/uploads\/2023\/06\/Roc\u00a1o-1_Ni\u00a6os_Agust\u00a1n-Padilla-Carre\u00a6o-1-1024x683.jpg\" alt=\"\" class=\"wp-image-1390\" srcset=\"https:\/\/raicesandaluzas.com\/revista\/wp-content\/uploads\/2023\/06\/Roc\u00a1o-1_Ni\u00a6os_Agust\u00a1n-Padilla-Carre\u00a6o-1-1024x683.jpg 1024w, https:\/\/raicesandaluzas.com\/revista\/wp-content\/uploads\/2023\/06\/Roc\u00a1o-1_Ni\u00a6os_Agust\u00a1n-Padilla-Carre\u00a6o-1-300x200.jpg 300w, https:\/\/raicesandaluzas.com\/revista\/wp-content\/uploads\/2023\/06\/Roc\u00a1o-1_Ni\u00a6os_Agust\u00a1n-Padilla-Carre\u00a6o-1-768x512.jpg 768w, https:\/\/raicesandaluzas.com\/revista\/wp-content\/uploads\/2023\/06\/Roc\u00a1o-1_Ni\u00a6os_Agust\u00a1n-Padilla-Carre\u00a6o-1-696x464.jpg 696w, https:\/\/raicesandaluzas.com\/revista\/wp-content\/uploads\/2023\/06\/Roc\u00a1o-1_Ni\u00a6os_Agust\u00a1n-Padilla-Carre\u00a6o-1-1068x712.jpg 1068w, https:\/\/raicesandaluzas.com\/revista\/wp-content\/uploads\/2023\/06\/Roc\u00a1o-1_Ni\u00a6os_Agust\u00a1n-Padilla-Carre\u00a6o-1-630x420.jpg 630w, https:\/\/raicesandaluzas.com\/revista\/wp-content\/uploads\/2023\/06\/Roc\u00a1o-1_Ni\u00a6os_Agust\u00a1n-Padilla-Carre\u00a6o-1.jpg 1200w\" sizes=\"auto, (max-width: 1024px) 100vw, 1024px\" \/><\/figure><\/a><\/div>\n\n\n\n<p>Primer premio en la categor\u00eda \u00abRomer\u00eda del Roc\u00edo\u00bb, \u00abNi\u00f1os\u00bb, de Agust\u00edn Padilla.<\/p>\n\n\n\n<div><a href=\"https:\/\/raicesandaluzas.com\/revista\/wp-content\/uploads\/2023\/06\/Roc\u00a1o-2_Rocio-2007-1_Jos\u00ae-Lu\u00a1s-Trinidad-Millin-1-959x1024.jpg\" class=\"td-modal-image\"><figure class=\"wp-block-image size-large\"><img loading=\"lazy\" decoding=\"async\" width=\"959\" height=\"1024\" src=\"https:\/\/raicesandaluzas.com\/revista\/wp-content\/uploads\/2023\/06\/Roc\u00a1o-2_Rocio-2007-1_Jos\u00ae-Lu\u00a1s-Trinidad-Millin-1-959x1024.jpg\" alt=\"\" class=\"wp-image-1389\" srcset=\"https:\/\/raicesandaluzas.com\/revista\/wp-content\/uploads\/2023\/06\/Roc\u00a1o-2_Rocio-2007-1_Jos\u00ae-Lu\u00a1s-Trinidad-Millin-1-959x1024.jpg 959w, https:\/\/raicesandaluzas.com\/revista\/wp-content\/uploads\/2023\/06\/Roc\u00a1o-2_Rocio-2007-1_Jos\u00ae-Lu\u00a1s-Trinidad-Millin-1-281x300.jpg 281w, https:\/\/raicesandaluzas.com\/revista\/wp-content\/uploads\/2023\/06\/Roc\u00a1o-2_Rocio-2007-1_Jos\u00ae-Lu\u00a1s-Trinidad-Millin-1-768x820.jpg 768w, https:\/\/raicesandaluzas.com\/revista\/wp-content\/uploads\/2023\/06\/Roc\u00a1o-2_Rocio-2007-1_Jos\u00ae-Lu\u00a1s-Trinidad-Millin-1-696x744.jpg 696w, https:\/\/raicesandaluzas.com\/revista\/wp-content\/uploads\/2023\/06\/Roc\u00a1o-2_Rocio-2007-1_Jos\u00ae-Lu\u00a1s-Trinidad-Millin-1-1068x1141.jpg 1068w, https:\/\/raicesandaluzas.com\/revista\/wp-content\/uploads\/2023\/06\/Roc\u00a1o-2_Rocio-2007-1_Jos\u00ae-Lu\u00a1s-Trinidad-Millin-1-393x420.jpg 393w, https:\/\/raicesandaluzas.com\/revista\/wp-content\/uploads\/2023\/06\/Roc\u00a1o-2_Rocio-2007-1_Jos\u00ae-Lu\u00a1s-Trinidad-Millin-1.jpg 1200w\" sizes=\"auto, (max-width: 959px) 100vw, 959px\" \/><\/figure><\/a><\/div>\n\n\n\n<p>Segundo premio en la categor\u00eda \u00abRomer\u00eda del Roc\u00edo\u00bb, \u00abRoc\u00edo 2007\u00bb, de Jos\u00e9 Luis Trinidad.<\/p>\n\n\n\n<div><a href=\"https:\/\/raicesandaluzas.com\/revista\/wp-content\/uploads\/2023\/06\/Roc\u00a1o-3-_A-la-espera-Rosario-de-la-Aurora_Daniel-Manzano-Coronado-1024x683.jpg\" class=\"td-modal-image\"><figure class=\"wp-block-image size-large is-resized\"><img loading=\"lazy\" decoding=\"async\" src=\"https:\/\/raicesandaluzas.com\/revista\/wp-content\/uploads\/2023\/06\/Roc\u00a1o-3-_A-la-espera-Rosario-de-la-Aurora_Daniel-Manzano-Coronado-1024x683.jpg\" alt=\"\" class=\"wp-image-1391\" width=\"1023\" height=\"703\" srcset=\"https:\/\/raicesandaluzas.com\/revista\/wp-content\/uploads\/2023\/06\/Roc\u00a1o-3-_A-la-espera-Rosario-de-la-Aurora_Daniel-Manzano-Coronado-218x150.jpg 218w, https:\/\/raicesandaluzas.com\/revista\/wp-content\/uploads\/2023\/06\/Roc\u00a1o-3-_A-la-espera-Rosario-de-la-Aurora_Daniel-Manzano-Coronado-100x70.jpg 100w\" sizes=\"auto, (max-width: 1023px) 100vw, 1023px\" \/><\/figure><\/a><\/div>\n\n\n\n<p>Tercer premio en la categor\u00eda \u00abRomer\u00eda del Roc\u00edo\u00bb, \u00abA la espera Rosario de la Aurora\u00bb, de Daniel Manzano.<\/p>\n\n\n\n<div><a href=\"https:\/\/raicesandaluzas.com\/revista\/wp-content\/uploads\/2023\/06\/Roc\u00a1o-4_Caminando-con-los-Romeros_Montse-Rafart-Sard\u00a6n-576x1024.jpg\" class=\"td-modal-image\"><figure class=\"wp-block-image size-large\"><img loading=\"lazy\" decoding=\"async\" width=\"576\" height=\"1024\" src=\"https:\/\/raicesandaluzas.com\/revista\/wp-content\/uploads\/2023\/06\/Roc\u00a1o-4_Caminando-con-los-Romeros_Montse-Rafart-Sard\u00a6n-576x1024.jpg\" alt=\"\" class=\"wp-image-1392\" srcset=\"https:\/\/raicesandaluzas.com\/revista\/wp-content\/uploads\/2023\/06\/Roc\u00a1o-4_Caminando-con-los-Romeros_Montse-Rafart-Sard\u00a6n-576x1024.jpg 576w, https:\/\/raicesandaluzas.com\/revista\/wp-content\/uploads\/2023\/06\/Roc\u00a1o-4_Caminando-con-los-Romeros_Montse-Rafart-Sard\u00a6n-169x300.jpg 169w, https:\/\/raicesandaluzas.com\/revista\/wp-content\/uploads\/2023\/06\/Roc\u00a1o-4_Caminando-con-los-Romeros_Montse-Rafart-Sard\u00a6n-236x420.jpg 236w, https:\/\/raicesandaluzas.com\/revista\/wp-content\/uploads\/2023\/06\/Roc\u00a1o-4_Caminando-con-los-Romeros_Montse-Rafart-Sard\u00a6n.jpg 675w\" sizes=\"auto, (max-width: 576px) 100vw, 576px\" \/><\/figure><\/a><\/div>\n\n\n\n<p>Cuarto premio en la categor\u00eda \u00abRomer\u00eda del Roc\u00edo\u00bb, \u00abCaminando con los Romeros\u00bb, de Montse Rafart.<\/p>\n\n\n\n<div><a href=\"https:\/\/raicesandaluzas.com\/revista\/wp-content\/uploads\/2023\/06\/Cofrade-1_Penitencia_Jos\u00ae-Antonio-Andr\u00aes-Ferriz-1024x683.jpg\" class=\"td-modal-image\"><figure class=\"wp-block-image size-large\"><img loading=\"lazy\" decoding=\"async\" width=\"1024\" height=\"683\" src=\"https:\/\/raicesandaluzas.com\/revista\/wp-content\/uploads\/2023\/06\/Cofrade-1_Penitencia_Jos\u00ae-Antonio-Andr\u00aes-Ferriz-1024x683.jpg\" alt=\"\" class=\"wp-image-1393\" srcset=\"https:\/\/raicesandaluzas.com\/revista\/wp-content\/uploads\/2023\/06\/Cofrade-1_Penitencia_Jos\u00ae-Antonio-Andr\u00aes-Ferriz-1024x683.jpg 1024w, https:\/\/raicesandaluzas.com\/revista\/wp-content\/uploads\/2023\/06\/Cofrade-1_Penitencia_Jos\u00ae-Antonio-Andr\u00aes-Ferriz-300x200.jpg 300w, https:\/\/raicesandaluzas.com\/revista\/wp-content\/uploads\/2023\/06\/Cofrade-1_Penitencia_Jos\u00ae-Antonio-Andr\u00aes-Ferriz-768x512.jpg 768w, https:\/\/raicesandaluzas.com\/revista\/wp-content\/uploads\/2023\/06\/Cofrade-1_Penitencia_Jos\u00ae-Antonio-Andr\u00aes-Ferriz-696x464.jpg 696w, https:\/\/raicesandaluzas.com\/revista\/wp-content\/uploads\/2023\/06\/Cofrade-1_Penitencia_Jos\u00ae-Antonio-Andr\u00aes-Ferriz-1068x712.jpg 1068w, https:\/\/raicesandaluzas.com\/revista\/wp-content\/uploads\/2023\/06\/Cofrade-1_Penitencia_Jos\u00ae-Antonio-Andr\u00aes-Ferriz-630x420.jpg 630w, https:\/\/raicesandaluzas.com\/revista\/wp-content\/uploads\/2023\/06\/Cofrade-1_Penitencia_Jos\u00ae-Antonio-Andr\u00aes-Ferriz.jpg 1200w\" sizes=\"auto, (max-width: 1024px) 100vw, 1024px\" \/><\/figure><\/a><\/div>\n\n\n\n<p>Primer premio en la categor\u00eda \u00abCatalunya cofrade\u00bb, \u00abPenitencia\u00bb, de Jos\u00e9 Antonio Andr\u00e9s.<\/p>\n\n\n\n<div><a href=\"https:\/\/raicesandaluzas.com\/revista\/wp-content\/uploads\/2023\/06\/Cofrade-2_LA-ERMITA_Daniel-Font-Vila-739x1024.jpg\" class=\"td-modal-image\"><figure class=\"wp-block-image size-large\"><img loading=\"lazy\" decoding=\"async\" width=\"739\" height=\"1024\" src=\"https:\/\/raicesandaluzas.com\/revista\/wp-content\/uploads\/2023\/06\/Cofrade-2_LA-ERMITA_Daniel-Font-Vila-739x1024.jpg\" alt=\"\" class=\"wp-image-1394\" srcset=\"https:\/\/raicesandaluzas.com\/revista\/wp-content\/uploads\/2023\/06\/Cofrade-2_LA-ERMITA_Daniel-Font-Vila-739x1024.jpg 739w, https:\/\/raicesandaluzas.com\/revista\/wp-content\/uploads\/2023\/06\/Cofrade-2_LA-ERMITA_Daniel-Font-Vila-217x300.jpg 217w, https:\/\/raicesandaluzas.com\/revista\/wp-content\/uploads\/2023\/06\/Cofrade-2_LA-ERMITA_Daniel-Font-Vila-768x1064.jpg 768w, https:\/\/raicesandaluzas.com\/revista\/wp-content\/uploads\/2023\/06\/Cofrade-2_LA-ERMITA_Daniel-Font-Vila-696x964.jpg 696w, https:\/\/raicesandaluzas.com\/revista\/wp-content\/uploads\/2023\/06\/Cofrade-2_LA-ERMITA_Daniel-Font-Vila-303x420.jpg 303w, https:\/\/raicesandaluzas.com\/revista\/wp-content\/uploads\/2023\/06\/Cofrade-2_LA-ERMITA_Daniel-Font-Vila.jpg 866w\" sizes=\"auto, (max-width: 739px) 100vw, 739px\" \/><\/figure><\/a><\/div>\n\n\n\n<p>Segundo premio en la categor\u00eda \u00abCatalunya cofrade\u00bb, \u00abLa ermita\u00bb, de Daniel Font.<\/p>\n\n\n\n<div><a href=\"https:\/\/raicesandaluzas.com\/revista\/wp-content\/uploads\/2023\/06\/Cofrade-3_Sentiment_Paquita-Martos-1024x1024.jpg\" class=\"td-modal-image\"><figure class=\"wp-block-image size-large\"><img loading=\"lazy\" decoding=\"async\" width=\"1024\" height=\"1024\" src=\"https:\/\/raicesandaluzas.com\/revista\/wp-content\/uploads\/2023\/06\/Cofrade-3_Sentiment_Paquita-Martos-1024x1024.jpg\" alt=\"\" class=\"wp-image-1395\" srcset=\"https:\/\/raicesandaluzas.com\/revista\/wp-content\/uploads\/2023\/06\/Cofrade-3_Sentiment_Paquita-Martos-1024x1024.jpg 1024w, https:\/\/raicesandaluzas.com\/revista\/wp-content\/uploads\/2023\/06\/Cofrade-3_Sentiment_Paquita-Martos-300x300.jpg 300w, https:\/\/raicesandaluzas.com\/revista\/wp-content\/uploads\/2023\/06\/Cofrade-3_Sentiment_Paquita-Martos-150x150.jpg 150w, https:\/\/raicesandaluzas.com\/revista\/wp-content\/uploads\/2023\/06\/Cofrade-3_Sentiment_Paquita-Martos-768x768.jpg 768w, https:\/\/raicesandaluzas.com\/revista\/wp-content\/uploads\/2023\/06\/Cofrade-3_Sentiment_Paquita-Martos-696x696.jpg 696w, https:\/\/raicesandaluzas.com\/revista\/wp-content\/uploads\/2023\/06\/Cofrade-3_Sentiment_Paquita-Martos-1068x1068.jpg 1068w, https:\/\/raicesandaluzas.com\/revista\/wp-content\/uploads\/2023\/06\/Cofrade-3_Sentiment_Paquita-Martos-420x420.jpg 420w, https:\/\/raicesandaluzas.com\/revista\/wp-content\/uploads\/2023\/06\/Cofrade-3_Sentiment_Paquita-Martos.jpg 1200w\" sizes=\"auto, (max-width: 1024px) 100vw, 1024px\" \/><\/figure><\/a><\/div>\n\n\n\n<p>Tercer premio en la categor\u00eda \u00abCatalunya cofrade\u00bb, \u00abSentiment\u00bb, de Paquita Martos.<\/p>\n\n\n\n<div><a href=\"https:\/\/raicesandaluzas.com\/revista\/wp-content\/uploads\/2023\/06\/Cofrade-4_Foto-4_Izan-Merino-Torralba-1024x680.jpg\" class=\"td-modal-image\"><figure class=\"wp-block-image size-large\"><img loading=\"lazy\" decoding=\"async\" width=\"1024\" height=\"680\" src=\"https:\/\/raicesandaluzas.com\/revista\/wp-content\/uploads\/2023\/06\/Cofrade-4_Foto-4_Izan-Merino-Torralba-1024x680.jpg\" alt=\"\" class=\"wp-image-1396\" srcset=\"https:\/\/raicesandaluzas.com\/revista\/wp-content\/uploads\/2023\/06\/Cofrade-4_Foto-4_Izan-Merino-Torralba-1024x680.jpg 1024w, https:\/\/raicesandaluzas.com\/revista\/wp-content\/uploads\/2023\/06\/Cofrade-4_Foto-4_Izan-Merino-Torralba-300x199.jpg 300w, https:\/\/raicesandaluzas.com\/revista\/wp-content\/uploads\/2023\/06\/Cofrade-4_Foto-4_Izan-Merino-Torralba-768x510.jpg 768w, https:\/\/raicesandaluzas.com\/revista\/wp-content\/uploads\/2023\/06\/Cofrade-4_Foto-4_Izan-Merino-Torralba-696x462.jpg 696w, https:\/\/raicesandaluzas.com\/revista\/wp-content\/uploads\/2023\/06\/Cofrade-4_Foto-4_Izan-Merino-Torralba-1068x709.jpg 1068w, https:\/\/raicesandaluzas.com\/revista\/wp-content\/uploads\/2023\/06\/Cofrade-4_Foto-4_Izan-Merino-Torralba-632x420.jpg 632w, https:\/\/raicesandaluzas.com\/revista\/wp-content\/uploads\/2023\/06\/Cofrade-4_Foto-4_Izan-Merino-Torralba.jpg 1200w\" sizes=\"auto, (max-width: 1024px) 100vw, 1024px\" \/><\/figure><\/a><\/div>\n\n\n\n<p>Cuarto premio en la categor\u00eda \u00abCatalunya cofrade\u00bb, \u00abFoto 4\u00bb, de Izan Merino.<\/p>\n\n\n\n<div><a href=\"https:\/\/raicesandaluzas.com\/revista\/wp-content\/uploads\/2023\/06\/Esp-1024x813.jpg\" class=\"td-modal-image\"><figure class=\"wp-block-image size-large\"><img loading=\"lazy\" decoding=\"async\" width=\"1024\" height=\"813\" src=\"https:\/\/raicesandaluzas.com\/revista\/wp-content\/uploads\/2023\/06\/Esp-1024x813.jpg\" alt=\"\" class=\"wp-image-1397\" srcset=\"https:\/\/raicesandaluzas.com\/revista\/wp-content\/uploads\/2023\/06\/Esp-1024x813.jpg 1024w, https:\/\/raicesandaluzas.com\/revista\/wp-content\/uploads\/2023\/06\/Esp-300x238.jpg 300w, https:\/\/raicesandaluzas.com\/revista\/wp-content\/uploads\/2023\/06\/Esp-768x610.jpg 768w, https:\/\/raicesandaluzas.com\/revista\/wp-content\/uploads\/2023\/06\/Esp-696x553.jpg 696w, https:\/\/raicesandaluzas.com\/revista\/wp-content\/uploads\/2023\/06\/Esp-1068x848.jpg 1068w, https:\/\/raicesandaluzas.com\/revista\/wp-content\/uploads\/2023\/06\/Esp-529x420.jpg 529w, https:\/\/raicesandaluzas.com\/revista\/wp-content\/uploads\/2023\/06\/Esp.jpg 1200w\" sizes=\"auto, (max-width: 1024px) 100vw, 1024px\" \/><\/figure><\/a><\/div>\n\n\n\n<p>Premio especial \u00abFeria de Abril catalana\u00bb, \u00abFeria de Abril\u00bb, de Jos\u00e9 Reyes Belzunce.<\/p>\n\n\n\n<div><a href=\"https:\/\/raicesandaluzas.com\/revista\/wp-content\/uploads\/2023\/06\/cartel_entrega_premis_2023-827x1024.jpg\" class=\"td-modal-image\"><figure class=\"wp-block-image size-large\"><img loading=\"lazy\" decoding=\"async\" width=\"827\" height=\"1024\" src=\"https:\/\/raicesandaluzas.com\/revista\/wp-content\/uploads\/2023\/06\/cartel_entrega_premis_2023-827x1024.jpg\" alt=\"\" class=\"wp-image-1398\" srcset=\"https:\/\/raicesandaluzas.com\/revista\/wp-content\/uploads\/2023\/06\/cartel_entrega_premis_2023-827x1024.jpg 827w, https:\/\/raicesandaluzas.com\/revista\/wp-content\/uploads\/2023\/06\/cartel_entrega_premis_2023-242x300.jpg 242w, https:\/\/raicesandaluzas.com\/revista\/wp-content\/uploads\/2023\/06\/cartel_entrega_premis_2023-768x951.jpg 768w, https:\/\/raicesandaluzas.com\/revista\/wp-content\/uploads\/2023\/06\/cartel_entrega_premis_2023-324x400.jpg 324w, https:\/\/raicesandaluzas.com\/revista\/wp-content\/uploads\/2023\/06\/cartel_entrega_premis_2023-696x862.jpg 696w, https:\/\/raicesandaluzas.com\/revista\/wp-content\/uploads\/2023\/06\/cartel_entrega_premis_2023-339x420.jpg 339w, https:\/\/raicesandaluzas.com\/revista\/wp-content\/uploads\/2023\/06\/cartel_entrega_premis_2023.jpg 969w\" sizes=\"auto, (max-width: 827px) 100vw, 827px\" \/><\/figure><\/a><\/div>\n","protected":false},"excerpt":{"rendered":"<p>Ayer, 27 de junio, se fallaron los premios del XVII Concurso de Fotograf\u00eda del Centro de Estudios Rocieros y Cultura Andaluza en Catalu\u00f1a (CERCAT). Agust\u00edn Padilla, con su imagen \u201cNi\u00f1os\u201d fue la ganadora del primer premio en la categor\u00eda \u201cRomer\u00eda del Roc\u00edo\u201d, dotado con 150 euros, diploma y madalla FCF. Jos\u00e9 Luis Trinidad, con \u201cRoc\u00edo [&hellip;]<\/p>\n","protected":false},"author":1,"featured_media":1387,"comment_status":"open","ping_status":"open","sticky":false,"template":"","format":"standard","meta":{"footnotes":""},"categories":[19,21],"tags":[],"class_list":{"0":"post-1386","1":"post","2":"type-post","3":"status-publish","4":"format-standard","5":"has-post-thumbnail","7":"category-actualidad","8":"category-raices-rocieras"},"_links":{"self":[{"href":"https:\/\/raicesandaluzas.com\/revista\/wp-json\/wp\/v2\/posts\/1386","targetHints":{"allow":["GET"]}}],"collection":[{"href":"https:\/\/raicesandaluzas.com\/revista\/wp-json\/wp\/v2\/posts"}],"about":[{"href":"https:\/\/raicesandaluzas.com\/revista\/wp-json\/wp\/v2\/types\/post"}],"author":[{"embeddable":true,"href":"https:\/\/raicesandaluzas.com\/revista\/wp-json\/wp\/v2\/users\/1"}],"replies":[{"embeddable":true,"href":"https:\/\/raicesandaluzas.com\/revista\/wp-json\/wp\/v2\/comments?post=1386"}],"version-history":[{"count":2,"href":"https:\/\/raicesandaluzas.com\/revista\/wp-json\/wp\/v2\/posts\/1386\/revisions"}],"predecessor-version":[{"id":1400,"href":"https:\/\/raicesandaluzas.com\/revista\/wp-json\/wp\/v2\/posts\/1386\/revisions\/1400"}],"wp:featuredmedia":[{"embeddable":true,"href":"https:\/\/raicesandaluzas.com\/revista\/wp-json\/wp\/v2\/media\/1387"}],"wp:attachment":[{"href":"https:\/\/raicesandaluzas.com\/revista\/wp-json\/wp\/v2\/media?parent=1386"}],"wp:term":[{"taxonomy":"category","embeddable":true,"href":"https:\/\/raicesandaluzas.com\/revista\/wp-json\/wp\/v2\/categories?post=1386"},{"taxonomy":"post_tag","embeddable":true,"href":"https:\/\/raicesandaluzas.com\/revista\/wp-json\/wp\/v2\/tags?post=1386"}],"curies":[{"name":"wp","href":"https:\/\/api.w.org\/{rel}","templated":true}]}}