{"id":1381,"date":"2023-06-16T11:00:37","date_gmt":"2023-06-16T11:00:37","guid":{"rendered":"https:\/\/raicesandaluzas.com\/revista\/?p=1381"},"modified":"2023-06-16T11:00:38","modified_gmt":"2023-06-16T11:00:38","slug":"la-casa-de-andalucia-en-barcelona-convoca-el-segundo-concurso-nacional-de-tarantas-de-linares-homenaje-carmen-linares","status":"publish","type":"post","link":"https:\/\/raicesandaluzas.com\/revista\/2023\/06\/16\/la-casa-de-andalucia-en-barcelona-convoca-el-segundo-concurso-nacional-de-tarantas-de-linares-homenaje-carmen-linares\/","title":{"rendered":"La Casa de Andaluc\u00eda en Barcelona convoca el segundo Concurso Nacional de Tarantas de Linares Homenaje \u00abCarmen Linares\u00bb"},"content":{"rendered":"\n<p>La Casa de Andaluc\u00eda en Barcelona convoca la segunda edici\u00f3n del Concurso Nacional de Tarantas de Linares en homenaje a Carmen Linares. El certamen est\u00e1 compuesto por una preliminar en la que se podr\u00e0 participar mediante video, y la gran final, que tendr\u00e1 lugar el pr\u00f3ximo 17 de septiembre, a partir de las 18 horas, en el Auditori AXA de Barcelona.<\/p>\n\n\n\n<p>Todos los cantantes que deseen participar deber\u00e1n enviar la inscripci\u00f3n y un enlace de video interpretando la Taranta de Linares y un cante libre que no exceda de 5 minutos para la valoraci\u00f3n del jurado. Tendr\u00e1 que ser antes del 20 de julio al correo casadeandalucia@hotmail.com. Los datos de contacto del participantes ser\u00e1n nombre y apellidos, DNI, nombre art\u00edstico, domicilio y n\u00famero de tel\u00e9fono.<\/p>\n\n\n\n<p>En el concurso se repartir\u00e1n tres premios, el primero de 2.000 euros y la Cabria de plata, el segundo de 1.500 y diploma y el tercero de 800 euros y diploma-<\/p>\n\n\n\n<p>A continuaci\u00f3n pod\u00e9is consultar las bases al completo:<\/p>\n\n\n\n<div><a href=\"https:\/\/raicesandaluzas.com\/revista\/wp-content\/uploads\/2023\/06\/Bases-y-ficha-2-1024x747.jpg\" class=\"td-modal-image\"><figure class=\"wp-block-image size-large\"><img loading=\"lazy\" decoding=\"async\" width=\"1024\" height=\"747\" src=\"https:\/\/raicesandaluzas.com\/revista\/wp-content\/uploads\/2023\/06\/Bases-y-ficha-2-1024x747.jpg\" alt=\"\" class=\"wp-image-1382\" srcset=\"https:\/\/raicesandaluzas.com\/revista\/wp-content\/uploads\/2023\/06\/Bases-y-ficha-2-1024x747.jpg 1024w, https:\/\/raicesandaluzas.com\/revista\/wp-content\/uploads\/2023\/06\/Bases-y-ficha-2-300x219.jpg 300w, https:\/\/raicesandaluzas.com\/revista\/wp-content\/uploads\/2023\/06\/Bases-y-ficha-2-768x560.jpg 768w, https:\/\/raicesandaluzas.com\/revista\/wp-content\/uploads\/2023\/06\/Bases-y-ficha-2-696x508.jpg 696w, https:\/\/raicesandaluzas.com\/revista\/wp-content\/uploads\/2023\/06\/Bases-y-ficha-2-1068x779.jpg 1068w, https:\/\/raicesandaluzas.com\/revista\/wp-content\/uploads\/2023\/06\/Bases-y-ficha-2-576x420.jpg 576w, https:\/\/raicesandaluzas.com\/revista\/wp-content\/uploads\/2023\/06\/Bases-y-ficha-2-324x235.jpg 324w, https:\/\/raicesandaluzas.com\/revista\/wp-content\/uploads\/2023\/06\/Bases-y-ficha-2.jpg 1200w\" sizes=\"auto, (max-width: 1024px) 100vw, 1024px\" \/><\/figure><\/a><\/div>\n","protected":false},"excerpt":{"rendered":"<p>La Casa de Andaluc\u00eda en Barcelona convoca la segunda edici\u00f3n del Concurso Nacional de Tarantas de Linares en homenaje a Carmen Linares. El certamen est\u00e1 compuesto por una preliminar en la que se podr\u00e0 participar mediante video, y la gran final, que tendr\u00e1 lugar el pr\u00f3ximo 17 de septiembre, a partir de las 18 horas, [&hellip;]<\/p>\n","protected":false},"author":1,"featured_media":1383,"comment_status":"open","ping_status":"open","sticky":false,"template":"","format":"standard","meta":{"footnotes":""},"categories":[19,22],"tags":[],"class_list":{"0":"post-1381","1":"post","2":"type-post","3":"status-publish","4":"format-standard","5":"has-post-thumbnail","7":"category-actualidad","8":"category-flamenco"},"_links":{"self":[{"href":"https:\/\/raicesandaluzas.com\/revista\/wp-json\/wp\/v2\/posts\/1381","targetHints":{"allow":["GET"]}}],"collection":[{"href":"https:\/\/raicesandaluzas.com\/revista\/wp-json\/wp\/v2\/posts"}],"about":[{"href":"https:\/\/raicesandaluzas.com\/revista\/wp-json\/wp\/v2\/types\/post"}],"author":[{"embeddable":true,"href":"https:\/\/raicesandaluzas.com\/revista\/wp-json\/wp\/v2\/users\/1"}],"replies":[{"embeddable":true,"href":"https:\/\/raicesandaluzas.com\/revista\/wp-json\/wp\/v2\/comments?post=1381"}],"version-history":[{"count":1,"href":"https:\/\/raicesandaluzas.com\/revista\/wp-json\/wp\/v2\/posts\/1381\/revisions"}],"predecessor-version":[{"id":1384,"href":"https:\/\/raicesandaluzas.com\/revista\/wp-json\/wp\/v2\/posts\/1381\/revisions\/1384"}],"wp:featuredmedia":[{"embeddable":true,"href":"https:\/\/raicesandaluzas.com\/revista\/wp-json\/wp\/v2\/media\/1383"}],"wp:attachment":[{"href":"https:\/\/raicesandaluzas.com\/revista\/wp-json\/wp\/v2\/media?parent=1381"}],"wp:term":[{"taxonomy":"category","embeddable":true,"href":"https:\/\/raicesandaluzas.com\/revista\/wp-json\/wp\/v2\/categories?post=1381"},{"taxonomy":"post_tag","embeddable":true,"href":"https:\/\/raicesandaluzas.com\/revista\/wp-json\/wp\/v2\/tags?post=1381"}],"curies":[{"name":"wp","href":"https:\/\/api.w.org\/{rel}","templated":true}]}}