{"id":1372,"date":"2023-05-31T09:21:44","date_gmt":"2023-05-31T09:21:44","guid":{"rendered":"https:\/\/raicesandaluzas.com\/revista\/?p=1372"},"modified":"2023-05-31T09:21:45","modified_gmt":"2023-05-31T09:21:45","slug":"la-aca-de-torello-celebra-la-romeria-del-rocio-en-su-35-aniversario","status":"publish","type":"post","link":"https:\/\/raicesandaluzas.com\/revista\/2023\/05\/31\/la-aca-de-torello-celebra-la-romeria-del-rocio-en-su-35-aniversario\/","title":{"rendered":"La ACA de Torell\u00f3 celebra la Romer\u00eda del Roc\u00edo en su 35 aniversario"},"content":{"rendered":"\n<p>Este 2023 es un a\u00f1o especial para la Asociaci\u00f3n Cultural Andaluza de Torell\u00f3, ya que celebra su 35 aniversario. Este pr\u00f3ximo fin de semana organiza su acto m\u00e1s destacado, su Romer\u00eda en honor a la Virgen del Roc\u00edo. Los actos comenzar\u00e1n el s\u00e1bado, 3 de junio, a las 19 horas, en el local de la entidad (c\/ Rocaprevera) con el preg\u00f3n de Romer\u00eda a cargo de Carmelo Requena, acompa\u00f1ado por los cantos a la Blanca Paloma a cargo del Coro Rociero de la ACAT y la guitarra de David Caro. A las 20 horas comenzar\u00e1n las actuaciones, que ir\u00e1n a cargo de la Asociaci\u00f3n Cultural Andaluza de Tona y Baleny\u00e0, la ACA Pe\u00f1a Flamenca de Manlleu, la Casa Cultural Andaluza del Ripoll\u00e9s, la Asociaci\u00f3n Cultural \u00abMi Tierra y el Sur\u00bb de Vic, la Casa Cultural Andaluc\u00eda de La GarrotxaAlegr\u00edas del Sur y sus flamenquill@s, Sevilla y Sara, los grupos de Baile Silvia, la Asociaci\u00f3n Cultural Andaluza de Torell\u00f3 y el Grupo de Baile ACAT \u201cEntre dos aguas\u201d y curso de sevillanas. A continuaci\u00f3n, se rezar\u00e1 el Rosario.<\/p>\n\n\n\n<p>Al d\u00eda siguiente, 4 de junio, los actos se trasladar\u00e1n a la zona polideportivo, donde se desayunar\u00e1 a las 8 de la ma\u00f1ana, y donde dar\u00e1 comienzo el Camino rociero con la Blanca Paloma hacia la parroquia del barrio de Montserrat. All\u00ed, a las 10 horas, se llevar\u00e1 a cabo la Misa rociera, cantada por el Coro Rociero de la Asociaci\u00f3n Cultural Andaluza de Torell\u00f3. Una vez concluida la misa, regreso al recinto de la Romer\u00eda donde la imagen de la Virgen del Roc\u00edo visitar\u00e1 a las entidades asistentes. A las 17 horas, actuar\u00e1 el grupo de cante, rumbas y sevillanas \u00abMenos es m\u00e1s\u00bb. Al acabar, los romeros acompa\u00f1ar\u00e1n a la Virgen hasta la sede de la ACAT.<\/p>\n\n\n\n<p> <\/p>\n","protected":false},"excerpt":{"rendered":"<p>Este 2023 es un a\u00f1o especial para la Asociaci\u00f3n Cultural Andaluza de Torell\u00f3, ya que celebra su 35 aniversario. Este pr\u00f3ximo fin de semana organiza su acto m\u00e1s destacado, su Romer\u00eda en honor a la Virgen del Roc\u00edo. Los actos comenzar\u00e1n el s\u00e1bado, 3 de junio, a las 19 horas, en el local de la [&hellip;]<\/p>\n","protected":false},"author":1,"featured_media":1373,"comment_status":"open","ping_status":"open","sticky":false,"template":"","format":"standard","meta":{"footnotes":""},"categories":[19,21],"tags":[],"class_list":{"0":"post-1372","1":"post","2":"type-post","3":"status-publish","4":"format-standard","5":"has-post-thumbnail","7":"category-actualidad","8":"category-raices-rocieras"},"_links":{"self":[{"href":"https:\/\/raicesandaluzas.com\/revista\/wp-json\/wp\/v2\/posts\/1372","targetHints":{"allow":["GET"]}}],"collection":[{"href":"https:\/\/raicesandaluzas.com\/revista\/wp-json\/wp\/v2\/posts"}],"about":[{"href":"https:\/\/raicesandaluzas.com\/revista\/wp-json\/wp\/v2\/types\/post"}],"author":[{"embeddable":true,"href":"https:\/\/raicesandaluzas.com\/revista\/wp-json\/wp\/v2\/users\/1"}],"replies":[{"embeddable":true,"href":"https:\/\/raicesandaluzas.com\/revista\/wp-json\/wp\/v2\/comments?post=1372"}],"version-history":[{"count":1,"href":"https:\/\/raicesandaluzas.com\/revista\/wp-json\/wp\/v2\/posts\/1372\/revisions"}],"predecessor-version":[{"id":1374,"href":"https:\/\/raicesandaluzas.com\/revista\/wp-json\/wp\/v2\/posts\/1372\/revisions\/1374"}],"wp:featuredmedia":[{"embeddable":true,"href":"https:\/\/raicesandaluzas.com\/revista\/wp-json\/wp\/v2\/media\/1373"}],"wp:attachment":[{"href":"https:\/\/raicesandaluzas.com\/revista\/wp-json\/wp\/v2\/media?parent=1372"}],"wp:term":[{"taxonomy":"category","embeddable":true,"href":"https:\/\/raicesandaluzas.com\/revista\/wp-json\/wp\/v2\/categories?post=1372"},{"taxonomy":"post_tag","embeddable":true,"href":"https:\/\/raicesandaluzas.com\/revista\/wp-json\/wp\/v2\/tags?post=1372"}],"curies":[{"name":"wp","href":"https:\/\/api.w.org\/{rel}","templated":true}]}}