{"id":1369,"date":"2023-05-25T09:06:39","date_gmt":"2023-05-25T09:06:39","guid":{"rendered":"https:\/\/raicesandaluzas.com\/revista\/?p=1369"},"modified":"2023-05-25T09:06:40","modified_gmt":"2023-05-25T09:06:40","slug":"la-fecac-celebra-la-50-edicion-de-la-romeria-del-rocio-este-fin-de-semana-en-terrassa","status":"publish","type":"post","link":"https:\/\/raicesandaluzas.com\/revista\/2023\/05\/25\/la-fecac-celebra-la-50-edicion-de-la-romeria-del-rocio-este-fin-de-semana-en-terrassa\/","title":{"rendered":"La FECAC celebra la 50 edici\u00f3n de la Romer\u00eda del Roc\u00edo este fin de semana en Terrassa"},"content":{"rendered":"\n<p>La Federaci\u00f3n de Entidades Culturales Andaluzas celebra este fin de semana la 50\u00aa Romer\u00eda del Roc\u00edo de Catalu\u00f1a en Terrassa por sexta edici\u00f3n consecutiva.<\/p>\n\n\n\n<p>Participan en este evento religioso y cultural hermandades y asociaciones rocieras, entidades no rocieras socias de FECAC y otros grupos rocieros no adscritos a la Federaci\u00f3n hasta totalizar m\u00e1s de cien carpas y tiendas de campa\u00f1a en los dos espacios habilitados al efecto -zona de entidades y zona de acampada-.<\/p>\n\n\n\n<p>Los actos se iniciar\u00e1n este jueves a las siete de la tarde con una misa en la iglesia de Sant Mart\u00ed de Cerdanyola del Valles, a la que seguir\u00e1 el traslado de la imagen de la Virgen Roc\u00edo hasta la capilla habilitada en el recinto de Can Petit, en Terrassa.<\/p>\n\n\n\n<p>Las diversas hermandades rocieras llegar\u00e1n a su destino entre el viernes y el s\u00e1bado al mediod\u00eda. A las seis de la tarde del s\u00e1bado desfilar\u00e1n por la capilla para presentar sus respetos a la Virgen, con sus simpecados, varas y dem\u00e1s ornamentos, todas las hermandades presentes encabezadas por sus presidentes y hermanos mayores. En esta edici\u00f3n se trata de las hermandades rocieras de Santa Coloma de Gramenet, los Romeros de Barcelona, Pineda de Mar, l\u2019Hospitalet de Llobregat, Rocieros de Carmona de l\u2019Hospitalet de Llobregat, Pastora Almonte\u00f1a de l\u2019Hospitalet, Virgen de la Rocina de Sant Adri\u00e0 del Bes\u00f3s, las Marismas, Cerdanyola del Vall\u00e8s, Los Varales, Matar\u00f3, Pastorcillo Divino de l\u2019Hospitalet, San Rafael Arc\u00e1ngel, Santo \u00c1ngel de Barcelona, Rub\u00ed, Bad\u00eda del Vall\u00e8s, la Blanca Paloma de Ma\u00e7anet, Divina Pastora de Matar\u00f3, Pastora del Alba de Sant Adri\u00e0 del Bes\u00f3s, Terrassa, la Pau, Badalona y Voces del Camino de Terrassa.<\/p>\n\n\n\n<p>Los romeros ser\u00e1n recibidos por moss\u00e9n Juan Carlos Montserrat, rector de la iglesia de sant Mart\u00ed; Daniel Salinero, presidente dela FECAC, y otras autoridades.<\/p>\n\n\n<div class=\"wp-block-image\">\n<figure class=\"aligncenter size-large\"><img loading=\"lazy\" decoding=\"async\" width=\"719\" height=\"1024\" src=\"https:\/\/raicesandaluzas.com\/revista\/wp-content\/uploads\/2023\/05\/presentacioncartelRocio02-719x1024.jpg\" alt=\"\" class=\"wp-image-1349\" srcset=\"https:\/\/raicesandaluzas.com\/revista\/wp-content\/uploads\/2023\/05\/presentacioncartelRocio02-719x1024.jpg 719w, https:\/\/raicesandaluzas.com\/revista\/wp-content\/uploads\/2023\/05\/presentacioncartelRocio02-211x300.jpg 211w, https:\/\/raicesandaluzas.com\/revista\/wp-content\/uploads\/2023\/05\/presentacioncartelRocio02-768x1093.jpg 768w, https:\/\/raicesandaluzas.com\/revista\/wp-content\/uploads\/2023\/05\/presentacioncartelRocio02-696x991.jpg 696w, https:\/\/raicesandaluzas.com\/revista\/wp-content\/uploads\/2023\/05\/presentacioncartelRocio02-295x420.jpg 295w, https:\/\/raicesandaluzas.com\/revista\/wp-content\/uploads\/2023\/05\/presentacioncartelRocio02.jpg 843w\" sizes=\"auto, (max-width: 719px) 100vw, 719px\" \/><\/figure>\n<\/div>\n\n\n<p><strong>El domingo, misa rociera y Rosario de la Aurora<\/strong><\/p>\n\n\n\n<p>Los actos centrales tendr\u00e1n lugar el 28 de mayo, Domingo de Pentecost\u00e9s, a las diez de la ma\u00f1ana, con la misa rociera que oficiar\u00e1 el obispo de Terrassa, monse\u00f1or Salvador Cristau Coll, y en la que cantar\u00e1 el coro de la Hermandad Nuestra Se\u00f1ora del Roc\u00edo Santo \u00c1ngel, de Barcelona<\/p>\n\n\n\n<p>A las doce de la noche se celebrar\u00e1 el tradicional Rosario de la Aurora, con todo el recinto apagado y la \u00fanica lumbre que ofrecen las antorchas y velas de los romeros que, encabezados por sus simpecados, desfilar\u00e1n ante el altar. El rezo de las diversas estaciones del rosario correr\u00e1 a cargo del rector de la iglesia de Sant Mart\u00ed, Juan Carlos Montserrat, e ir\u00e1 acompa\u00f1ado por el coro de la Hermandad Nuestra Se\u00f1ora del Roc\u00edo Rocieros de Carmona de l\u2019Hospitalet de Llobregat.<\/p>\n\n\n\n<p>Despu\u00e9s de la misa del alba, a las ocho de la ma\u00f1ana del lunes d\u00eda 29, cantada por el coro de la Hermandad Nuestra Se\u00f1ora del Roc\u00edo Santa Mar\u00eda de las Arenas Voces del Camino de Terrassa. la romer\u00eda se cerrar\u00e1 con la procesi\u00f3n de la Virgen del Roc\u00edo por todo el recinto a partir de las 10 de la ma\u00f1ana.<\/p>\n\n\n\n<p><strong>Bodas de oro del Roc\u00edo<\/strong><\/p>\n\n\n\n<p>La Romer\u00eda del Roc\u00edo, que se celebra en Terrassa desde 2016, tuvo lugar anteriormente en Santa Perpetua de Mogoda, Montmel\u00f3 y Montcada i Reixac, entre otras localidades. La primera edici\u00f3n tuvo lugar en 1971. Los actos son muy concurridos, especialmente la misa del domingo.<\/p>\n\n\n\n<p>Como es sabido, el pasado 18 de marzo tuvo lugar una misa solemne conmemorativa de estos cincuenta a\u00f1os en la Sagrada Familia, oficiada por el cardenal-arzobispo de Barcelona, Juan Jos\u00e9 Omella. El templo estuvo lleno a rebosar con la presencia de las 23 hermandades rocieras miembros de FECAC.<\/p>\n","protected":false},"excerpt":{"rendered":"<p>La Federaci\u00f3n de Entidades Culturales Andaluzas celebra este fin de semana la 50\u00aa Romer\u00eda del Roc\u00edo de Catalu\u00f1a en Terrassa por sexta edici\u00f3n consecutiva. Participan en este evento religioso y cultural hermandades y asociaciones rocieras, entidades no rocieras socias de FECAC y otros grupos rocieros no adscritos a la Federaci\u00f3n hasta totalizar m\u00e1s de cien [&hellip;]<\/p>\n","protected":false},"author":2,"featured_media":1370,"comment_status":"open","ping_status":"open","sticky":false,"template":"","format":"standard","meta":{"footnotes":""},"categories":[19,21],"tags":[],"class_list":{"0":"post-1369","1":"post","2":"type-post","3":"status-publish","4":"format-standard","5":"has-post-thumbnail","7":"category-actualidad","8":"category-raices-rocieras"},"_links":{"self":[{"href":"https:\/\/raicesandaluzas.com\/revista\/wp-json\/wp\/v2\/posts\/1369","targetHints":{"allow":["GET"]}}],"collection":[{"href":"https:\/\/raicesandaluzas.com\/revista\/wp-json\/wp\/v2\/posts"}],"about":[{"href":"https:\/\/raicesandaluzas.com\/revista\/wp-json\/wp\/v2\/types\/post"}],"author":[{"embeddable":true,"href":"https:\/\/raicesandaluzas.com\/revista\/wp-json\/wp\/v2\/users\/2"}],"replies":[{"embeddable":true,"href":"https:\/\/raicesandaluzas.com\/revista\/wp-json\/wp\/v2\/comments?post=1369"}],"version-history":[{"count":1,"href":"https:\/\/raicesandaluzas.com\/revista\/wp-json\/wp\/v2\/posts\/1369\/revisions"}],"predecessor-version":[{"id":1371,"href":"https:\/\/raicesandaluzas.com\/revista\/wp-json\/wp\/v2\/posts\/1369\/revisions\/1371"}],"wp:featuredmedia":[{"embeddable":true,"href":"https:\/\/raicesandaluzas.com\/revista\/wp-json\/wp\/v2\/media\/1370"}],"wp:attachment":[{"href":"https:\/\/raicesandaluzas.com\/revista\/wp-json\/wp\/v2\/media?parent=1369"}],"wp:term":[{"taxonomy":"category","embeddable":true,"href":"https:\/\/raicesandaluzas.com\/revista\/wp-json\/wp\/v2\/categories?post=1369"},{"taxonomy":"post_tag","embeddable":true,"href":"https:\/\/raicesandaluzas.com\/revista\/wp-json\/wp\/v2\/tags?post=1369"}],"curies":[{"name":"wp","href":"https:\/\/api.w.org\/{rel}","templated":true}]}}