{"id":1364,"date":"2023-05-16T11:17:12","date_gmt":"2023-05-16T11:17:12","guid":{"rendered":"https:\/\/raicesandaluzas.com\/revista\/?p=1364"},"modified":"2023-05-16T11:17:13","modified_gmt":"2023-05-16T11:17:13","slug":"se-presenta-el-cartel-de-la-romeria-de-virgen-de-la-cabeza","status":"publish","type":"post","link":"https:\/\/raicesandaluzas.com\/revista\/2023\/05\/16\/se-presenta-el-cartel-de-la-romeria-de-virgen-de-la-cabeza\/","title":{"rendered":"Se presenta el cartel de la Romer\u00eda de Virgen de la Cabeza"},"content":{"rendered":"\n<p>La Cofrad\u00eda Virgen de la Cabeza en Catalunya present\u00f3 este pasado 13 de mayo el cartel de la Romer\u00eda 2023, que este a\u00f1o se celebrar\u00e1 los d\u00edas 3 y 4 de junio. La obra es un dibujo realizado a l\u00e1piz de grafito sobre un papel de tama\u00f1o A3 especial para esta t\u00e9cnica. Se trata de un montaje donde resaltan cuatro elementos principales en un \u00fanico plano. La ilustraci\u00f3n se divide en dos partes: La mitad superior refleja lo que est\u00e1 sobre nosotros, lo que todo lo puede, la Gloria, el Cielo, el Reino de Dios, donde ahora est\u00e1n quienes nos precedieron en esta bendita devoci\u00f3n, la imagen que solo podemos ver si la llevamos en el coraz\u00f3n como la llevamos nosotros: la grandeza, realeza, belleza y serenidad de la Sant\u00edsima Virgen Mar\u00eda, con el Ni\u00f1o Dios y la paloma blanca del Esp\u00edritu Santo, que con una rama de olivo jiennense pide la Paz para este mundo.\u00a0<\/p>\n\n\n\n<p>La parte inferior muestra lo material y lo terrenal, la casa de Dios en un paraje natural \u00fanico de esta tierra catalana, y el futuro y la ilusi\u00f3n de esta nuestra Cofrad\u00eda reflejados en la inocencia y la sencillez de una ni\u00f1a y un ni\u00f1o que se afanan en llevar una bandera que nos representa a todos, caminando sin descanso por el sendero m\u00e1s bonito que hay, que es el de la Fe a nuestra Virgen morena, la Stma. Virgen de la Cabeza.<\/p>\n\n\n\n<p>A continuaci\u00f3n, el programa de la Romer\u00eda 2023 de la Virgen de la Cabeza:<\/p>\n\n\n\n<div><a href=\"https:\/\/raicesandaluzas.com\/revista\/wp-content\/uploads\/2023\/05\/RomeriaVirgenCabeza2023-1024x864.jpg\" class=\"td-modal-image\"><figure class=\"wp-block-image size-large\"><img loading=\"lazy\" decoding=\"async\" width=\"1024\" height=\"864\" src=\"https:\/\/raicesandaluzas.com\/revista\/wp-content\/uploads\/2023\/05\/RomeriaVirgenCabeza2023-1024x864.jpg\" alt=\"\" class=\"wp-image-1365\" srcset=\"https:\/\/raicesandaluzas.com\/revista\/wp-content\/uploads\/2023\/05\/RomeriaVirgenCabeza2023-1024x864.jpg 1024w, https:\/\/raicesandaluzas.com\/revista\/wp-content\/uploads\/2023\/05\/RomeriaVirgenCabeza2023-300x253.jpg 300w, https:\/\/raicesandaluzas.com\/revista\/wp-content\/uploads\/2023\/05\/RomeriaVirgenCabeza2023-768x648.jpg 768w, https:\/\/raicesandaluzas.com\/revista\/wp-content\/uploads\/2023\/05\/RomeriaVirgenCabeza2023-696x587.jpg 696w, https:\/\/raicesandaluzas.com\/revista\/wp-content\/uploads\/2023\/05\/RomeriaVirgenCabeza2023-1068x901.jpg 1068w, https:\/\/raicesandaluzas.com\/revista\/wp-content\/uploads\/2023\/05\/RomeriaVirgenCabeza2023-498x420.jpg 498w, https:\/\/raicesandaluzas.com\/revista\/wp-content\/uploads\/2023\/05\/RomeriaVirgenCabeza2023.jpg 1080w\" sizes=\"auto, (max-width: 1024px) 100vw, 1024px\" \/><\/figure><\/a><\/div>\n\n\n\n<p> <\/p>\n","protected":false},"excerpt":{"rendered":"<p>La Cofrad\u00eda Virgen de la Cabeza en Catalunya present\u00f3 este pasado 13 de mayo el cartel de la Romer\u00eda 2023, que este a\u00f1o se celebrar\u00e1 los d\u00edas 3 y 4 de junio. La obra es un dibujo realizado a l\u00e1piz de grafito sobre un papel de tama\u00f1o A3 especial para esta t\u00e9cnica. Se trata de [&hellip;]<\/p>\n","protected":false},"author":2,"featured_media":1366,"comment_status":"open","ping_status":"open","sticky":false,"template":"","format":"standard","meta":{"footnotes":""},"categories":[19],"tags":[],"class_list":{"0":"post-1364","1":"post","2":"type-post","3":"status-publish","4":"format-standard","5":"has-post-thumbnail","7":"category-actualidad"},"_links":{"self":[{"href":"https:\/\/raicesandaluzas.com\/revista\/wp-json\/wp\/v2\/posts\/1364","targetHints":{"allow":["GET"]}}],"collection":[{"href":"https:\/\/raicesandaluzas.com\/revista\/wp-json\/wp\/v2\/posts"}],"about":[{"href":"https:\/\/raicesandaluzas.com\/revista\/wp-json\/wp\/v2\/types\/post"}],"author":[{"embeddable":true,"href":"https:\/\/raicesandaluzas.com\/revista\/wp-json\/wp\/v2\/users\/2"}],"replies":[{"embeddable":true,"href":"https:\/\/raicesandaluzas.com\/revista\/wp-json\/wp\/v2\/comments?post=1364"}],"version-history":[{"count":1,"href":"https:\/\/raicesandaluzas.com\/revista\/wp-json\/wp\/v2\/posts\/1364\/revisions"}],"predecessor-version":[{"id":1367,"href":"https:\/\/raicesandaluzas.com\/revista\/wp-json\/wp\/v2\/posts\/1364\/revisions\/1367"}],"wp:featuredmedia":[{"embeddable":true,"href":"https:\/\/raicesandaluzas.com\/revista\/wp-json\/wp\/v2\/media\/1366"}],"wp:attachment":[{"href":"https:\/\/raicesandaluzas.com\/revista\/wp-json\/wp\/v2\/media?parent=1364"}],"wp:term":[{"taxonomy":"category","embeddable":true,"href":"https:\/\/raicesandaluzas.com\/revista\/wp-json\/wp\/v2\/categories?post=1364"},{"taxonomy":"post_tag","embeddable":true,"href":"https:\/\/raicesandaluzas.com\/revista\/wp-json\/wp\/v2\/tags?post=1364"}],"curies":[{"name":"wp","href":"https:\/\/api.w.org\/{rel}","templated":true}]}}