{"id":1361,"date":"2023-05-16T09:42:56","date_gmt":"2023-05-16T09:42:56","guid":{"rendered":"https:\/\/raicesandaluzas.com\/revista\/?p=1361"},"modified":"2023-05-16T09:42:56","modified_gmt":"2023-05-16T09:42:56","slug":"nueva-edicion-de-la-romeria-de-la-virgen-de-la-sierra-a-santa-coloma","status":"publish","type":"post","link":"https:\/\/raicesandaluzas.com\/revista\/2023\/05\/16\/nueva-edicion-de-la-romeria-de-la-virgen-de-la-sierra-a-santa-coloma\/","title":{"rendered":"Nueva edici\u00f3n de la Romer\u00eda de la Virgen de la Sierra a Santa Coloma"},"content":{"rendered":"\n<p>La Asociaci\u00f3n Cultural Andaluza Colonia Egabrense &#8211; Hermandad Filial de Santa Coloma de Gramenet lo tiene todo listo para celebrar su XLII Gran Romer\u00eda de la Sierra. Del 9 al 11 de junio, y bajo el lema \u00abJunto a ti, volvemos a caminar\u00bb, los fieles regresan este a\u00f1o al recinto de Sant Jeroni de la Murtra con un programa que recupera sus actos tradicionales, como la cena del viernes, la ofrenda floral, nombramiento de Madria y preg\u00f3n el s\u00e1bado, y la Romer\u00eda en s\u00ed el domingo. <\/p>\n\n\n\n<p>La junta de la entidad ha decidido nombrar Madrina de la XLII Gran Romer\u00eda a la socia D\u00aa Rosario Rosell. Gran colaboradora que ha sido de esta entidad, y que a pesar de vivir fuera de Santa Coloma ha estado presente en todos y cada uno de los actos de esta entidad, colaborando al m\u00e1ximo siempre que ha podido, y apoyando siempre la buena labor de la Colonia Egabrense; nombrar Pregonero de la XLII Gran Romer\u00eda a D. Antonio Mora L\u00f3pez, amigo de nuestra filial y que siempre nos dedica buenas palabras y enaltece nuestra labor all\u00e1 donde quiera que est\u00e9; y nombrar Personas Distinguidas a Mn. Miguel \u00c1ngel P\u00e9rez y a Mn. Marlon Perdomo, Consiliario y P\u00e1rroco de nuestra Hermandad, por su incesante colaboraci\u00f3n con nosotros.<\/p>\n\n\n\n<p> <\/p>\n","protected":false},"excerpt":{"rendered":"<p>La Asociaci\u00f3n Cultural Andaluza Colonia Egabrense &#8211; Hermandad Filial de Santa Coloma de Gramenet lo tiene todo listo para celebrar su XLII Gran Romer\u00eda de la Sierra. Del 9 al 11 de junio, y bajo el lema \u00abJunto a ti, volvemos a caminar\u00bb, los fieles regresan este a\u00f1o al recinto de Sant Jeroni de la [&hellip;]<\/p>\n","protected":false},"author":1,"featured_media":1362,"comment_status":"open","ping_status":"open","sticky":false,"template":"","format":"standard","meta":{"footnotes":""},"categories":[19],"tags":[],"class_list":{"0":"post-1361","1":"post","2":"type-post","3":"status-publish","4":"format-standard","5":"has-post-thumbnail","7":"category-actualidad"},"_links":{"self":[{"href":"https:\/\/raicesandaluzas.com\/revista\/wp-json\/wp\/v2\/posts\/1361","targetHints":{"allow":["GET"]}}],"collection":[{"href":"https:\/\/raicesandaluzas.com\/revista\/wp-json\/wp\/v2\/posts"}],"about":[{"href":"https:\/\/raicesandaluzas.com\/revista\/wp-json\/wp\/v2\/types\/post"}],"author":[{"embeddable":true,"href":"https:\/\/raicesandaluzas.com\/revista\/wp-json\/wp\/v2\/users\/1"}],"replies":[{"embeddable":true,"href":"https:\/\/raicesandaluzas.com\/revista\/wp-json\/wp\/v2\/comments?post=1361"}],"version-history":[{"count":1,"href":"https:\/\/raicesandaluzas.com\/revista\/wp-json\/wp\/v2\/posts\/1361\/revisions"}],"predecessor-version":[{"id":1363,"href":"https:\/\/raicesandaluzas.com\/revista\/wp-json\/wp\/v2\/posts\/1361\/revisions\/1363"}],"wp:featuredmedia":[{"embeddable":true,"href":"https:\/\/raicesandaluzas.com\/revista\/wp-json\/wp\/v2\/media\/1362"}],"wp:attachment":[{"href":"https:\/\/raicesandaluzas.com\/revista\/wp-json\/wp\/v2\/media?parent=1361"}],"wp:term":[{"taxonomy":"category","embeddable":true,"href":"https:\/\/raicesandaluzas.com\/revista\/wp-json\/wp\/v2\/categories?post=1361"},{"taxonomy":"post_tag","embeddable":true,"href":"https:\/\/raicesandaluzas.com\/revista\/wp-json\/wp\/v2\/tags?post=1361"}],"curies":[{"name":"wp","href":"https:\/\/api.w.org\/{rel}","templated":true}]}}