{"id":1357,"date":"2023-05-15T11:08:47","date_gmt":"2023-05-15T11:08:47","guid":{"rendered":"https:\/\/raicesandaluzas.com\/revista\/?p=1357"},"modified":"2023-05-15T11:08:48","modified_gmt":"2023-05-15T11:08:48","slug":"la-cruz-de-mayo-de-sant-boi-llega-a-los-39-anos-con-buena-salud","status":"publish","type":"post","link":"https:\/\/raicesandaluzas.com\/revista\/2023\/05\/15\/la-cruz-de-mayo-de-sant-boi-llega-a-los-39-anos-con-buena-salud\/","title":{"rendered":"La Cruz de Mayo de Sant Boi llega a los 39 a\u00f1os con buena salud"},"content":{"rendered":"\n<p>Otro a\u00f1o m\u00e1s nuestra entidad ha vuelto a reunir al municipio de Sant Boi alrededor de la fiesta de la Cruz de Mayo. Una fiesta que se celebra en nuestra ciudad desde 1984 y que en esta 39 edici\u00f3n ha combinado tradici\u00f3n, cultura y sobre todo car\u00e1cter andaluz.<\/p>\n\n\n\n<p>La fiesta se inici\u00f3 el viernes 12 con la actuaci\u00f3n de Maria de la Roo &amp; Cristobal y ha dado un sinf\u00edn de actuaciones tanto de la Escuela de Baile Flamenco de la Casa de Sevilla, intercambio con otras entidades, las rumbas de \u00abAromas de Andaluc\u00eda\u00bb, grupo \u00abLa M\u00e1laga\u00bb o \u00abAydena\u00bb.<\/p>\n\n\n\n<p>La parte m\u00e1s tradicional ha venido de la mano de nuestro Coro rociero \u00abRa\u00edces\u00bb con la Misa Rociera oficiada por Padre Esteve.&nbsp;<\/p>\n\n\n\n<p>Finalmente la comida popular de \u00abEstofado de papas con Alb\u00f3ndigas\u00bb ha puesto buen sabor y punto final a un fin de semana \u00fanico que nos marca que en el 2024 celebraremos 40 a\u00f1os de esta nuestra fiesta.\u00a0<\/p>\n\n\n\n<div><a href=\"https:\/\/raicesandaluzas.com\/revista\/wp-content\/uploads\/2023\/05\/cruzmayosantboi23_01-1024x768.jpg\" class=\"td-modal-image\"><figure class=\"wp-block-image size-large\"><img loading=\"lazy\" decoding=\"async\" width=\"1024\" height=\"768\" src=\"https:\/\/raicesandaluzas.com\/revista\/wp-content\/uploads\/2023\/05\/cruzmayosantboi23_01-1024x768.jpg\" alt=\"\" class=\"wp-image-1358\" srcset=\"https:\/\/raicesandaluzas.com\/revista\/wp-content\/uploads\/2023\/05\/cruzmayosantboi23_01-1024x768.jpg 1024w, https:\/\/raicesandaluzas.com\/revista\/wp-content\/uploads\/2023\/05\/cruzmayosantboi23_01-300x225.jpg 300w, https:\/\/raicesandaluzas.com\/revista\/wp-content\/uploads\/2023\/05\/cruzmayosantboi23_01-768x576.jpg 768w, https:\/\/raicesandaluzas.com\/revista\/wp-content\/uploads\/2023\/05\/cruzmayosantboi23_01-696x522.jpg 696w, https:\/\/raicesandaluzas.com\/revista\/wp-content\/uploads\/2023\/05\/cruzmayosantboi23_01-1068x801.jpg 1068w, https:\/\/raicesandaluzas.com\/revista\/wp-content\/uploads\/2023\/05\/cruzmayosantboi23_01-560x420.jpg 560w, https:\/\/raicesandaluzas.com\/revista\/wp-content\/uploads\/2023\/05\/cruzmayosantboi23_01-80x60.jpg 80w, https:\/\/raicesandaluzas.com\/revista\/wp-content\/uploads\/2023\/05\/cruzmayosantboi23_01-265x198.jpg 265w, https:\/\/raicesandaluzas.com\/revista\/wp-content\/uploads\/2023\/05\/cruzmayosantboi23_01.jpg 1200w\" sizes=\"auto, (max-width: 1024px) 100vw, 1024px\" \/><\/figure><\/a><\/div>\n","protected":false},"excerpt":{"rendered":"<p>Otro a\u00f1o m\u00e1s nuestra entidad ha vuelto a reunir al municipio de Sant Boi alrededor de la fiesta de la Cruz de Mayo. Una fiesta que se celebra en nuestra ciudad desde 1984 y que en esta 39 edici\u00f3n ha combinado tradici\u00f3n, cultura y sobre todo car\u00e1cter andaluz. La fiesta se inici\u00f3 el viernes 12 [&hellip;]<\/p>\n","protected":false},"author":2,"featured_media":1359,"comment_status":"open","ping_status":"open","sticky":false,"template":"","format":"standard","meta":{"footnotes":""},"categories":[19],"tags":[],"class_list":{"0":"post-1357","1":"post","2":"type-post","3":"status-publish","4":"format-standard","5":"has-post-thumbnail","7":"category-actualidad"},"_links":{"self":[{"href":"https:\/\/raicesandaluzas.com\/revista\/wp-json\/wp\/v2\/posts\/1357","targetHints":{"allow":["GET"]}}],"collection":[{"href":"https:\/\/raicesandaluzas.com\/revista\/wp-json\/wp\/v2\/posts"}],"about":[{"href":"https:\/\/raicesandaluzas.com\/revista\/wp-json\/wp\/v2\/types\/post"}],"author":[{"embeddable":true,"href":"https:\/\/raicesandaluzas.com\/revista\/wp-json\/wp\/v2\/users\/2"}],"replies":[{"embeddable":true,"href":"https:\/\/raicesandaluzas.com\/revista\/wp-json\/wp\/v2\/comments?post=1357"}],"version-history":[{"count":1,"href":"https:\/\/raicesandaluzas.com\/revista\/wp-json\/wp\/v2\/posts\/1357\/revisions"}],"predecessor-version":[{"id":1360,"href":"https:\/\/raicesandaluzas.com\/revista\/wp-json\/wp\/v2\/posts\/1357\/revisions\/1360"}],"wp:featuredmedia":[{"embeddable":true,"href":"https:\/\/raicesandaluzas.com\/revista\/wp-json\/wp\/v2\/media\/1359"}],"wp:attachment":[{"href":"https:\/\/raicesandaluzas.com\/revista\/wp-json\/wp\/v2\/media?parent=1357"}],"wp:term":[{"taxonomy":"category","embeddable":true,"href":"https:\/\/raicesandaluzas.com\/revista\/wp-json\/wp\/v2\/categories?post=1357"},{"taxonomy":"post_tag","embeddable":true,"href":"https:\/\/raicesandaluzas.com\/revista\/wp-json\/wp\/v2\/tags?post=1357"}],"curies":[{"name":"wp","href":"https:\/\/api.w.org\/{rel}","templated":true}]}}