{"id":1354,"date":"2023-05-11T11:17:41","date_gmt":"2023-05-11T11:17:41","guid":{"rendered":"https:\/\/raicesandaluzas.com\/revista\/?p=1354"},"modified":"2023-05-11T11:17:42","modified_gmt":"2023-05-11T11:17:42","slug":"los-ballesteros-celebran-san-isidro","status":"publish","type":"post","link":"https:\/\/raicesandaluzas.com\/revista\/2023\/05\/11\/los-ballesteros-celebran-san-isidro\/","title":{"rendered":"Los Ballesteros celebran San Isidro"},"content":{"rendered":"\n<p>El pr\u00f3ximo 14 de mayo, la Agrupaci\u00f3n Andaluza San Sebasti\u00e1n de los Ballesteros (C\u00f3rdoba) en Catalunya organiza la XLV Romer\u00eda en Sabadell en honor a San Isidro. Los actos comenzar\u00e1n, sin embargo, el viernes, 12 de mayo, con una conferencia bajo el t\u00edtulo de \u201cUn antes y un ahora de una Hermandad Nazarena en Andaluc\u00eda\u201d, a cargo de Juan Rafael M\u00e1rquez Carrillo, diplomado en Magisterio. La conferencia tendr\u00e1 lugar en la sede de la agrupaci\u00f3n (Avenida Lluis Companys, 81, Sabadell), a partir de las 20.15 h.<br>El domingo, 14 de mayo se llevar\u00e1 a cabo la XLV Romer\u00eda en honor a San Isidro. Las carrozas saldr\u00e1n de la Plaza Dr. Robert y recorrer\u00e1n las principales calles de la ciudad hasta llegar al bosque de Can Deu y la Ermita de Sant Juli\u00e0 D&#8217;altura, donde se realizar\u00e1 la jornada de convivencia.<\/p>\n\n\n\n<p>Adem\u00e1s, el 27 de mayo, a partir de las 20.30 horas, celebrar\u00e1n la Fiesta de la Cruz de Mayo en su sede.<\/p>\n","protected":false},"excerpt":{"rendered":"<p>El pr\u00f3ximo 14 de mayo, la Agrupaci\u00f3n Andaluza San Sebasti\u00e1n de los Ballesteros (C\u00f3rdoba) en Catalunya organiza la XLV Romer\u00eda en Sabadell en honor a San Isidro. Los actos comenzar\u00e1n, sin embargo, el viernes, 12 de mayo, con una conferencia bajo el t\u00edtulo de \u201cUn antes y un ahora de una Hermandad Nazarena en Andaluc\u00eda\u201d, [&hellip;]<\/p>\n","protected":false},"author":1,"featured_media":1355,"comment_status":"open","ping_status":"open","sticky":false,"template":"","format":"standard","meta":{"footnotes":""},"categories":[19],"tags":[],"class_list":{"0":"post-1354","1":"post","2":"type-post","3":"status-publish","4":"format-standard","5":"has-post-thumbnail","7":"category-actualidad"},"_links":{"self":[{"href":"https:\/\/raicesandaluzas.com\/revista\/wp-json\/wp\/v2\/posts\/1354","targetHints":{"allow":["GET"]}}],"collection":[{"href":"https:\/\/raicesandaluzas.com\/revista\/wp-json\/wp\/v2\/posts"}],"about":[{"href":"https:\/\/raicesandaluzas.com\/revista\/wp-json\/wp\/v2\/types\/post"}],"author":[{"embeddable":true,"href":"https:\/\/raicesandaluzas.com\/revista\/wp-json\/wp\/v2\/users\/1"}],"replies":[{"embeddable":true,"href":"https:\/\/raicesandaluzas.com\/revista\/wp-json\/wp\/v2\/comments?post=1354"}],"version-history":[{"count":1,"href":"https:\/\/raicesandaluzas.com\/revista\/wp-json\/wp\/v2\/posts\/1354\/revisions"}],"predecessor-version":[{"id":1356,"href":"https:\/\/raicesandaluzas.com\/revista\/wp-json\/wp\/v2\/posts\/1354\/revisions\/1356"}],"wp:featuredmedia":[{"embeddable":true,"href":"https:\/\/raicesandaluzas.com\/revista\/wp-json\/wp\/v2\/media\/1355"}],"wp:attachment":[{"href":"https:\/\/raicesandaluzas.com\/revista\/wp-json\/wp\/v2\/media?parent=1354"}],"wp:term":[{"taxonomy":"category","embeddable":true,"href":"https:\/\/raicesandaluzas.com\/revista\/wp-json\/wp\/v2\/categories?post=1354"},{"taxonomy":"post_tag","embeddable":true,"href":"https:\/\/raicesandaluzas.com\/revista\/wp-json\/wp\/v2\/tags?post=1354"}],"curies":[{"name":"wp","href":"https:\/\/api.w.org\/{rel}","templated":true}]}}