{"id":1347,"date":"2023-05-03T08:39:37","date_gmt":"2023-05-03T08:39:37","guid":{"rendered":"https:\/\/raicesandaluzas.com\/revista\/?p=1347"},"modified":"2023-05-03T08:41:11","modified_gmt":"2023-05-03T08:41:11","slug":"se-presenta-el-cartel-de-la-romeria-del-rocio-en-catalunya","status":"publish","type":"post","link":"https:\/\/raicesandaluzas.com\/revista\/2023\/05\/03\/se-presenta-el-cartel-de-la-romeria-del-rocio-en-catalunya\/","title":{"rendered":"Se presenta el cartel de la Romer\u00eda del Roc\u00edo en Catalunya"},"content":{"rendered":"\n<p>La Romer\u00eda del Roc\u00edo en Catalunya celebra en este 2023 su edici\u00f3n n\u00famero 50, n\u00famero redondo y muy importante para la familia rociera. El cartel de la Romer\u00eda de este a\u00f1o, obra de Laura Amores D\u00edaz, hermana de la Hermandad Nuestra Se\u00f1ora del Roc\u00edo de Terrassa, se present\u00f3 el domingo, 30 de abril, en la caseta museo del Real de la Feria de Abril de Catalunya. El acto cont\u00f3 con la presencia de buena parte de la junta directiva de la FECAC, con los responsables de la Romer\u00eda entre ellos, Sergio Medel y Jos\u00e9 Miguel \u00c1ngel. <\/p>\n\n\n\n<p>Con el primero de ellos hablamos durante los d\u00edas de Feria y nos cont\u00f3 algunos de los actos en los que se est\u00e1 trabajando para conmemorar las bodas de oro de la Romer\u00eda. Una celebraci\u00f3n que ya ha comenzado, en especial con la misa extraordinaria en la Sagrada Familia en la que estuvo presente toda la familia rociera al completo. \u201cFue muy bonito c\u00f3mo se sum\u00f3 la gente, tuvimos mucha representaci\u00f3n pol\u00edtica. Fue algo fuera de lo com\u00fan\u201d, nos comenta Sergio Medel, responsable de culto de la Romer\u00eda del Roc\u00edo en Catalunya.<br>\u00c9l, junto con su compa\u00f1ero Jos\u00e9 Miguel \u00c1ngel, que se encarga de las infraestructuras, est\u00e1n ya inmersos en la organizaci\u00f3n de una Romer\u00eda que ser\u00e1 muy especial. M\u00e1s all\u00e1 de la presentaci\u00f3n de las hermandades el s\u00e1bado a las 18 horas, la Misa de Romeros el domingo por la ma\u00f1ana, el Rosario a la medianoche, y la salida de la Virgen el Lunes de Pentecost\u00e9s, este a\u00f1o habr\u00e1 algunos cambios para conmemorar el 50 aniversario. Cambios como que el Obispo de Terrassa recoger\u00e1 a todas las hermandades pasando por delante de la casa de hermandad y una a una se ir\u00e1n incorporando para llegar a la ermita y celebrar la misa. \u201cNo se puede hacer mucho m\u00e1s porque la propia Romer\u00eda te marca los actos, pero vamos a intentar que este 2023 sea m\u00e1s especial.<br>La buena sinton\u00eda con la Hermandad Matriz de Almonte (asegura Sergio que con Santiago Padilla hay una relaci\u00f3n excelente desde el principio) ha permitido que este mes de agosto, si no hay cambios de \u00faltima hora, se recupere la misa que celebraban las hermandades que participan la Romer\u00eda del Roc\u00edo en Catalunya. \u201cEstamos cuadrando fechas para ver c\u00f3mo hacerlo, porque no tendr\u00eda que haberse perdido nunca\u201d. La intenci\u00f3n es recuperarla y celebrarla anualmente para que las hermandades que celebran el Roc\u00edo en tierras catalanas puedan volver a la ermita del Roc\u00edo con sus coros.<br>Adem\u00e1s, desde Almonte tambi\u00e9n se quiere fomentar la interrelaci\u00f3n entre las juventudes de aqu\u00ed y de all\u00e1. \u201cQuieren unir m\u00e1s a la juventud de la FECAC, no solo de las hermandades sino de todas las entidades federadas, con la juventud de la Hermandad Matriz. Hay como una especie de Camino de Santiago pero en el Roc\u00edo, que se puede realizar desde diferentes puntos de partida, y estamos hablando para poder hacer un encuentro de j\u00f3venes y poder hacerlo. Pero a\u00fan no est\u00e1 nada cerrado\u201d, comenta Sergio.<br>Un trabajo incansable, el de los responsables del Roc\u00edo, que Sergio Medel no se cansa de reivindicar porque \u201cmuchas veces se mezclan las cosas, la Feria con el Roc\u00edo, el Roc\u00edo con la Semana Santa. Hay que explicar a la gente lo que hacemos, porque 50 a\u00f1os de Roc\u00edo es algo extraordinario\u201d.<\/p>\n\n\n\n<div><a href=\"https:\/\/raicesandaluzas.com\/revista\/wp-content\/uploads\/2023\/05\/presentacioncartelRocio01-1024x536.jpg\" class=\"td-modal-image\"><figure class=\"wp-block-image size-large is-resized\"><img loading=\"lazy\" decoding=\"async\" src=\"https:\/\/raicesandaluzas.com\/revista\/wp-content\/uploads\/2023\/05\/presentacioncartelRocio01-1024x536.jpg\" alt=\"Fotograf\u00eda: FECAC\" class=\"wp-image-1348\" width=\"1024\" height=\"557\"\/><\/figure><\/a><\/div>\n\n\n\n<p><br>Hablando con Sergio hace un par de a\u00f1os, le preguntamos qu\u00e9 le gustar\u00eda hacer para conmemorar las bodas de oro de la Romer\u00eda del Roc\u00edo y nos coment\u00f3 que estar\u00eda bien poder organizar alg\u00fan acto en el parque de Lourdes de Arenys de Munt, lugar en el que se celebraron las primeras romer\u00edas rocieras catalanas. \u201cEl tema no est\u00e1 cerrado pero por ahora vamos a centrarnos en celebrar la Romer\u00eda, la Misa de Almonte, que tampoco lo esper\u00e1bamos, pero no quiero decir que sea imposible. A lo mejor a finales de a\u00f1o podemos hacer alg\u00fan acto en Arenys de Munt, porque aquello es espectacular\u201d.<br>La Romer\u00eda del Roc\u00edo 2023 comienza el 25 de mayo y acaba el lunes 29 en el pol\u00edgono de Can Petit, en Terrassa. \u201c\u00bfC\u00f3mo te sentir\u00e1s cuando comience la Romer\u00eda?\u201d, le preguntamos. \u201cS\u00faper orgulloso del trabajo que realizan las hermandades todo el a\u00f1o. Porque cuando queremos hacer las cosas bien, las hacemos muy bien. El Roc\u00edo ha cambiado mucho desde 1971, hemos dado muchos pasos hacia adelante. Nada ha sido f\u00e1cil, pero de los errores hemos aprendido mucho y tenemos que seguir aprendiendo. Pero de lo que m\u00e1s orgulloso me siento ahora mismo es de toda la juventud que est\u00e1 aportando ideas, que est\u00e1 intentando que las hermandades suban un escal\u00f3n m\u00e1s. Tenemos la suerte que nuestros abuelos, nuestros padres hicieron un trabajazo important\u00edsimo. Por eso estoy muy orgulloso de todos, y tenemos que disfrutarlo. Esa es mi recompensa, ver la cara de la gente disfrutando\u201d. Tiene claro que hay Roc\u00edo para muchos a\u00f1os, siempre y cuando se cuide a la gente, se den cargos de responsabilidad a la juventud. \u201cHay que marcarles el terreno pero dejar que ellos contin\u00faen\u201d.<\/p>\n\n\n\n<p>La 50 Romer\u00eda del Roc\u00edo en Catalunya se llevar\u00e1 a cabo del 25 al 29 de mayo en Terrassa.<br><\/p>\n","protected":false},"excerpt":{"rendered":"<p>La Romer\u00eda del Roc\u00edo en Catalunya celebra en este 2023 su edici\u00f3n n\u00famero 50, n\u00famero redondo y muy importante para la familia rociera. El cartel de la Romer\u00eda de este a\u00f1o, obra de Laura Amores D\u00edaz, hermana de la Hermandad Nuestra Se\u00f1ora del Roc\u00edo de Terrassa, se present\u00f3 el domingo, 30 de abril, en la [&hellip;]<\/p>\n","protected":false},"author":1,"featured_media":1349,"comment_status":"open","ping_status":"open","sticky":false,"template":"","format":"standard","meta":{"footnotes":""},"categories":[19,21],"tags":[],"class_list":{"0":"post-1347","1":"post","2":"type-post","3":"status-publish","4":"format-standard","5":"has-post-thumbnail","7":"category-actualidad","8":"category-raices-rocieras"},"_links":{"self":[{"href":"https:\/\/raicesandaluzas.com\/revista\/wp-json\/wp\/v2\/posts\/1347","targetHints":{"allow":["GET"]}}],"collection":[{"href":"https:\/\/raicesandaluzas.com\/revista\/wp-json\/wp\/v2\/posts"}],"about":[{"href":"https:\/\/raicesandaluzas.com\/revista\/wp-json\/wp\/v2\/types\/post"}],"author":[{"embeddable":true,"href":"https:\/\/raicesandaluzas.com\/revista\/wp-json\/wp\/v2\/users\/1"}],"replies":[{"embeddable":true,"href":"https:\/\/raicesandaluzas.com\/revista\/wp-json\/wp\/v2\/comments?post=1347"}],"version-history":[{"count":2,"href":"https:\/\/raicesandaluzas.com\/revista\/wp-json\/wp\/v2\/posts\/1347\/revisions"}],"predecessor-version":[{"id":1352,"href":"https:\/\/raicesandaluzas.com\/revista\/wp-json\/wp\/v2\/posts\/1347\/revisions\/1352"}],"wp:featuredmedia":[{"embeddable":true,"href":"https:\/\/raicesandaluzas.com\/revista\/wp-json\/wp\/v2\/media\/1349"}],"wp:attachment":[{"href":"https:\/\/raicesandaluzas.com\/revista\/wp-json\/wp\/v2\/media?parent=1347"}],"wp:term":[{"taxonomy":"category","embeddable":true,"href":"https:\/\/raicesandaluzas.com\/revista\/wp-json\/wp\/v2\/categories?post=1347"},{"taxonomy":"post_tag","embeddable":true,"href":"https:\/\/raicesandaluzas.com\/revista\/wp-json\/wp\/v2\/tags?post=1347"}],"curies":[{"name":"wp","href":"https:\/\/api.w.org\/{rel}","templated":true}]}}