{"id":1344,"date":"2023-05-03T08:29:50","date_gmt":"2023-05-03T08:29:50","guid":{"rendered":"https:\/\/raicesandaluzas.com\/revista\/?p=1344"},"modified":"2023-05-03T08:29:51","modified_gmt":"2023-05-03T08:29:51","slug":"todo-preparado-para-la-romeria-rociera-de-mataro","status":"publish","type":"post","link":"https:\/\/raicesandaluzas.com\/revista\/2023\/05\/03\/todo-preparado-para-la-romeria-rociera-de-mataro\/","title":{"rendered":"Todo preparado para la Romer\u00eda Rociera de Matar\u00f3"},"content":{"rendered":"\n<p>La Casa de Andaluc\u00eda de Matar\u00f3 lo tiene todo preparado para la edici\u00f3n de 2023 de su Romer\u00eda Rociera, que el a\u00f1o pasado ya recuper\u00f3 toda su normalidad tras la pandemia. Los actos de esta nueva edici\u00f3n comenzar\u00e1n el domingo, 7 de mayo a las 9 horas con una misa rociera en la parroquia de Mar\u00eda Auxiliadora. A las 12 horas, tendr\u00e1 lugar un festival de baile y la presentaci\u00f3n de las rocieras 2023 en la plaza de Andaluc\u00eda.<br>La Romer\u00eda en s\u00ed se llevar\u00e1 a cabo del 12 al 14 de mayo en el Parque forestal en la cuya carpa principal se llevar\u00e1n a cabo actuaciones y varios actos con la imagen de la Virgen del Roc\u00edo siempre presente. La inauguraci\u00f3n oficial tendr\u00e1 lugar el viernes 12 a las 19.30 horas, tras la que los cuadros de baile de la entidad actuar\u00e1n para los presentes. A las 22.30 horas, el grupo \u201cAyden\u00e1\u201d realizar\u00e1n un concierto.<br>El s\u00e1bado, 13 de mayo, los cuadros de la Casa de Andaluc\u00eda se subir\u00e1n de nuevo al escenario a partir de las 20 horas. A las 21.30 horas, la Compa\u00f1\u00eda \u00c1ngel Espartero presentar\u00e1 su espect\u00e1culo \u201c(in)seguro\u201d. Cerrar\u00e1n \u201cEl rumbo\u201d con un concierto a las 23 horas.<br>La romer\u00eda concluir\u00e1 el domingo, 14 de mayo, con la ofrenda floral a la Virgen del Roc\u00edo y la bendici\u00f3n de los romeros a partir de las 8.15 horas en el patio de Mar\u00eda Auxiliadora. A las 9 comenzar\u00e1 la salida en romer\u00eda hasta el Parque Forestal.<\/p>\n","protected":false},"excerpt":{"rendered":"<p>La Casa de Andaluc\u00eda de Matar\u00f3 lo tiene todo preparado para la edici\u00f3n de 2023 de su Romer\u00eda Rociera, que el a\u00f1o pasado ya recuper\u00f3 toda su normalidad tras la pandemia. Los actos de esta nueva edici\u00f3n comenzar\u00e1n el domingo, 7 de mayo a las 9 horas con una misa rociera en la parroquia de [&hellip;]<\/p>\n","protected":false},"author":1,"featured_media":1345,"comment_status":"open","ping_status":"open","sticky":false,"template":"","format":"standard","meta":{"footnotes":""},"categories":[19,21],"tags":[],"class_list":{"0":"post-1344","1":"post","2":"type-post","3":"status-publish","4":"format-standard","5":"has-post-thumbnail","7":"category-actualidad","8":"category-raices-rocieras"},"_links":{"self":[{"href":"https:\/\/raicesandaluzas.com\/revista\/wp-json\/wp\/v2\/posts\/1344","targetHints":{"allow":["GET"]}}],"collection":[{"href":"https:\/\/raicesandaluzas.com\/revista\/wp-json\/wp\/v2\/posts"}],"about":[{"href":"https:\/\/raicesandaluzas.com\/revista\/wp-json\/wp\/v2\/types\/post"}],"author":[{"embeddable":true,"href":"https:\/\/raicesandaluzas.com\/revista\/wp-json\/wp\/v2\/users\/1"}],"replies":[{"embeddable":true,"href":"https:\/\/raicesandaluzas.com\/revista\/wp-json\/wp\/v2\/comments?post=1344"}],"version-history":[{"count":1,"href":"https:\/\/raicesandaluzas.com\/revista\/wp-json\/wp\/v2\/posts\/1344\/revisions"}],"predecessor-version":[{"id":1346,"href":"https:\/\/raicesandaluzas.com\/revista\/wp-json\/wp\/v2\/posts\/1344\/revisions\/1346"}],"wp:featuredmedia":[{"embeddable":true,"href":"https:\/\/raicesandaluzas.com\/revista\/wp-json\/wp\/v2\/media\/1345"}],"wp:attachment":[{"href":"https:\/\/raicesandaluzas.com\/revista\/wp-json\/wp\/v2\/media?parent=1344"}],"wp:term":[{"taxonomy":"category","embeddable":true,"href":"https:\/\/raicesandaluzas.com\/revista\/wp-json\/wp\/v2\/categories?post=1344"},{"taxonomy":"post_tag","embeddable":true,"href":"https:\/\/raicesandaluzas.com\/revista\/wp-json\/wp\/v2\/tags?post=1344"}],"curies":[{"name":"wp","href":"https:\/\/api.w.org\/{rel}","templated":true}]}}