{"id":1338,"date":"2023-05-03T08:23:27","date_gmt":"2023-05-03T08:23:27","guid":{"rendered":"https:\/\/raicesandaluzas.com\/revista\/?p=1338"},"modified":"2023-05-03T08:23:28","modified_gmt":"2023-05-03T08:23:28","slug":"el-centro-cultural-andaluz-de-mollet-celebra-una-nueva-edicion-de-sus-cruces-de-mayo","status":"publish","type":"post","link":"https:\/\/raicesandaluzas.com\/revista\/2023\/05\/03\/el-centro-cultural-andaluz-de-mollet-celebra-una-nueva-edicion-de-sus-cruces-de-mayo\/","title":{"rendered":"El Centro Cultural Andaluz de Mollet celebra una nueva edici\u00f3n de sus Cruces de Mayo"},"content":{"rendered":"\n<p>Con la entrada de la primavera, llegan las flores a nuestro entorno, y con ellas la veneraci\u00f3n a las Cruces de Mayo por toda Espa\u00f1a.&nbsp;<\/p>\n\n\n\n<p>En Mollet tendremos como cada a\u00f1o nuestra propia celebraci\u00f3n de la Cruz de Mayo de la mano una vez m\u00e1s del Centro Cultural Andaluz.&nbsp;<\/p>\n\n\n\n<p>3 d\u00edas de encuentro y entretenimiento para que todos podamos disfrutar de este evento.&nbsp;<\/p>\n\n\n\n<p>Mucha atenci\u00f3n a nuestra agenda que est\u00e1 llena de actuaciones para celebrar juntos la Cruz de Mayo de este a\u00f1o:<\/p>\n\n\n\n<p>Viernes 5 de Mayo, 20 h:<\/p>\n\n\n\n<ul class=\"wp-block-list\">\n<li>Inicio de la Cruz de Mayo con un vino de honor con todos los asistentes.<br><\/li>\n\n\n\n<li>Actuaciones de las <strong>clases de baile de la entidad<\/strong>.<\/li>\n\n\n\n<li>Grupo invitado: <strong>Playbacks Can Pantiquet<\/strong>.<\/li>\n<\/ul>\n\n\n\n<p>S\u00e1bado 6 de Mayo, 19 h:<\/p>\n\n\n\n<ul class=\"wp-block-list\">\n<li>Actuaciones de nuestros Cuadros de baile: <strong>Semilla Flamenca, Triana y Arte y Comp\u00e1s<\/strong>.<\/li>\n\n\n\n<li>Coro de la entidad <strong>Amigos del Roc\u00edo<\/strong>.<\/li>\n\n\n\n<li>Clases de guitarra de <strong>David Jim\u00e9nez<\/strong>.<\/li>\n\n\n\n<li>Grupo invitado:&nbsp;<strong>Cuadro de baile Casa de Andaluc\u00eda de Santa Perp\u00e9tua.<\/strong><br><\/li>\n\n\n\n<li>Grupo invitado: <strong>Cuadro de baile del Centro Cultural Andaluz de Montorn\u00e9s<\/strong>.<\/li>\n\n\n\n<li>Coro Invitado: <strong>Nueva Carteya.<\/strong><\/li>\n\n\n\n<li>Actuaci\u00f3n especial del grupo invitado<strong> Rumbares.<\/strong><\/li>\n<\/ul>\n\n\n\n<p>Domingo 7 de Mayo, 11 h:<\/p>\n\n\n\n<ul class=\"wp-block-list\">\n<li>Misa rociera con la participaci\u00f3n de nuestro coro <strong>Amigos del Roc\u00edo<\/strong>.<\/li>\n\n\n\n<li>Potaje de hermandad gratuito para los socios. No socios: 5 \u20ac.<\/li>\n<\/ul>\n","protected":false},"excerpt":{"rendered":"<p>Con la entrada de la primavera, llegan las flores a nuestro entorno, y con ellas la veneraci\u00f3n a las Cruces de Mayo por toda Espa\u00f1a.&nbsp; En Mollet tendremos como cada a\u00f1o nuestra propia celebraci\u00f3n de la Cruz de Mayo de la mano una vez m\u00e1s del Centro Cultural Andaluz.&nbsp; 3 d\u00edas de encuentro y entretenimiento [&hellip;]<\/p>\n","protected":false},"author":1,"featured_media":1339,"comment_status":"open","ping_status":"open","sticky":false,"template":"","format":"standard","meta":{"footnotes":""},"categories":[19],"tags":[],"class_list":{"0":"post-1338","1":"post","2":"type-post","3":"status-publish","4":"format-standard","5":"has-post-thumbnail","7":"category-actualidad"},"_links":{"self":[{"href":"https:\/\/raicesandaluzas.com\/revista\/wp-json\/wp\/v2\/posts\/1338","targetHints":{"allow":["GET"]}}],"collection":[{"href":"https:\/\/raicesandaluzas.com\/revista\/wp-json\/wp\/v2\/posts"}],"about":[{"href":"https:\/\/raicesandaluzas.com\/revista\/wp-json\/wp\/v2\/types\/post"}],"author":[{"embeddable":true,"href":"https:\/\/raicesandaluzas.com\/revista\/wp-json\/wp\/v2\/users\/1"}],"replies":[{"embeddable":true,"href":"https:\/\/raicesandaluzas.com\/revista\/wp-json\/wp\/v2\/comments?post=1338"}],"version-history":[{"count":1,"href":"https:\/\/raicesandaluzas.com\/revista\/wp-json\/wp\/v2\/posts\/1338\/revisions"}],"predecessor-version":[{"id":1340,"href":"https:\/\/raicesandaluzas.com\/revista\/wp-json\/wp\/v2\/posts\/1338\/revisions\/1340"}],"wp:featuredmedia":[{"embeddable":true,"href":"https:\/\/raicesandaluzas.com\/revista\/wp-json\/wp\/v2\/media\/1339"}],"wp:attachment":[{"href":"https:\/\/raicesandaluzas.com\/revista\/wp-json\/wp\/v2\/media?parent=1338"}],"wp:term":[{"taxonomy":"category","embeddable":true,"href":"https:\/\/raicesandaluzas.com\/revista\/wp-json\/wp\/v2\/categories?post=1338"},{"taxonomy":"post_tag","embeddable":true,"href":"https:\/\/raicesandaluzas.com\/revista\/wp-json\/wp\/v2\/tags?post=1338"}],"curies":[{"name":"wp","href":"https:\/\/api.w.org\/{rel}","templated":true}]}}