{"id":1334,"date":"2023-04-28T09:45:58","date_gmt":"2023-04-28T09:45:58","guid":{"rendered":"https:\/\/raicesandaluzas.com\/revista\/?p=1334"},"modified":"2023-04-28T09:45:58","modified_gmt":"2023-04-28T09:45:58","slug":"especial-raices-andaluzas-feria-de-abril-2023","status":"publish","type":"post","link":"https:\/\/raicesandaluzas.com\/revista\/2023\/04\/28\/especial-raices-andaluzas-feria-de-abril-2023\/","title":{"rendered":"Especial Ra\u00edces Andaluzas Feria de Abril 2023"},"content":{"rendered":"\n<p>Ya puede consultarse online nuestro n\u00famero especial dedicado a la Feria de Abril de Catalunya 2023 con entrevistas, reportajes y una selecci\u00f3n de las mejores im\u00e1genes de los primeros d\u00edas de celebraci\u00f3n. En papel podr\u00e1n disfrutarlo en el Real de la Feria.<\/p>\n\n\n<a href=\"https:\/\/raicesandaluzas.com\/revista\/wp-content\/uploads\/2023\/04\/Raices126.pdf\" class=\"pdfemb-viewer\" style=\"\" data-width=\"max\" data-height=\"max\" data-toolbar=\"bottom\" data-toolbar-fixed=\"on\">Raices126<\/a>\n<p class=\"wp-block-pdfemb-pdf-embedder-viewer\"><\/p>\n","protected":false},"excerpt":{"rendered":"<p>Ya puede consultarse online nuestro n\u00famero especial dedicado a la Feria de Abril de Catalunya 2023 con entrevistas, reportajes y una selecci\u00f3n de las mejores im\u00e1genes de los primeros d\u00edas de celebraci\u00f3n. En papel podr\u00e1n disfrutarlo en el Real de la Feria.<\/p>\n","protected":false},"author":1,"featured_media":1336,"comment_status":"open","ping_status":"open","sticky":false,"template":"","format":"standard","meta":{"footnotes":""},"categories":[19,23],"tags":[],"class_list":{"0":"post-1334","1":"post","2":"type-post","3":"status-publish","4":"format-standard","5":"has-post-thumbnail","7":"category-actualidad","8":"category-edicion-impresa"},"_links":{"self":[{"href":"https:\/\/raicesandaluzas.com\/revista\/wp-json\/wp\/v2\/posts\/1334","targetHints":{"allow":["GET"]}}],"collection":[{"href":"https:\/\/raicesandaluzas.com\/revista\/wp-json\/wp\/v2\/posts"}],"about":[{"href":"https:\/\/raicesandaluzas.com\/revista\/wp-json\/wp\/v2\/types\/post"}],"author":[{"embeddable":true,"href":"https:\/\/raicesandaluzas.com\/revista\/wp-json\/wp\/v2\/users\/1"}],"replies":[{"embeddable":true,"href":"https:\/\/raicesandaluzas.com\/revista\/wp-json\/wp\/v2\/comments?post=1334"}],"version-history":[{"count":1,"href":"https:\/\/raicesandaluzas.com\/revista\/wp-json\/wp\/v2\/posts\/1334\/revisions"}],"predecessor-version":[{"id":1337,"href":"https:\/\/raicesandaluzas.com\/revista\/wp-json\/wp\/v2\/posts\/1334\/revisions\/1337"}],"wp:featuredmedia":[{"embeddable":true,"href":"https:\/\/raicesandaluzas.com\/revista\/wp-json\/wp\/v2\/media\/1336"}],"wp:attachment":[{"href":"https:\/\/raicesandaluzas.com\/revista\/wp-json\/wp\/v2\/media?parent=1334"}],"wp:term":[{"taxonomy":"category","embeddable":true,"href":"https:\/\/raicesandaluzas.com\/revista\/wp-json\/wp\/v2\/categories?post=1334"},{"taxonomy":"post_tag","embeddable":true,"href":"https:\/\/raicesandaluzas.com\/revista\/wp-json\/wp\/v2\/tags?post=1334"}],"curies":[{"name":"wp","href":"https:\/\/api.w.org\/{rel}","templated":true}]}}