{"id":1326,"date":"2023-04-27T11:36:55","date_gmt":"2023-04-27T11:36:55","guid":{"rendered":"https:\/\/raicesandaluzas.com\/revista\/?p=1326"},"modified":"2023-04-27T11:36:56","modified_gmt":"2023-04-27T11:36:56","slug":"una-exposicion-recoge-los-50-anos-de-la-feria-de-abril","status":"publish","type":"post","link":"https:\/\/raicesandaluzas.com\/revista\/2023\/04\/27\/una-exposicion-recoge-los-50-anos-de-la-feria-de-abril\/","title":{"rendered":"Una exposici\u00f3n recoge los 50 a\u00f1os de la Feria de Abril"},"content":{"rendered":"\n<p>50 a\u00f1os no se cumplen todos los d\u00edas, por eso la Federaci\u00f3n de Entidades Culturales Andaluzas en Catalunya (FECAC) est\u00e1 llevando a cabo una serie de actividades conmemorativas para celebrar la edici\u00f3n n\u00famero 50 de la Feria de Abril de Catalunya. Una de las m\u00e1s destacadas es la exposici\u00f3n fotogr\u00e1fica \u201cFeria de Abril de Catalunya. 50 aniversario\u201d, que se puede visitar en la caseta museo, la n\u00famero 52, en el propio Real.<br>La muestra nace con la intenci\u00f3n de mostrar a la sociedad catalana una realidad sociocultural que a lo largo de los a\u00f1os se ha consolidado en el calendario cultural de Catalunya como uno de los acontecimientos con mayor afluencia de p\u00fablico. En la actualidad se supera el mill\u00f3n de visitantes, y en muchas ocasiones es necesario cerrar el Real por el exceso de aforo.<br>En un total de 30 l\u00e1minas y m\u00e1s de 70 fotograf\u00edas, adem\u00e1s de carteles y recortes de prensa, la exposici\u00f3n muestra el origen de la celebraci\u00f3n y su historia a lo largo de los \u00faltimos 50 a\u00f1os, desde sus primeras ediciones en Barcelona, Gav\u00e0, Castelldefels, L\u2019Hospitalet de Llobregat y Barber\u00e0 del Vall\u00e8s hasta su actual ubicaci\u00f3n en la plaza del F\u00f2rum entre Barcelona y Sant Adri\u00e0 de Bes\u00f2s, sin olvidar Santa Coloma de Gramenet.<\/p>\n\n\n\n<figure class=\"wp-block-gallery has-nested-images columns-4 is-cropped wp-block-gallery-1 is-layout-flex wp-block-gallery-is-layout-flex\">\n<figure class=\"wp-block-image size-large\"><a href=\"https:\/\/raicesandaluzas.com\/revista\/wp-content\/uploads\/2023\/04\/expo50Feria05.jpg\"><img loading=\"lazy\" decoding=\"async\" width=\"1024\" height=\"681\" data-id=\"1327\" src=\"https:\/\/raicesandaluzas.com\/revista\/wp-content\/uploads\/2023\/04\/expo50Feria05-1024x681.jpg\" alt=\"\" class=\"wp-image-1327\" srcset=\"https:\/\/raicesandaluzas.com\/revista\/wp-content\/uploads\/2023\/04\/expo50Feria05-1024x681.jpg 1024w, https:\/\/raicesandaluzas.com\/revista\/wp-content\/uploads\/2023\/04\/expo50Feria05-300x200.jpg 300w, https:\/\/raicesandaluzas.com\/revista\/wp-content\/uploads\/2023\/04\/expo50Feria05-768x511.jpg 768w, https:\/\/raicesandaluzas.com\/revista\/wp-content\/uploads\/2023\/04\/expo50Feria05-696x463.jpg 696w, https:\/\/raicesandaluzas.com\/revista\/wp-content\/uploads\/2023\/04\/expo50Feria05-1068x710.jpg 1068w, https:\/\/raicesandaluzas.com\/revista\/wp-content\/uploads\/2023\/04\/expo50Feria05-632x420.jpg 632w, https:\/\/raicesandaluzas.com\/revista\/wp-content\/uploads\/2023\/04\/expo50Feria05.jpg 1200w\" sizes=\"auto, (max-width: 1024px) 100vw, 1024px\" \/><\/a><\/figure>\n\n\n\n<figure class=\"wp-block-image size-large\"><a href=\"https:\/\/raicesandaluzas.com\/revista\/wp-content\/uploads\/2023\/04\/expo50Feria04.jpg\"><img loading=\"lazy\" decoding=\"async\" width=\"1024\" height=\"848\" data-id=\"1329\" src=\"https:\/\/raicesandaluzas.com\/revista\/wp-content\/uploads\/2023\/04\/expo50Feria04-1024x848.jpg\" alt=\"\" class=\"wp-image-1329\" srcset=\"https:\/\/raicesandaluzas.com\/revista\/wp-content\/uploads\/2023\/04\/expo50Feria04-1024x848.jpg 1024w, https:\/\/raicesandaluzas.com\/revista\/wp-content\/uploads\/2023\/04\/expo50Feria04-300x249.jpg 300w, https:\/\/raicesandaluzas.com\/revista\/wp-content\/uploads\/2023\/04\/expo50Feria04-768x636.jpg 768w, https:\/\/raicesandaluzas.com\/revista\/wp-content\/uploads\/2023\/04\/expo50Feria04-696x577.jpg 696w, https:\/\/raicesandaluzas.com\/revista\/wp-content\/uploads\/2023\/04\/expo50Feria04-1068x885.jpg 1068w, https:\/\/raicesandaluzas.com\/revista\/wp-content\/uploads\/2023\/04\/expo50Feria04-507x420.jpg 507w, https:\/\/raicesandaluzas.com\/revista\/wp-content\/uploads\/2023\/04\/expo50Feria04.jpg 1200w\" sizes=\"auto, (max-width: 1024px) 100vw, 1024px\" \/><\/a><\/figure>\n\n\n\n<figure class=\"wp-block-image size-large\"><a href=\"https:\/\/raicesandaluzas.com\/revista\/wp-content\/uploads\/2023\/04\/expo50Feria03.jpg\"><img loading=\"lazy\" decoding=\"async\" width=\"807\" height=\"1024\" data-id=\"1330\" src=\"https:\/\/raicesandaluzas.com\/revista\/wp-content\/uploads\/2023\/04\/expo50Feria03-807x1024.jpg\" alt=\"\" class=\"wp-image-1330\" srcset=\"https:\/\/raicesandaluzas.com\/revista\/wp-content\/uploads\/2023\/04\/expo50Feria03-807x1024.jpg 807w, https:\/\/raicesandaluzas.com\/revista\/wp-content\/uploads\/2023\/04\/expo50Feria03-237x300.jpg 237w, https:\/\/raicesandaluzas.com\/revista\/wp-content\/uploads\/2023\/04\/expo50Feria03-768x974.jpg 768w, https:\/\/raicesandaluzas.com\/revista\/wp-content\/uploads\/2023\/04\/expo50Feria03-696x883.jpg 696w, https:\/\/raicesandaluzas.com\/revista\/wp-content\/uploads\/2023\/04\/expo50Feria03-1068x1355.jpg 1068w, https:\/\/raicesandaluzas.com\/revista\/wp-content\/uploads\/2023\/04\/expo50Feria03-331x420.jpg 331w, https:\/\/raicesandaluzas.com\/revista\/wp-content\/uploads\/2023\/04\/expo50Feria03.jpg 1200w\" sizes=\"auto, (max-width: 807px) 100vw, 807px\" \/><\/a><\/figure>\n\n\n\n<figure class=\"wp-block-image size-large\"><a href=\"https:\/\/raicesandaluzas.com\/revista\/wp-content\/uploads\/2023\/04\/expo50Feria02.jpg\"><img loading=\"lazy\" decoding=\"async\" width=\"1024\" height=\"768\" data-id=\"1328\" src=\"https:\/\/raicesandaluzas.com\/revista\/wp-content\/uploads\/2023\/04\/expo50Feria02-1024x768.jpg\" alt=\"\" class=\"wp-image-1328\" srcset=\"https:\/\/raicesandaluzas.com\/revista\/wp-content\/uploads\/2023\/04\/expo50Feria02-1024x768.jpg 1024w, https:\/\/raicesandaluzas.com\/revista\/wp-content\/uploads\/2023\/04\/expo50Feria02-300x225.jpg 300w, https:\/\/raicesandaluzas.com\/revista\/wp-content\/uploads\/2023\/04\/expo50Feria02-768x576.jpg 768w, https:\/\/raicesandaluzas.com\/revista\/wp-content\/uploads\/2023\/04\/expo50Feria02-696x522.jpg 696w, https:\/\/raicesandaluzas.com\/revista\/wp-content\/uploads\/2023\/04\/expo50Feria02-1068x801.jpg 1068w, https:\/\/raicesandaluzas.com\/revista\/wp-content\/uploads\/2023\/04\/expo50Feria02-560x420.jpg 560w, https:\/\/raicesandaluzas.com\/revista\/wp-content\/uploads\/2023\/04\/expo50Feria02-80x60.jpg 80w, https:\/\/raicesandaluzas.com\/revista\/wp-content\/uploads\/2023\/04\/expo50Feria02-265x198.jpg 265w, https:\/\/raicesandaluzas.com\/revista\/wp-content\/uploads\/2023\/04\/expo50Feria02.jpg 1200w\" sizes=\"auto, (max-width: 1024px) 100vw, 1024px\" \/><\/a><\/figure>\n<\/figure>\n\n\n\n<p><br>La exposici\u00f3n pretende dar a conocer a los visitantes el trasfondo de una fiesta andaluza en la que conviven multitud de realidades. El Real y sus muchas caras son parte imprescindible de esta exposici\u00f3n, que analiza todos los aspectos que hacen de esta celebraci\u00f3n una de las m\u00e1s fascinantes del pa\u00eds.<br>La exposici\u00f3n \u201cFeria de Abril de Catalunya. 50 aniversario\u201d es una muestra fotogr\u00e1fica que aporta un valor a\u00f1adido, ya que gracias a la audiogu\u00eda en tres idiomas (catal\u00e1n, castellano, ingl\u00e9s) y a la ampliaci\u00f3n digital de la muestra ofrece una experiencia m\u00e1s enriquecedora e integradora. Acompa\u00f1a a la muestra un audiovisual con entrevistas a las personas que trabajaron en el pasado y siguen haci\u00e9ndolo en la actualidad para que la Feria de Abril catalana siga siendo uno de los actos culturales m\u00e1s multitudinarios que se celebran en tierras catalanas. As\u00ed como el saluda de personalidades pol\u00edticas del presente y el pasado. Adem\u00e1s de un photocall para poder hacerse un selfie con el mejor ambiente.<br>Adem\u00e1s, hay que destacar que la exposici\u00f3n es totalmente sostenible gracias a la utilizaci\u00f3n de tintas ecol\u00f3gicas y papeles reciclados.<br>La FECAC quiere llevar esta experiencia inmersiva sobre la Feria de Abril de Catalunya a todos los rincones del pa\u00eds, especialmente a las ciudades que la han acogido como sede en estos 50 a\u00f1os de historia, as\u00ed como a Andaluc\u00eda. El camino no hecho m\u00e1s que iniciarse.<br>Esta muestra es fruto de un trabajo de investigaci\u00f3n y recopilaci\u00f3n de documentaci\u00f3n en los archivos de la FECAC y del Centro de Estudios Rocieros y Cultura Andaluza en Catalunya (CERCAT) con el fin de crear un retrato multidisciplinar de la Feria de Abril de Catalunya. La exposici\u00f3n sorprender\u00e1 a propios y extra\u00f1os, ya que presenta algunas fotograf\u00edas y archivos pocas veces exhibidas en p\u00fablico.<br>La exposici\u00f3n ha sido producida por la FECAC; Jos\u00e9 Mar\u00eda Pulido es el comisionado, la supervisi\u00f3n t\u00e9cnica ha ido a cargo del presidente de la FECAC, Daniel Salinero, la coordinaci\u00f3n de producci\u00f3n ha corrido a cargo de la FECAC, el CERCAT, y el Grupo \u00c1rea 96, el audiovisual ha sido obra de Daniel Manzano y area96fotografia, y recoge fotograf\u00edas de Francesc Catal\u00e0 Agust\u00ed, Pere Farran, Archivo FECAC, Fondo CERCAT, Jos\u00e9 Mar\u00eda Pulido, revista Ra\u00edces Andaluzas, Jos\u00e9 Patas, Manuel Arce, Montse S\u00e1ez, Josep Cano.<br>A lo largo de los d\u00edas que ha permanecido abierta en la caseta museo del Real, muchos han sido los visitantes que se han acercado a conocer un poco m\u00e1s de la historia de la Feria de Abril de Catalunya. Algunos, se han reconocido en alguna fotograf\u00eda y se han vivido momentos entra\u00f1ables.<br>El photocall tambi\u00e9n ha sido un \u00e9xito rotundo, ya que muchos visitantes se han querido inmortalizar sentadas en la recreaci\u00f3n de la t\u00edpica mesa de Feria, con su manzanilla y todo.<\/p>\n","protected":false},"excerpt":{"rendered":"<p>50 a\u00f1os no se cumplen todos los d\u00edas, por eso la Federaci\u00f3n de Entidades Culturales Andaluzas en Catalunya (FECAC) est\u00e1 llevando a cabo una serie de actividades conmemorativas para celebrar la edici\u00f3n n\u00famero 50 de la Feria de Abril de Catalunya. Una de las m\u00e1s destacadas es la exposici\u00f3n fotogr\u00e1fica \u201cFeria de Abril de Catalunya. [&hellip;]<\/p>\n","protected":false},"author":1,"featured_media":1331,"comment_status":"open","ping_status":"open","sticky":false,"template":"","format":"standard","meta":{"footnotes":""},"categories":[19],"tags":[],"class_list":{"0":"post-1326","1":"post","2":"type-post","3":"status-publish","4":"format-standard","5":"has-post-thumbnail","7":"category-actualidad"},"_links":{"self":[{"href":"https:\/\/raicesandaluzas.com\/revista\/wp-json\/wp\/v2\/posts\/1326","targetHints":{"allow":["GET"]}}],"collection":[{"href":"https:\/\/raicesandaluzas.com\/revista\/wp-json\/wp\/v2\/posts"}],"about":[{"href":"https:\/\/raicesandaluzas.com\/revista\/wp-json\/wp\/v2\/types\/post"}],"author":[{"embeddable":true,"href":"https:\/\/raicesandaluzas.com\/revista\/wp-json\/wp\/v2\/users\/1"}],"replies":[{"embeddable":true,"href":"https:\/\/raicesandaluzas.com\/revista\/wp-json\/wp\/v2\/comments?post=1326"}],"version-history":[{"count":1,"href":"https:\/\/raicesandaluzas.com\/revista\/wp-json\/wp\/v2\/posts\/1326\/revisions"}],"predecessor-version":[{"id":1332,"href":"https:\/\/raicesandaluzas.com\/revista\/wp-json\/wp\/v2\/posts\/1326\/revisions\/1332"}],"wp:featuredmedia":[{"embeddable":true,"href":"https:\/\/raicesandaluzas.com\/revista\/wp-json\/wp\/v2\/media\/1331"}],"wp:attachment":[{"href":"https:\/\/raicesandaluzas.com\/revista\/wp-json\/wp\/v2\/media?parent=1326"}],"wp:term":[{"taxonomy":"category","embeddable":true,"href":"https:\/\/raicesandaluzas.com\/revista\/wp-json\/wp\/v2\/categories?post=1326"},{"taxonomy":"post_tag","embeddable":true,"href":"https:\/\/raicesandaluzas.com\/revista\/wp-json\/wp\/v2\/tags?post=1326"}],"curies":[{"name":"wp","href":"https:\/\/api.w.org\/{rel}","templated":true}]}}