{"id":1323,"date":"2023-04-27T11:21:12","date_gmt":"2023-04-27T11:21:12","guid":{"rendered":"https:\/\/raicesandaluzas.com\/revista\/?p=1323"},"modified":"2023-04-27T11:21:13","modified_gmt":"2023-04-27T11:21:13","slug":"la-casa-de-sevilla-de-sant-boi-celebra-su-39-cruz-de-mayo","status":"publish","type":"post","link":"https:\/\/raicesandaluzas.com\/revista\/2023\/04\/27\/la-casa-de-sevilla-de-sant-boi-celebra-su-39-cruz-de-mayo\/","title":{"rendered":"La Casa de Sevilla de Sant Boi celebra su 39 Cruz de Mayo"},"content":{"rendered":"\n<p>La Casa de Sevilla de Sant Boi de Llobregat tiene todo preparado para la 39 edici\u00f3n de sus Cruces de Mayo. La pla\u00e7a de l\u2019Agricultura de la localidad barcelonesa acoger\u00e1 la fiesta del 12 al 14 de mayo. Los actos comenzar\u00e1n el viernes d\u00eda 12, a las 20 horas, con la inauguraci\u00f3n y un encuentro de escuelas de danza en el que participar\u00e1n Play Dance Center, Escuela de Danza Baobabs, Estudio de Baile Susy y el Club Esportiu CCR Gav\u00e0. La jornada festiva concluir\u00e1 con la actuaci\u00f3n de DJ Javi Maestro.<br>Al d\u00eda siguiente la jornada comenzar\u00e1 una Holly Party o fiesta de los colores. Para comer habr\u00e1 pesca\u00edto y flamenco, con las actuaciones de los grupos \u201cAromas de Andaluc\u00eda\u201d y \u201cLa M\u00e1laga\u201d. A las 18.30 horas tendr\u00e1 lugar el encuentro de escuelas de flamenco y entidades andaluzas. A partir de las 12 horas, el grupo \u201cAuden\u00e1\u201d se subir\u00e1 al escenario.<br>El domingo, 14 de mayo, se iniciar\u00e1 la jornada con la ofrenda floral a la cruz a partir de las 11.30 horas, para continuar con la misa rociera oficiada por el padre Esteve y cantada por el Coro Rocieros \u201cRa\u00edces\u201d de la Casa de Sevilla de Sant Boi. A las 13 horas actuar\u00e1 la escuela de baile flamenco de la entidad, y a las 14.30 habr\u00e1 una comida popular con estofado de alb\u00f3ndigas con papas. Los t\u00edckets, a un precio de 5 euros, podr\u00e1n adquirise en la sede de la entidad (c. Riera Gasulla, 14) y durante los tres d\u00edas de fiesta.<\/p>\n","protected":false},"excerpt":{"rendered":"<p>La Casa de Sevilla de Sant Boi de Llobregat tiene todo preparado para la 39 edici\u00f3n de sus Cruces de Mayo. La pla\u00e7a de l\u2019Agricultura de la localidad barcelonesa acoger\u00e1 la fiesta del 12 al 14 de mayo. Los actos comenzar\u00e1n el viernes d\u00eda 12, a las 20 horas, con la inauguraci\u00f3n y un encuentro [&hellip;]<\/p>\n","protected":false},"author":1,"featured_media":1324,"comment_status":"open","ping_status":"open","sticky":false,"template":"","format":"standard","meta":{"footnotes":""},"categories":[19],"tags":[],"class_list":{"0":"post-1323","1":"post","2":"type-post","3":"status-publish","4":"format-standard","5":"has-post-thumbnail","7":"category-actualidad"},"_links":{"self":[{"href":"https:\/\/raicesandaluzas.com\/revista\/wp-json\/wp\/v2\/posts\/1323","targetHints":{"allow":["GET"]}}],"collection":[{"href":"https:\/\/raicesandaluzas.com\/revista\/wp-json\/wp\/v2\/posts"}],"about":[{"href":"https:\/\/raicesandaluzas.com\/revista\/wp-json\/wp\/v2\/types\/post"}],"author":[{"embeddable":true,"href":"https:\/\/raicesandaluzas.com\/revista\/wp-json\/wp\/v2\/users\/1"}],"replies":[{"embeddable":true,"href":"https:\/\/raicesandaluzas.com\/revista\/wp-json\/wp\/v2\/comments?post=1323"}],"version-history":[{"count":1,"href":"https:\/\/raicesandaluzas.com\/revista\/wp-json\/wp\/v2\/posts\/1323\/revisions"}],"predecessor-version":[{"id":1325,"href":"https:\/\/raicesandaluzas.com\/revista\/wp-json\/wp\/v2\/posts\/1323\/revisions\/1325"}],"wp:featuredmedia":[{"embeddable":true,"href":"https:\/\/raicesandaluzas.com\/revista\/wp-json\/wp\/v2\/media\/1324"}],"wp:attachment":[{"href":"https:\/\/raicesandaluzas.com\/revista\/wp-json\/wp\/v2\/media?parent=1323"}],"wp:term":[{"taxonomy":"category","embeddable":true,"href":"https:\/\/raicesandaluzas.com\/revista\/wp-json\/wp\/v2\/categories?post=1323"},{"taxonomy":"post_tag","embeddable":true,"href":"https:\/\/raicesandaluzas.com\/revista\/wp-json\/wp\/v2\/tags?post=1323"}],"curies":[{"name":"wp","href":"https:\/\/api.w.org\/{rel}","templated":true}]}}