{"id":1320,"date":"2023-04-27T11:16:15","date_gmt":"2023-04-27T11:16:15","guid":{"rendered":"https:\/\/raicesandaluzas.com\/revista\/?p=1320"},"modified":"2023-04-27T11:16:16","modified_gmt":"2023-04-27T11:16:16","slug":"todo-listo-para-la-salida-de-lahermandad-de-barcelona","status":"publish","type":"post","link":"https:\/\/raicesandaluzas.com\/revista\/2023\/04\/27\/todo-listo-para-la-salida-de-lahermandad-de-barcelona\/","title":{"rendered":"Todo listo para la salida de laHermandad de Barcelona"},"content":{"rendered":"\n<p>Ya queda menos para que la Hermandad de Nuestra Se\u00f1ora del Roc\u00edo de Barcelona inicie el camino hacia la aldea almonte\u00f1a otro a\u00f1o m\u00e1s para vivir la tradicional Romer\u00eda del Roc\u00edo.<br>Los actos principales preparatorios para la romer\u00eda son el Triduo, que se celebrar\u00e1 del 5 al 7 de Mayo en la Iglesia de Sant Jaume a las 17 horas. El d\u00eda 6 de mayo se llevar\u00e1 a cabo la presentaci\u00f3n del cartel, obra del artista sevillano Jos\u00e9 Cabrera. Adem\u00e1s, Lasso de la Vega, y el preg\u00f3n a cargo del Hermano Bernardo Hern\u00e1ndez, prior de los Carmelitas Descalzos de Salamanca y Alba de Tormes, ser\u00e1n uno de los actos centrales.<br>El domingo, 7 de mayo, se llevar\u00e1 a cabo el Triduo y despu\u00e9s la solemne funci\u00f3n principal de instituto. La junta de gobierno realizar\u00e1 tambi\u00e9n la protestaci\u00f3n de fe e imposici\u00f3n de la medalla a los nuevos hermanos.<br>El d\u00eda grande para la Hermandad barcelonesa ser\u00e1 la salida del Simpecado hacia la aldea del Roc\u00edo el domingo, 21 de mayo. A las 10 horas se realizar\u00e1 la Santa Misa en la Iglesia de Sant Jaume y posteriormente, a las 11 horas, se llevar\u00e1 a cabo la salida de la carreta por las calles del Barri G\u00f2tic de la ciudad de Barcelona.<br>Finalmente la Hermandad har\u00e1 su despedida de la Mare de D\u00e9u de la Merc\u00e8, a partir de las 13.30 horas en su Bas\u00edlica, para pedirles su bendici\u00f3n en el camino como patrona de Barcelona. A partir de ah\u00ed, comenzar\u00e1 el camino que llevar\u00e1 a los y las rocieras de Barcelona a la Aldea del Roc\u00edo en Almonte.<\/p>\n","protected":false},"excerpt":{"rendered":"<p>Ya queda menos para que la Hermandad de Nuestra Se\u00f1ora del Roc\u00edo de Barcelona inicie el camino hacia la aldea almonte\u00f1a otro a\u00f1o m\u00e1s para vivir la tradicional Romer\u00eda del Roc\u00edo.Los actos principales preparatorios para la romer\u00eda son el Triduo, que se celebrar\u00e1 del 5 al 7 de Mayo en la Iglesia de Sant Jaume [&hellip;]<\/p>\n","protected":false},"author":1,"featured_media":1321,"comment_status":"open","ping_status":"open","sticky":false,"template":"","format":"standard","meta":{"footnotes":""},"categories":[19,21],"tags":[],"class_list":{"0":"post-1320","1":"post","2":"type-post","3":"status-publish","4":"format-standard","5":"has-post-thumbnail","7":"category-actualidad","8":"category-raices-rocieras"},"_links":{"self":[{"href":"https:\/\/raicesandaluzas.com\/revista\/wp-json\/wp\/v2\/posts\/1320","targetHints":{"allow":["GET"]}}],"collection":[{"href":"https:\/\/raicesandaluzas.com\/revista\/wp-json\/wp\/v2\/posts"}],"about":[{"href":"https:\/\/raicesandaluzas.com\/revista\/wp-json\/wp\/v2\/types\/post"}],"author":[{"embeddable":true,"href":"https:\/\/raicesandaluzas.com\/revista\/wp-json\/wp\/v2\/users\/1"}],"replies":[{"embeddable":true,"href":"https:\/\/raicesandaluzas.com\/revista\/wp-json\/wp\/v2\/comments?post=1320"}],"version-history":[{"count":1,"href":"https:\/\/raicesandaluzas.com\/revista\/wp-json\/wp\/v2\/posts\/1320\/revisions"}],"predecessor-version":[{"id":1322,"href":"https:\/\/raicesandaluzas.com\/revista\/wp-json\/wp\/v2\/posts\/1320\/revisions\/1322"}],"wp:featuredmedia":[{"embeddable":true,"href":"https:\/\/raicesandaluzas.com\/revista\/wp-json\/wp\/v2\/media\/1321"}],"wp:attachment":[{"href":"https:\/\/raicesandaluzas.com\/revista\/wp-json\/wp\/v2\/media?parent=1320"}],"wp:term":[{"taxonomy":"category","embeddable":true,"href":"https:\/\/raicesandaluzas.com\/revista\/wp-json\/wp\/v2\/categories?post=1320"},{"taxonomy":"post_tag","embeddable":true,"href":"https:\/\/raicesandaluzas.com\/revista\/wp-json\/wp\/v2\/tags?post=1320"}],"curies":[{"name":"wp","href":"https:\/\/api.w.org\/{rel}","templated":true}]}}