{"id":1317,"date":"2023-04-27T11:13:55","date_gmt":"2023-04-27T11:13:55","guid":{"rendered":"https:\/\/raicesandaluzas.com\/revista\/?p=1317"},"modified":"2023-04-27T11:13:55","modified_gmt":"2023-04-27T11:13:55","slug":"hemos-devuelto-a-la-feria-donde-se-merece-estar-a-nivel-de-imagen-organizacion-y-de-transparencia","status":"publish","type":"post","link":"https:\/\/raicesandaluzas.com\/revista\/2023\/04\/27\/hemos-devuelto-a-la-feria-donde-se-merece-estar-a-nivel-de-imagen-organizacion-y-de-transparencia\/","title":{"rendered":"\u201cHemos devuelto a la Feria donde se merece estar, a nivel de imagen, organizaci\u00f3n y de transparencia\u201d"},"content":{"rendered":"\n<p><strong><span style=\"background-color:#b5dcaf\" class=\"td_text_highlight_marker\">RA\u00cdCES ANDALUZAS. \u00bfC\u00f3mo te sentiste en el momento de encender el alumbrado en la inauguraci\u00f3n de la edici\u00f3n 50 de la Feria de Abril de Catalunya?<br>DANIEL SALINERO.<\/span><\/strong> Me sent\u00ed emocionado y orgulloso. Sobre todo por la gran cantidad de personalidades que nos acompa\u00f1aron.<br><strong><span style=\"background-color:#b5dcaf\" class=\"td_text_highlight_marker\">R.A. Hubo overbooking de pol\u00edticos esa noche.<br>D.S.<\/span><\/strong> S\u00ed, m\u00e1s casi es imposible. Tuvimos a la tercera persona m\u00e1s relevante del Estado, Meritxell Batet, al ministro de presidencia, al president de la Generalitat, a las dos alcaldesas de los municipios, un consejero de presidencia de la Junta de Andaluc\u00eda. M\u00e1s no se puede pedir.<br><strong><span style=\"background-color:#b5dcaf\" class=\"td_text_highlight_marker\">R.A. \u00bfEsto es un s\u00edntoma de lo importante que es la Feria?<br>D.S. <\/span><\/strong>S\u00ed, y de todo el trabajo que se ha venido realizando los \u00faltimos a\u00f1os. Cree que hemos devuelto a la Feria donde se merece estar, a nivel de imagen, organizaci\u00f3n, y de transparencia. Todo a primer nivel, y eso se refleja en c\u00f3mo ha ido el primer fin de semana.<br><strong><span style=\"background-color:#b5dcaf\" class=\"td_text_highlight_marker\">R.A. \u00bfDe qu\u00e9 te sientes m\u00e1s orgulloso?<br>D.S.<\/span><\/strong> Lo primero del equipo humano que est\u00e1 trabajando detr\u00e1s, tanto gente profesional como voluntaria. Estoy rodeado de gente fant\u00e1stica. Hay mucho trabajado, y muy duro detr\u00e1s.<br>Y despu\u00e9s estoy muy orgulloso de ver lo que somos capaces de crear, junto con las entidades. Hemos tenido un primer fin de semana en el que hemos tenido que poner restricciones de entrada por tener el aforo completo.<br><strong><span style=\"background-color:#b5dcaf\" class=\"td_text_highlight_marker\">R.A. \u00bfPodemos estar ante una Feria de Abril de r\u00e9cord en cuanto a visitantes?<br>D.S.<\/span><\/strong> Vamos para n\u00fameros de r\u00e9cord. El s\u00e1bado tuvimos m\u00e1s de 300.000 personas, que me parece incre\u00edble. El viernes todos comentamos que seguro que es el d\u00eda de inauguraci\u00f3n con m\u00e1s personas en la Feria. Y el domingo fue tambi\u00e9n muy bueno, pero lo que pas\u00f3 viernes y s\u00e1bado fue algo hist\u00f3rico. Tuvimos que cerrar porque est\u00e1bamos al 100% tanto en el Real como el espacio de las atracciones.<br><strong><span style=\"background-color:#b5dcaf\" class=\"td_text_highlight_marker\">R.A. \u00bfQu\u00e9 te dice la gente cuando te ve por las calles del Real?<br>D.S.<\/span><\/strong> Todo son felicitaciones. A veces uno se ruboriza y todo de ver la Feria c\u00f3mo est\u00e1. De ver la alegr\u00eda que hay. La seguridad, sobre todo, porque la Feria es un espacio amable y tranquilo. La verdad es que a d\u00eda de hoy son todo elogios.<br><strong><span style=\"background-color:#b5dcaf\" class=\"td_text_highlight_marker\">R.A. \u00bfTe acordaste de alguien en especial al encender el alumbrado?<br>D.S.<\/span><\/strong> Me acord\u00e9 de mi familia. Han estado a mi lado en los momentos m\u00e1s duros, me han visto sufrir, y cuando estaba ah\u00ed arriba y los ve\u00eda a todos ah\u00ed, a mis padres, a mi hija, a mi mujer, fue un momento muy bonito. Ellos que han sufrido a mi lado las \u00e9poca no tan buenas como en la que estamos, ver d\u00f3nde estamos y lo que hemos logrado, fue muy emocionante.<br><strong><span style=\"background-color:#b5dcaf\" class=\"td_text_highlight_marker\">R.A. Una de las novedades son las casetas con un dise\u00f1o un poco m\u00e1s peque\u00f1as pero con un porche. \u00bfHan venido para quedarse en futuras ediciones?<br>D.S.<\/span><\/strong> Va funcionando muy bien. Son solo 5 metros m\u00e1s peque\u00f1as, que se destinan al porche. Despu\u00e9s de la pandemia, en la edici\u00f3n del a\u00f1o pasado, fue una prueba piloto y la verdad es que funcionan muy bien. La gente puede entrar y salir, tomarse algo en el porche, fumar, est\u00e1 m\u00e1s abierta. La imagen es muy positiva. Creo que es un modelo que se quedar\u00e1 implantado y espero que haya m\u00e1s el a\u00f1o que viene porque est\u00e1 yendo muy bien.<br><strong><span style=\"background-color:#b5dcaf\" class=\"td_text_highlight_marker\">R.A. \u00bfQu\u00e9 esper\u00e1is para el 1 de mayo? \u00bfPuede ser hist\u00f3rico?<br>D.S.<\/span><\/strong> Esperamos que el tiempo nos respete. La previsi\u00f3n es buena, aunque no esper\u00e1bamos lo de este fin de semana, as\u00ed que, no sabemos. Ha sido desbordante, hist\u00f3rico, hemos agotado stock de productos. Y con respecto al aforo, estamos planteando aumentarlo en 5.000 personas m\u00e1s. Vamos a hablarlo con Mossos d\u2019Esquadra, ayuntamientos y F\u00f2rum<br><strong><span style=\"background-color:#b5dcaf\" class=\"td_text_highlight_marker\">R.A. \u00bfC\u00f3mo invitar\u00edas a la gente que a\u00fan no ha ido a la Feria?<br>D.S.<\/span><\/strong> Les dir\u00eda que vinieran porque la Feria hay que vivirla. Que no hagan caso a los escuchen por ah\u00ed, que cada vez viene m\u00e1s gente y eso significa que es una Feria maravillosa. As\u00ed que, nada, que vengan y que disfruten de la gastronom\u00eda, del folklore, del ambiente, del trabajo que hay detr\u00e1s, y que se dejen llevar. <\/p>\n","protected":false},"excerpt":{"rendered":"<p>RA\u00cdCES ANDALUZAS. \u00bfC\u00f3mo te sentiste en el momento de encender el alumbrado en la inauguraci\u00f3n de la edici\u00f3n 50 de la Feria de Abril de Catalunya?DANIEL SALINERO. Me sent\u00ed emocionado y orgulloso. Sobre todo por la gran cantidad de personalidades que nos acompa\u00f1aron.R.A. Hubo overbooking de pol\u00edticos esa noche.D.S. S\u00ed, m\u00e1s casi es imposible. Tuvimos [&hellip;]<\/p>\n","protected":false},"author":1,"featured_media":1318,"comment_status":"open","ping_status":"open","sticky":false,"template":"","format":"standard","meta":{"footnotes":""},"categories":[19,20],"tags":[],"class_list":{"0":"post-1317","1":"post","2":"type-post","3":"status-publish","4":"format-standard","5":"has-post-thumbnail","7":"category-actualidad","8":"category-entrevistas"},"_links":{"self":[{"href":"https:\/\/raicesandaluzas.com\/revista\/wp-json\/wp\/v2\/posts\/1317","targetHints":{"allow":["GET"]}}],"collection":[{"href":"https:\/\/raicesandaluzas.com\/revista\/wp-json\/wp\/v2\/posts"}],"about":[{"href":"https:\/\/raicesandaluzas.com\/revista\/wp-json\/wp\/v2\/types\/post"}],"author":[{"embeddable":true,"href":"https:\/\/raicesandaluzas.com\/revista\/wp-json\/wp\/v2\/users\/1"}],"replies":[{"embeddable":true,"href":"https:\/\/raicesandaluzas.com\/revista\/wp-json\/wp\/v2\/comments?post=1317"}],"version-history":[{"count":1,"href":"https:\/\/raicesandaluzas.com\/revista\/wp-json\/wp\/v2\/posts\/1317\/revisions"}],"predecessor-version":[{"id":1319,"href":"https:\/\/raicesandaluzas.com\/revista\/wp-json\/wp\/v2\/posts\/1317\/revisions\/1319"}],"wp:featuredmedia":[{"embeddable":true,"href":"https:\/\/raicesandaluzas.com\/revista\/wp-json\/wp\/v2\/media\/1318"}],"wp:attachment":[{"href":"https:\/\/raicesandaluzas.com\/revista\/wp-json\/wp\/v2\/media?parent=1317"}],"wp:term":[{"taxonomy":"category","embeddable":true,"href":"https:\/\/raicesandaluzas.com\/revista\/wp-json\/wp\/v2\/categories?post=1317"},{"taxonomy":"post_tag","embeddable":true,"href":"https:\/\/raicesandaluzas.com\/revista\/wp-json\/wp\/v2\/tags?post=1317"}],"curies":[{"name":"wp","href":"https:\/\/api.w.org\/{rel}","templated":true}]}}