{"id":1309,"date":"2023-04-26T18:30:22","date_gmt":"2023-04-26T18:30:22","guid":{"rendered":"https:\/\/raicesandaluzas.com\/revista\/?p=1309"},"modified":"2023-04-27T10:45:26","modified_gmt":"2023-04-27T10:45:26","slug":"el-festival-de-flamenco-forma-parte-de-nuestro-patrimonio","status":"publish","type":"post","link":"https:\/\/raicesandaluzas.com\/revista\/2023\/04\/26\/el-festival-de-flamenco-forma-parte-de-nuestro-patrimonio\/","title":{"rendered":"\u00abLa cultura es riqueza, progreso y complicidad comunitaria, es la base de nuestra sociedad\u00bb"},"content":{"rendered":"\n<p><strong><span style=\"background-color:#b5dcaf\" class=\"td_text_highlight_marker\">RA\u00cdCES ANDALUZAS. La Feria de Abril de Catalunya celebra en este 2023 su 50 edici\u00f3n. \u00bfC\u00f3mo valora esta efem\u00e9ride tan especial?<\/span><\/strong><\/p>\n\n\n\n<p><strong><span style=\"background-color:#b5dcaf\" class=\"td_text_highlight_marker\">A.B. <\/span><\/strong>Este medio siglo de actividad pone de manifiesto el \u00e9xito de una apuesta que tiene en Catalunya multitud de seguidores y que atrae cada a\u00f1o a miles de personas. Es tambi\u00e9n una muestra de la armon\u00eda existente y el respeto a las m\u00faltiples culturas que conviven de forma respetuosa en nuestra comunidad.<\/p>\n\n\n\n<p><strong><span style=\"background-color:#b5dcaf\" class=\"td_text_highlight_marker\">R.A. La Feria ha pasado por momentos complicados a lo largo de este medio siglo pero ha sabido salir adelante. \u00bfConsidera que es un puro ejemplo de resiliencia?<\/span><\/strong><\/p>\n\n\n\n<p><strong><span style=\"background-color:#b5dcaf\" class=\"td_text_highlight_marker\">A.B. <\/span><\/strong>Evidentemente, es una peque\u00f1a muestra de la capacidad de adaptaci\u00f3n a los tiempos y a las diferentes circunstancias que la han rodeado. A \u00e9pocas de gran efervescencia le han seguido algunas peque\u00f1as adversidades, pero se ha sabido reinventar y transformar en funci\u00f3n de las necesidades de la sociedad. El arraigo de la cultura andaluza en una parte de la sociedad por su origen, y la multitud de entidades andaluzas repartidas por toda la geograf\u00eda catalana han fortalecido y consolidado este certamen.<\/p>\n\n\n\n<p><strong><span style=\"background-color:#b5dcaf\" class=\"td_text_highlight_marker\">R.A. \u00bfQu\u00e9 les dir\u00eda a todas las personas que han trabajado en el pasado y a las que siguen haci\u00e9ndolo en el presente para que la Feria est\u00e9 en el lugar que est\u00e1 hoy en d\u00eda?<\/span><\/strong><\/p>\n\n\n\n<p><strong><span style=\"background-color:#b5dcaf\" class=\"td_text_highlight_marker\">A.B.<\/span> <\/strong>A las que han trabajado felicitarlas por el tes\u00f3n y por el entusiasmo demostrado y a las que siguen y son el futuro que tengan una amplia mirada y que con di\u00e1logo, empat\u00eda y voluntad de trabajo sigan transmitiendo y enriqueciendo la cultura desde el respeto y la convivencia.<\/p>\n\n\n\n<p><strong><span style=\"background-color:#b5dcaf\" class=\"td_text_highlight_marker\">R.A. El evento fue creado por los inmigrantes andaluces como una manera de sentirse cerca de su tierra pero ha evolucionado hacia un acontecimiento global. \u00bfQu\u00e9 piensa que aporta a la sociedad catalana en general?<\/span><\/strong><\/p>\n\n\n\n<p><strong><span style=\"background-color:#b5dcaf\" class=\"td_text_highlight_marker\">A.B.<\/span> <\/strong>Como he comentado anteriormente creo que es una peque\u00f1a muestra de lo que es la realidad de Catalunya, una sociedad abierta, integradora, dialogante y con una gran cultura y capacidad de atraer y enriquecerse. Todas las personas que llegaron desde Andaluc\u00eda para construir un futuro han contribuido con su esfuerzo al progreso de Catalunya y ahora sus hijos son generaciones que crecen conocedores de sus ra\u00edces pero con un gran amor a Catalunya. La cultura es riqueza, progreso y complicidad comunitaria, es la base de nuestra sociedad y el eslab\u00f3n que engarza las relaciones entre sociedades.<\/p>\n\n\n\n<p><strong><span style=\"background-color:#b5dcaf\" class=\"td_text_highlight_marker\">R.A. Esta es una de las ferias m\u00e1s grandes de toda Espa\u00f1a si tenemos en cuenta que la organiza una federaci\u00f3n de entidades y no una administraci\u00f3n. No en vano el a\u00f1o pasado super\u00f3 el mill\u00f3n de visitas y en varias ocasiones tuvo que cerrarse el acceso al Real por haberse superado el aforo. \u00bfCree que se ha valorado como se merece la Feria de Abril a nivel institucional en Catalunya?<\/span><\/strong><\/p>\n\n\n\n<p><strong><span style=\"background-color:#b5dcaf\" class=\"td_text_highlight_marker\">A.B.<\/span> <\/strong>Creo que la cultura no debe instrumentalizarse. Es importante que se d\u00e9 a este acontecimiento el reconocimiento que se merece por su aportaci\u00f3n a la cultura y porque, como se se\u00f1ala en la pregunta, miles de personas acuden cada a\u00f1o a este evento. Las instituciones debemos respetar las manifestaciones culturales de la ciudadan\u00eda y respaldarlas porque forman parte de nuestro patrimonio. La diversidad de culturas hace referencia a la convivencia e interacci\u00f3n en armon\u00eda y respeto mutuo entre varias culturas que coinciden en un mismo lugar y tiempo.<\/p>\n\n\n\n<p><strong><span style=\"background-color:#b5dcaf\" class=\"td_text_highlight_marker\">R.A. \u00bfLe augura un buen futuro a la Feria de Abril? \u00bfPodremos disfrutar de 50 ediciones m\u00e1s?<\/span><\/strong><\/p>\n\n\n\n<div><a href=\"https:\/\/raicesandaluzas.com\/revista\/wp-content\/uploads\/2023\/04\/balmonOK2023-1024x683.jpg\" class=\"td-modal-image\"><figure class=\"wp-block-image size-large\"><img loading=\"lazy\" decoding=\"async\" width=\"1024\" height=\"683\" src=\"https:\/\/raicesandaluzas.com\/revista\/wp-content\/uploads\/2023\/04\/balmonOK2023-1024x683.jpg\" alt=\"\" class=\"wp-image-1313\" srcset=\"https:\/\/raicesandaluzas.com\/revista\/wp-content\/uploads\/2023\/04\/balmonOK2023-1024x683.jpg 1024w, https:\/\/raicesandaluzas.com\/revista\/wp-content\/uploads\/2023\/04\/balmonOK2023-300x200.jpg 300w, https:\/\/raicesandaluzas.com\/revista\/wp-content\/uploads\/2023\/04\/balmonOK2023-768x512.jpg 768w, https:\/\/raicesandaluzas.com\/revista\/wp-content\/uploads\/2023\/04\/balmonOK2023-696x464.jpg 696w, https:\/\/raicesandaluzas.com\/revista\/wp-content\/uploads\/2023\/04\/balmonOK2023-1068x712.jpg 1068w, https:\/\/raicesandaluzas.com\/revista\/wp-content\/uploads\/2023\/04\/balmonOK2023-630x420.jpg 630w, https:\/\/raicesandaluzas.com\/revista\/wp-content\/uploads\/2023\/04\/balmonOK2023.jpg 1200w\" sizes=\"auto, (max-width: 1024px) 100vw, 1024px\" \/><\/figure><\/a><\/div>\n\n\n\n<p><strong><span style=\"background-color:#b5dcaf\" class=\"td_text_highlight_marker\">A.B. <\/span><\/strong>Creo que actualmente se encuentra en un momento excepcional, con una ubicaci\u00f3n consolidada y con unas propuestas de calidad, es un aut\u00e9ntico marco de expresi\u00f3n de la cultura andaluza. Seguramente tendremos Feria de Abril para muchos a\u00f1os m\u00e1s, el futuro siempre es incierto, pero lleva una trayectoria muy positiva para seguir creciendo y celebrando a\u00f1os.<\/p>\n\n\n\n<p><strong><span style=\"background-color:#b5dcaf\" class=\"td_text_highlight_marker\">R.A. Cornell\u00e0 celebra en mayo una nueva edici\u00f3n del Festival de Arte Flamenco de Catalunya, que se acerca a su edici\u00f3n n\u00famero 40, tambi\u00e9n una cifra redonda. \u00bfC\u00f3mo valora que un evento de estas caracter\u00edsticas siga manteni\u00e9ndose en el panorama musical catal\u00e1n?<\/span><\/strong><\/p>\n\n\n\n<p><strong><span style=\"background-color:#b5dcaf\" class=\"td_text_highlight_marker\">A.B. <\/span><\/strong>Es otra muestra tambi\u00e9n de que la cultura andaluza est\u00e1 arraigada en Catalunya, y que el Festival ha trascendido las fronteras de nuestra ciudad y tiene un gran prestigio dentro del mundo flamenco. Nuestro compromiso como Ayuntamiento con este Festival tiene que ver tanto con la apuesta por la cultura, como con el compromiso con las entidades que con su esfuerzo trabajan para que se haga realidad.<\/p>\n\n\n\n<p>Es un festival consolidado que atrae una gran afluencia de p\u00fablico y que congrega en su cartel a figuras consagradas del flamenco y a artistas noveles que se quieren abrir paso. Asimismo, la implicaci\u00f3n de las entidades en su organizaci\u00f3n permite hacer extensivo el flamenco a toda la ciudadan\u00eda a trav\u00e9s de actividades paralelas en toda la ciudad.<\/p>\n\n\n\n<p><strong><span style=\"background-color:#b5dcaf\" class=\"td_text_highlight_marker\">R.A. \u00bfEs un s\u00edntoma de que las entidades culturales de la ciudad tienen buena salud?<\/span><\/strong><\/p>\n\n\n\n<p><strong><span style=\"background-color:#b5dcaf\" class=\"td_text_highlight_marker\">A.B.<\/span> <\/strong>Evidentemente, Cornell\u00e0 es un ejemplo de vitalidad y de musculatura asociativa. Siempre hemos hecho gala de que es uno de nuestros elementos diferenciales. Con m\u00e1s de 200 entidades de todo tipo, culturales, art\u00edsticas, deportivas, musicales, etc. es un hervidero de ideas, de talento, de diversidad y de riqueza que nos permite tener una identidad fuerte y un car\u00e1cter comunitario muy especial.<\/p>\n\n\n\n<p><strong><span style=\"background-color:#b5dcaf\" class=\"td_text_highlight_marker\">R.A. Por \u00faltimo, un deseo para esta edici\u00f3n tan especial de la Feria de Abril catalana.<\/span><\/strong><\/p>\n\n\n\n<p><strong><span style=\"background-color:#b5dcaf\" class=\"td_text_highlight_marker\">A.B.<\/span> <\/strong>Espero que todo el mundo que vaya a la Feria disfrute, comparta el esp\u00edritu abierto, integrador y de diversi\u00f3n que se respira desde el respeto y el car\u00e1cter c\u00edvico. Compartir y disfrutar de la Feria con amigos y familia son los momentos que retenemos en nuestra memoria para siempre. Feliz Feria a todos y todas.<\/p>\n","protected":false},"excerpt":{"rendered":"<p>RA\u00cdCES ANDALUZAS. La Feria de Abril de Catalunya celebra en este 2023 su 50 edici\u00f3n. \u00bfC\u00f3mo valora esta efem\u00e9ride tan especial? A.B. Este medio siglo de actividad pone de manifiesto el \u00e9xito de una apuesta que tiene en Catalunya multitud de seguidores y que atrae cada a\u00f1o a miles de personas. Es tambi\u00e9n una muestra [&hellip;]<\/p>\n","protected":false},"author":1,"featured_media":1310,"comment_status":"open","ping_status":"open","sticky":false,"template":"","format":"standard","meta":{"footnotes":""},"categories":[19,20],"tags":[],"class_list":{"0":"post-1309","1":"post","2":"type-post","3":"status-publish","4":"format-standard","5":"has-post-thumbnail","7":"category-actualidad","8":"category-entrevistas"},"_links":{"self":[{"href":"https:\/\/raicesandaluzas.com\/revista\/wp-json\/wp\/v2\/posts\/1309","targetHints":{"allow":["GET"]}}],"collection":[{"href":"https:\/\/raicesandaluzas.com\/revista\/wp-json\/wp\/v2\/posts"}],"about":[{"href":"https:\/\/raicesandaluzas.com\/revista\/wp-json\/wp\/v2\/types\/post"}],"author":[{"embeddable":true,"href":"https:\/\/raicesandaluzas.com\/revista\/wp-json\/wp\/v2\/users\/1"}],"replies":[{"embeddable":true,"href":"https:\/\/raicesandaluzas.com\/revista\/wp-json\/wp\/v2\/comments?post=1309"}],"version-history":[{"count":3,"href":"https:\/\/raicesandaluzas.com\/revista\/wp-json\/wp\/v2\/posts\/1309\/revisions"}],"predecessor-version":[{"id":1315,"href":"https:\/\/raicesandaluzas.com\/revista\/wp-json\/wp\/v2\/posts\/1309\/revisions\/1315"}],"wp:featuredmedia":[{"embeddable":true,"href":"https:\/\/raicesandaluzas.com\/revista\/wp-json\/wp\/v2\/media\/1310"}],"wp:attachment":[{"href":"https:\/\/raicesandaluzas.com\/revista\/wp-json\/wp\/v2\/media?parent=1309"}],"wp:term":[{"taxonomy":"category","embeddable":true,"href":"https:\/\/raicesandaluzas.com\/revista\/wp-json\/wp\/v2\/categories?post=1309"},{"taxonomy":"post_tag","embeddable":true,"href":"https:\/\/raicesandaluzas.com\/revista\/wp-json\/wp\/v2\/tags?post=1309"}],"curies":[{"name":"wp","href":"https:\/\/api.w.org\/{rel}","templated":true}]}}