{"id":1305,"date":"2023-04-26T10:47:07","date_gmt":"2023-04-26T10:47:07","guid":{"rendered":"https:\/\/raicesandaluzas.com\/revista\/?p=1305"},"modified":"2023-04-26T10:47:34","modified_gmt":"2023-04-26T10:47:34","slug":"la-feria-de-abril-es-una-clara-muestra-de-convivencia-pluralidad-y-union","status":"publish","type":"post","link":"https:\/\/raicesandaluzas.com\/revista\/2023\/04\/26\/la-feria-de-abril-es-una-clara-muestra-de-convivencia-pluralidad-y-union\/","title":{"rendered":"\u201cLa Feria de Abril es una clara muestra de convivencia, pluralidad y uni\u00f3n\u201d"},"content":{"rendered":"\n<p><strong><span style=\"background-color:#b5dcaf\" class=\"td_text_highlight_marker\">RA\u00cdCES ANDALUZAS. Para usted, \u00bfcu\u00e1les son los retos de futuro que afronta Badalona?&nbsp;<\/span><\/strong><\/p>\n\n\n\n<p><strong><span style=\"background-color:#b5dcaf\" class=\"td_text_highlight_marker\">XAVIER GARC\u00cdA ALBIOL. <\/span><\/strong>En estas elecciones municipales Badalona tiene la oportunidad de afrontar un nueva \u00e9poca marcada por la estabilidad, y con un gobierno fuerte que se preocupe \u00fanica y exclusivamente de resolver los problemas de los vecinos. Por eso, hemos presentado un proyecto \u2018Badalonisme\u2019, que va m\u00e1s all\u00e1 de fronteras ideol\u00f3gicas y de partidos pol\u00edticos. Es un proyecto transversal, que cada d\u00eda suma m\u00e1s apoyos, y que a partir del pr\u00f3ximo 28 de mayo va a trabajar sin descanso para recuperar la ciudad de la que todos nos sent\u00edamos orgullosos.<\/p>\n\n\n\n<p><strong><span style=\"background-color:#b5dcaf\" class=\"td_text_highlight_marker\">R.A. Cuando recorre las calles del municipio, \u00bfcu\u00e1les son los principales problemas sobre la ciudad que le trasladan los ciudadanos?<\/span><\/strong><\/p>\n\n\n\n<p><strong><span style=\"background-color:#b5dcaf\" class=\"td_text_highlight_marker\">X.G.A.<\/span> <\/strong>Sin duda alguna, la seguridad. En estos momentos, Badalona tiene un problema muy preocupante de seguridad, que se ha extendido por todos los barrios de la ciudad. De hecho, las cifras oficiales del Ministerio del Interior muestran que los delitos en nuestra ciudad aumentaron un 20% en el \u00faltimo a\u00f1o. No hay d\u00eda que no me paren por la calle o me escriban vecinos a los que les han atracado, a sus hijos les han robado el m\u00f3vil, han entrado en sus casas o comercios\u2026 Y esto no pasa porque s\u00ed, sin duda, la nefasta pol\u00edtica en materia de seguridad del actual goberino del PSC lo ha propiciado. No en vano, desmantelaron la Unidad Omega de la Guardia Urbama, que actuaba en situaciones conflictivas, unidades especiales como la Polic\u00eda de Barrio patrullando a pie o la de la playa. Muy relacionado con la seguridad, Badalona tambi\u00e9n tiene un gran problema con las okupaciones ilegales, que en estos momentos est\u00e1n amargando a muchos vecinos que lo est\u00e1n sufriendo.&nbsp;&nbsp; <\/p>\n\n\n\n<p><strong><span style=\"background-color:#b5dcaf\" class=\"td_text_highlight_marker\">R.A. \u00bfEn qu\u00e9 temas cree que se deber\u00eda centrar el debate pol\u00edticos en estas elecciones municipales en Badalona?<\/span><\/strong><\/p>\n\n\n\n<p><strong><span style=\"background-color:#b5dcaf\" class=\"td_text_highlight_marker\">X.G.A.<\/span> <\/strong>Nosotros vamos a hablar \u00fanica y exclusivamente de los problemas de los vecinos. En estas elecciones no se escoge ni al presidente del gobierno ni al de la generalitat, escogemos quien va a ser el alcalde en los pr\u00f3ximos cuatro a\u00f1os. Y eso significa que m\u00e1s all\u00e1 de partidos o ideolog\u00edas, los vecinos confiar\u00e1n en la persona que consideren que mejor gestiona su d\u00eda a d\u00eda. Yo tengo muy claro los problemas que en estos momentos sufre Badalona y por eso tengo muy claras las soluciones que vamos a aportar. Por ejemplo, para luchas contra las okupaciones ilegales, crearemos la priemra Concejal\u00eda exclusiva de lucha contra la ockupaci\u00f3n ilegal para dar apoyo a los vecinos y propietarios que lo sufren. Esta concejal\u00eda, incluso, denunciar\u00e1 judicialmente aquellas okupaciones de las que tenga constancia. Si soy alcalde, Badalona tendr\u00e1 un gobierno que luche realmente contra estas mafias de okupaci\u00f3n.<\/p>\n\n\n\n<p><strong><span style=\"background-color:#b5dcaf\" class=\"td_text_highlight_marker\">R.A. La Feria de Abril de Catalunya celebra en este 2023 su 50 edici\u00f3n. \u00bfC\u00f3mo valora esta efem\u00e9ride tan especial?<\/span><\/strong><\/p>\n\n\n\n<p><strong><span style=\"background-color:#b5dcaf\" class=\"td_text_highlight_marker\">X.G.A. <\/span><\/strong>Creo que es muy buena se\u00f1al puesto que todas aquellas personas que hace a\u00f1os fundaron las entidades andaluzas, y que hacen posible la Feria de Abril, han sabido darle continuidad al movimiento asociativo y adaptarse a cada momento. Mi m\u00e1s sincera felicitaci\u00f3n por estos 50 a\u00f1os de historia y mi deseo de que podamos celebrar 50 a\u00f1os m\u00e1s.<\/p>\n\n\n\n<p><strong><span style=\"background-color:#b5dcaf\" class=\"td_text_highlight_marker\">R.A. \u00bfQu\u00e9 les dir\u00eda a todas las personas que han trabajado en el pasado y a las que siguen haci\u00e9ndolo en el presente para que la Feria est\u00e9 en el lugar que est\u00e1 hoy en d\u00eda?<\/span><\/strong><\/p>\n\n\n\n<p><strong><span style=\"background-color:#b5dcaf\" class=\"td_text_highlight_marker\">X.G.A.<\/span> <\/strong>Que sigan trabajando y no tiren la toalla. Muchas veces el asociacionismo es duro, no tiene la gratificaci\u00f3n esperada, pero siempre merece la pena.<\/p>\n\n\n\n<p><strong><span style=\"background-color:#b5dcaf\" class=\"td_text_highlight_marker\">R.A. La Feria ha pasado por momentos complicados a lo largo de este medio siglo pero ha sabido salir adelante. \u00bfConsidera que es un puro ejemplo de resiliencia?<\/span><\/strong><\/p>\n\n\n\n<p><strong><span style=\"background-color:#b5dcaf\" class=\"td_text_highlight_marker\">X.G.A. <\/span><\/strong>Por supuesto. La organizaci\u00f3n y las entidades han sabido adaptarse a cambios de ubicaciones o contextos econ\u00f3micos muy complejos, entre otras dificultades. El camino no ha sido nada f\u00e1cil pero todos aquellos que han hecho posible las diferentes ediciones de la Feria merecen nuestro reconocimiento y gratitud.<\/p>\n\n\n\n<p><strong><span style=\"background-color:#b5dcaf\" class=\"td_text_highlight_marker\">R.A. El evento fue creado por los inmigrantes andaluces como una manera de sentirse cerca de su tierra pero ha evolucionado hacia un acontecimiento global. \u00bfQu\u00e9 piensa que aporta a la sociedad catalana en general?<\/span><\/strong><\/p>\n\n\n\n<p><strong><span style=\"background-color:#b5dcaf\" class=\"td_text_highlight_marker\">X.G.A.<\/span> <\/strong>Una clara muestra de convivencia, pluralidad y uni\u00f3n. Catalu\u00f1a hoy es lo que es gracias en parte a todas aquellas personas que un d\u00eda tuvieron que abandonar su tierra en busca de un futuro mejor, y que ayudaron a hacer de nuestra comunidad un mejor sitio donde vivir. El movimiento asociativo andaluz jug\u00f3 aqu\u00ed un important\u00edsimo papel.<\/p>\n\n\n\n<p><strong><span style=\"background-color:#b5dcaf\" class=\"td_text_highlight_marker\">R.A. Esta es una de las ferias m\u00e1s grandes de toda Espa\u00f1a si tenemos en cuenta que la organiza una federaci\u00f3n de entidades y no una administraci\u00f3n. No en vano el a\u00f1o pasado super\u00f3 el mill\u00f3n de visitas y en varias ocasiones tuvo que cerrarse el acceso al Real por haberse superado el aforo. \u00bfCree que se ha valorado como se merece la Feria de Abril a nivel institucional en Catalunya?<\/span><\/strong><\/p>\n\n\n\n<p><strong><span style=\"background-color:#b5dcaf\" class=\"td_text_highlight_marker\">X.G.A<\/span>. <\/strong>Nunca es suficiente, pero creo que durante todos estos a\u00f1os s\u00ed se ha sabido valorar la Feria como merece a nivel institucional. Y lo m\u00e1s importante es el apoyo social que ha tenido: millones de personas han pasado por las diferentes ediciones de la Feria y han disfrutado con el magn\u00edfico ambiente que se vive en las casetas y en el resto del recinto ferial.<\/p>\n\n\n\n<p><strong><span style=\"background-color:#b5dcaf\" class=\"td_text_highlight_marker\">R.A. Badalona siempre ha estado muy presente en la Feria gracias a sus entidades. \u00bfC\u00f3mo est\u00e1 de salud el movimiento asociativo cultural andaluz de la ciudad?&nbsp;<\/span><\/strong><\/p>\n\n\n\n<p><strong><span style=\"background-color:#b5dcaf\" class=\"td_text_highlight_marker\">X.G.A. <\/span><\/strong>En Badalona tenemos la suerte de contar con un movimiento asociativo andaluz muy potente y que hace un trabajo extraordinario en favor de la cultura, de la ciudad y, muy especialmente, de los barrios donde est\u00e1n ubicadas las entidades. No obstante, la falta de apoyo del actual gobierno municipal del PSC est\u00e1 imposibilitando que muchas puedan realizar su actividad con una cierta normalidad. Prueba de ello es la escasa presencia de entidades de Badalona en esta edici\u00f3n de la Feria de Abril -con solo una entidad- por la falta de colaboraci\u00f3n institucional. Las entidades saben que cuentan con todo mi apoyo y que si soy alcalde el pr\u00f3ximo 28 de mayo, volver\u00e1n a tener el reconocimiento y apoyo que merecen.<\/p>\n\n\n\n<p><strong><span style=\"background-color:#b5dcaf\" class=\"td_text_highlight_marker\">R.A. \u00bfLe augura un buen futuro a la Feria de Abril? \u00bfPodremos disfrutar de 50 ediciones m\u00e1s?<\/span><\/strong><\/p>\n\n\n\n<p><strong><span style=\"background-color:#b5dcaf\" class=\"td_text_highlight_marker\">X.G.A. <\/span><\/strong>Las entidades andaluzas est\u00e1n haciendo un grand\u00edsimo trabajo para implicar a los j\u00f3venes que forman parte de las mismas. Prueba de ello es la cantidad de j\u00f3venes que forman parte de las juntas directivas de hermandades rocieras y asociaciones andaluzas, incluso ostentando en muchos casos la presidencia de las mismas. El relevo generacional est\u00e1 asegurado y, por ende, la Feria de Abril -y tambi\u00e9n el Roc\u00edo- estoy seguro que tendr\u00e1n una larga vida.<\/p>\n\n\n\n<p><strong><span style=\"background-color:#b5dcaf\" class=\"td_text_highlight_marker\">R.A. Por \u00faltimo, un deseo para esta edici\u00f3n tan especial de la Feria de Abril catalana.<\/span><\/strong><\/p>\n\n\n\n<p><strong><span style=\"background-color:#b5dcaf\" class=\"td_text_highlight_marker\">X.G.A.<\/span> <\/strong>Mi deseo es que la Feria de Abril pueda seguir cumpliendo a\u00f1os y aportando tantas cosas buenas como lo ha hecho durante estos 50 a\u00f1os. Mi apoyo y mi m\u00e1s sincero agradecimiento a todas las casas andaluzas, hermandades rocieras y pe\u00f1as flamencas que d\u00eda tras d\u00eda trabajan para mantener vivo uno de los mayores y mejores eventos que se realizan en Catalu\u00f1a y en el resto de Espa\u00f1a. Pod\u00e9is estar muy orgullosos de ello.<\/p>\n","protected":false},"excerpt":{"rendered":"<p>RA\u00cdCES ANDALUZAS. Para usted, \u00bfcu\u00e1les son los retos de futuro que afronta Badalona?&nbsp; XAVIER GARC\u00cdA ALBIOL. En estas elecciones municipales Badalona tiene la oportunidad de afrontar un nueva \u00e9poca marcada por la estabilidad, y con un gobierno fuerte que se preocupe \u00fanica y exclusivamente de resolver los problemas de los vecinos. Por eso, hemos presentado [&hellip;]<\/p>\n","protected":false},"author":1,"featured_media":1306,"comment_status":"open","ping_status":"open","sticky":false,"template":"","format":"standard","meta":{"footnotes":""},"categories":[19,20],"tags":[],"class_list":{"0":"post-1305","1":"post","2":"type-post","3":"status-publish","4":"format-standard","5":"has-post-thumbnail","7":"category-actualidad","8":"category-entrevistas"},"_links":{"self":[{"href":"https:\/\/raicesandaluzas.com\/revista\/wp-json\/wp\/v2\/posts\/1305","targetHints":{"allow":["GET"]}}],"collection":[{"href":"https:\/\/raicesandaluzas.com\/revista\/wp-json\/wp\/v2\/posts"}],"about":[{"href":"https:\/\/raicesandaluzas.com\/revista\/wp-json\/wp\/v2\/types\/post"}],"author":[{"embeddable":true,"href":"https:\/\/raicesandaluzas.com\/revista\/wp-json\/wp\/v2\/users\/1"}],"replies":[{"embeddable":true,"href":"https:\/\/raicesandaluzas.com\/revista\/wp-json\/wp\/v2\/comments?post=1305"}],"version-history":[{"count":2,"href":"https:\/\/raicesandaluzas.com\/revista\/wp-json\/wp\/v2\/posts\/1305\/revisions"}],"predecessor-version":[{"id":1308,"href":"https:\/\/raicesandaluzas.com\/revista\/wp-json\/wp\/v2\/posts\/1305\/revisions\/1308"}],"wp:featuredmedia":[{"embeddable":true,"href":"https:\/\/raicesandaluzas.com\/revista\/wp-json\/wp\/v2\/media\/1306"}],"wp:attachment":[{"href":"https:\/\/raicesandaluzas.com\/revista\/wp-json\/wp\/v2\/media?parent=1305"}],"wp:term":[{"taxonomy":"category","embeddable":true,"href":"https:\/\/raicesandaluzas.com\/revista\/wp-json\/wp\/v2\/categories?post=1305"},{"taxonomy":"post_tag","embeddable":true,"href":"https:\/\/raicesandaluzas.com\/revista\/wp-json\/wp\/v2\/tags?post=1305"}],"curies":[{"name":"wp","href":"https:\/\/api.w.org\/{rel}","templated":true}]}}