{"id":1302,"date":"2023-04-25T09:41:10","date_gmt":"2023-04-25T09:41:10","guid":{"rendered":"https:\/\/raicesandaluzas.com\/revista\/?p=1302"},"modified":"2023-04-25T09:41:11","modified_gmt":"2023-04-25T09:41:11","slug":"la-feria-ha-tenido-que-sobreponerse-a-momentos-muy-complicados-y-lo-ha-hecho-siempre-renaciendo-aun-con-mas-fuerza","status":"publish","type":"post","link":"https:\/\/raicesandaluzas.com\/revista\/2023\/04\/25\/la-feria-ha-tenido-que-sobreponerse-a-momentos-muy-complicados-y-lo-ha-hecho-siempre-renaciendo-aun-con-mas-fuerza\/","title":{"rendered":"\u201cLa Feria ha tenido que sobreponerse a momentos muy complicados y lo ha hecho siempre renaciendo a\u00fan con m\u00e1s fuerza\u201d"},"content":{"rendered":"\n<p><strong><span style=\"background-color:#b5dcaf\" class=\"td_text_highlight_marker\">RA\u00cdCES ANDALUZAS. La Feria de Abril de Catalunya celebra en este 2023 su 50 edici\u00f3n. \u00bfC\u00f3mo valora esta efem\u00e9ride tan especial?<\/span><\/strong><\/p>\n\n\n\n<p><strong><span style=\"background-color:#b5dcaf\" class=\"td_text_highlight_marker\">RUB\u00c9N GUIJARRO. <\/span><\/strong>Con profundo orgullo. El \u00e9xito de la Feria de Abril de Catalunya es, en cierta forma, un \u00e9xito de todos y todas los que la hemos vivido durante todos estos a\u00f1os. La Feria de Abril es un acontecimiento imprescindible en la agenda de muchos municipios y un elemento cultural de gran calado en nuestras ciudades.\u00a0 <\/p>\n\n\n\n<p><strong><span style=\"background-color:#b5dcaf\" class=\"td_text_highlight_marker\">R.A. La Feria ha pasado por momentos complicados a lo largo de este medio siglo, pero ha sabido salir adelante. \u00bfConsidera que es un puro ejemplo de resiliencia?<\/span><\/strong><\/p>\n\n\n\n<p><strong><span style=\"background-color:#b5dcaf\" class=\"td_text_highlight_marker\">R.G.<\/span> <\/strong>Absolutamente, resiliencia, tes\u00f3n, voluntad, ganas y esfuerzo. La Feria ha tenido que sobreponerse a momentos muy complicados y lo ha hecho siempre renaciendo a\u00fan con m\u00e1s fuerza. Eso solo se consigue con el empuje y la voluntad de muchas personas con un mismo objetivo. Es, sin duda, un ejemplo de superaci\u00f3n para todos. <\/p>\n\n\n\n<p><strong><span style=\"background-color:#b5dcaf\" class=\"td_text_highlight_marker\">R.A. \u00bfQu\u00e9 les ir\u00eda a todas las personas que han trabajado en el pasado y a las que siguen haci\u00e9ndolo en el presente para que la Feria est\u00e9 en el lugar que est\u00e1 hoy en d\u00eda?<\/span><\/strong><\/p>\n\n\n\n<p><strong><span style=\"background-color:#b5dcaf\" class=\"td_text_highlight_marker\">R.G. <\/span><\/strong>Les dir\u00eda que sin ellos y ellas la Feria no ser\u00eda lo que es hoy, en este 50 aniversario. Que la aportaci\u00f3n de todas las personas que en alg\u00fan momento han puesto su granito de arena ha sido imprescindible para consolidar un proyecto cuya mayor fortaleza es su capital humano. La Feria es un ejemplo de \u00e9xito colectivo, de trabajo en equipo.<\/p>\n\n\n\n<p><strong><span style=\"background-color:#b5dcaf\" class=\"td_text_highlight_marker\">R.A. El evento fue creado por los inmigrantes andaluces como una manera de sentirse cerca de su tierra, pero ha evolucionado hacia un acontecimiento global. \u00bfQu\u00e9 piensa que aporta a la sociedad catalana en general?<\/span><\/strong><\/p>\n\n\n\n<p><strong><span style=\"background-color:#b5dcaf\" class=\"td_text_highlight_marker\">R.G.<\/span> <\/strong>La Feria de Abril ha evolucionado, de la misma forma que lo ha hecho la sociedad. Eso ha posibilitado que siga creciendo, lo importante es que lo hace sin perder su esencia. Ha sido y sigue siendo un punto de encuentro y celebraci\u00f3n para andaluces y andaluzas que residen en Catalu\u00f1a, pero tambi\u00e9n para catalanes y catalanas que siente una proximidad o un afecto por la cultura andaluza. La Feria enriquece a la sociedad catalana, de la misma forma que la cultura y las tradiciones catalanas enriquecen a los andaluces y andaluzas que viven en Catalu\u00f1a.\u00a0\u00a0\u00a0\u00a0<\/p>\n\n\n\n<p><strong><span style=\"background-color:#b5dcaf\" class=\"td_text_highlight_marker\">R.A. Esta es una de las ferias m\u00e1s grandes de toda Espa\u00f1a si tenemos en cuenta que la organiza una federaci\u00f3n de entidades y no una administraci\u00f3n. No en vano, el a\u00f1o pasado super\u00f3 el mill\u00f3n de visitas y en varias ocasiones tuvo que cerrarse el acceso al Real por haberse superado el aforo. \u00bfCree que se ha valorado como se merece a la Feria de Abril a nivel institucional en Catalunya?<\/span><\/strong><\/p>\n\n\n\n<p><strong><span style=\"background-color:#b5dcaf\" class=\"td_text_highlight_marker\">R.G.<\/span> <\/strong>Creo que la mayor fortaleza de la Feria de Abril es, precisamente, ser aut\u00f3noma, no depender de ninguna administraci\u00f3n. Es un factor importante que garantiza una libertad absoluta a los organizadores. Las Administraciones apoyan y disfrutan la Feria, pero lo hacen y creo que es un acierto desde una cierta distancia. Eso no quita que las administraciones potencien y ayuden, en todo lo que est\u00e9 a su alcance a que la Feria siga creciendo y mejorando edici\u00f3n tras edici\u00f3n.<\/p>\n\n\n\n<p><strong><span style=\"background-color:#b5dcaf\" class=\"td_text_highlight_marker\">R.A. La Feria de Abril es un lugar de diversi\u00f3n, pero lo \u00faltimos a\u00f1os ha tenido un car\u00e1cter m\u00e1s social, con puntos Lila contra las agresiones sexuales e informaci\u00f3n para el colectivo LGTBI, o casetas solidarias como en la edici\u00f3n anterior con el pueblo ucraniano. \u00bfQu\u00e9 le parecen este tipo de iniciativas en el Real?<\/span><\/strong><\/p>\n\n\n\n<p><strong><span style=\"background-color:#b5dcaf\" class=\"td_text_highlight_marker\">R.G. <\/span><\/strong>Me parecen imprescindibles y las celebro. La Feria es un punto de encuentro de much\u00edsimas personas y es importante que siga siendo solo un lugar de diversi\u00f3n y alegr\u00eda. Cualquier iniciativa que sirva para proteger y prevenir agresiones es necesaria en la Feria y en cualquier actividad cultural o deportiva en la que se concentren muchas personas.<\/p>\n\n\n\n<p>La solidaridad con el pueblo ucraniano o con cualquier otra causa que requiera de nuestro apoyo es un valor que la Feria debe seguir promoviendo.<strong><\/strong><\/p>\n\n\n\n<p><strong><span style=\"background-color:#b5dcaf\" class=\"td_text_highlight_marker\">R.A. Badalona siempre ha estado muy presente en la Feria gracias a sus entidades y sus hermandades rocieras. \u00bfC\u00f3mo est\u00e1 de salud el movimiento asociativo cultural andaluz de la ciudad?<\/span><\/strong><\/p>\n\n\n\n<p><strong><span style=\"background-color:#b5dcaf\" class=\"td_text_highlight_marker\">R.G. <\/span><\/strong>Nuestras entidades andaluzas son fundamentales para la ciudad. Han tenido a lo largo de los a\u00f1os un papel integrador para toda una generaci\u00f3n de andaluces y andaluzas que se establecieron en Badalona y han seguido creando v\u00ednculos entre esas generaciones y la de sus hijos y nietos, que a\u00fan siendo catalanes viven y disfrutan la cultura andaluza gracias al movimiento asociativo cultural andaluz.<\/p>\n\n\n\n<p><strong><span style=\"background-color:#b5dcaf\" class=\"td_text_highlight_marker\">R.A. \u00bfLe augura un buen futuro al Feria de Abril? \u00bfPodremos disfrutar de 50 ediciones m\u00e1s?<\/span><\/strong><\/p>\n\n\n\n<p><strong><span style=\"background-color:#b5dcaf\" class=\"td_text_highlight_marker\">R.G.<\/span><\/strong> Le auguro el mejor de los futuros, la Feria es un proyecto s\u00f3lido y que a\u00f1o tras a\u00f1o nos demuestra su capacidad para seguir creciendo. Estoy convencido de que celebraremos 50 y 100 ediciones m\u00e1s, de que veremos una Feria que evoluciona y se adapta a cuantos cambios sean necesarios, pero que nunca perder\u00e1 la esencia que la ha hecho ser lo que es.<\/p>\n\n\n\n<p><strong><span style=\"background-color:#b5dcaf\" class=\"td_text_highlight_marker\">R.A. Un deso para esta edici\u00f3n tan especial de la Feria de Abril.<\/span><\/strong><\/p>\n\n\n\n<p><strong><span style=\"background-color:#b5dcaf\" class=\"td_text_highlight_marker\">R.G. <\/span><\/strong>Mi deseo es el de cada a\u00f1o: que la disfrutemos y la vivamos intensamente. Que lo hagamos acompa\u00f1ados de amigos y familiares, ahora que la pandemia nos ha ense\u00f1ado la importancia de poder reunirnos, de poder celebrar, de compartir momentos. La Feria es el mejor escenario para compartir buenos momentos, as\u00ed que deseo ver a muchas personas compartiendo muy buenos momentos en la Feria de Abril.<\/p>\n","protected":false},"excerpt":{"rendered":"<p>RA\u00cdCES ANDALUZAS. La Feria de Abril de Catalunya celebra en este 2023 su 50 edici\u00f3n. \u00bfC\u00f3mo valora esta efem\u00e9ride tan especial? RUB\u00c9N GUIJARRO. Con profundo orgullo. El \u00e9xito de la Feria de Abril de Catalunya es, en cierta forma, un \u00e9xito de todos y todas los que la hemos vivido durante todos estos a\u00f1os. La [&hellip;]<\/p>\n","protected":false},"author":1,"featured_media":1303,"comment_status":"open","ping_status":"open","sticky":false,"template":"","format":"standard","meta":{"footnotes":""},"categories":[19,20],"tags":[],"class_list":{"0":"post-1302","1":"post","2":"type-post","3":"status-publish","4":"format-standard","5":"has-post-thumbnail","7":"category-actualidad","8":"category-entrevistas"},"_links":{"self":[{"href":"https:\/\/raicesandaluzas.com\/revista\/wp-json\/wp\/v2\/posts\/1302","targetHints":{"allow":["GET"]}}],"collection":[{"href":"https:\/\/raicesandaluzas.com\/revista\/wp-json\/wp\/v2\/posts"}],"about":[{"href":"https:\/\/raicesandaluzas.com\/revista\/wp-json\/wp\/v2\/types\/post"}],"author":[{"embeddable":true,"href":"https:\/\/raicesandaluzas.com\/revista\/wp-json\/wp\/v2\/users\/1"}],"replies":[{"embeddable":true,"href":"https:\/\/raicesandaluzas.com\/revista\/wp-json\/wp\/v2\/comments?post=1302"}],"version-history":[{"count":1,"href":"https:\/\/raicesandaluzas.com\/revista\/wp-json\/wp\/v2\/posts\/1302\/revisions"}],"predecessor-version":[{"id":1304,"href":"https:\/\/raicesandaluzas.com\/revista\/wp-json\/wp\/v2\/posts\/1302\/revisions\/1304"}],"wp:featuredmedia":[{"embeddable":true,"href":"https:\/\/raicesandaluzas.com\/revista\/wp-json\/wp\/v2\/media\/1303"}],"wp:attachment":[{"href":"https:\/\/raicesandaluzas.com\/revista\/wp-json\/wp\/v2\/media?parent=1302"}],"wp:term":[{"taxonomy":"category","embeddable":true,"href":"https:\/\/raicesandaluzas.com\/revista\/wp-json\/wp\/v2\/categories?post=1302"},{"taxonomy":"post_tag","embeddable":true,"href":"https:\/\/raicesandaluzas.com\/revista\/wp-json\/wp\/v2\/tags?post=1302"}],"curies":[{"name":"wp","href":"https:\/\/api.w.org\/{rel}","templated":true}]}}