{"id":1299,"date":"2023-04-25T09:28:50","date_gmt":"2023-04-25T09:28:50","guid":{"rendered":"https:\/\/raicesandaluzas.com\/revista\/?p=1299"},"modified":"2023-04-25T09:28:51","modified_gmt":"2023-04-25T09:28:51","slug":"la-feria-es-puro-sentimiento-por-eso-ha-sido-ejemplo-de-resiliencia","status":"publish","type":"post","link":"https:\/\/raicesandaluzas.com\/revista\/2023\/04\/25\/la-feria-es-puro-sentimiento-por-eso-ha-sido-ejemplo-de-resiliencia\/","title":{"rendered":"\u201cLa Feria es puro sentimiento, por eso ha sido ejemplo de resiliencia\u201d"},"content":{"rendered":"\n<p><strong><span style=\"background-color:#b5dcaf\" class=\"td_text_highlight_marker\">RA\u00cdCES ANDALUZAS. La Feria de Abril de Catalunya celebra en este 2023 su 50 edici\u00f3n. \u00bfC\u00f3mo valora esta efem\u00e9ride tan especial?<\/span><\/strong><\/p>\n\n\n\n<p><strong><span style=\"background-color:#b5dcaf\" class=\"td_text_highlight_marker\">JAUME COLLBONI.<\/span> <\/strong>Es un regalo para la ciudad de Barcelona y para toda Catalu\u00f1a. No existen muchos actos culturales que hayan sobrevivido medio siglo con tanta vitalidad, tanta energ\u00eda y sabiendo renovarse sin olvidar en ning\u00fan momento sus ra\u00edces. Adem\u00e1s, tenemos que poner en valor el hecho de que la gesti\u00f3n de la feria haya reca\u00eddo siempre en una entidad cultural sin \u00e1nimo de lucro, aunando esfuerzos de personas que a\u00f1o tras a\u00f1o de manera altruista y voluntaria dan vida a las casetas, en las barras, en las cocinas y sobre todo en la fiesta por sevillanas como elemento caracter\u00edstico de la feria de Abril.\u00a0 <\/p>\n\n\n\n<p><strong><span style=\"background-color:#b5dcaf\" class=\"td_text_highlight_marker\">R.A. La Feria ha pasado por momentos complicados a lo largo de este medio siglo pero ha sabido salir adelante. \u00bfConsidera que es un puro ejemplo de resiliencia?<\/span><\/strong><\/p>\n\n\n\n<p><strong><span style=\"background-color:#b5dcaf\" class=\"td_text_highlight_marker\">J.C.<\/span> <\/strong>La Feria es puro sentimiento, por eso ha sido un ejemplo de resiliencia incluso cuando nadie utilizaba este t\u00e9rmino. 50 a\u00f1os de vida dan para muchos momentos, complicados, alegres, momentos para la nostalgia y, sobre todo, momentos para compartir con nuestros familiares y amigos. Y creo que justo es eso,\u00a0 las ganas de compartir, lo que hace de la Feria de Abril un ejemplo de compromiso y de tolerancia con y para toda la ciudad. Para m\u00ed, es algo m\u00e1s que resiliencia, como he dicho al principio la feria es puro sentimiento. <\/p>\n\n\n\n<p><strong><span style=\"background-color:#b5dcaf\" class=\"td_text_highlight_marker\">R.A. \u00bfQu\u00e9 les dir\u00eda a todas las personas que han trabajado en el pasado y a las que siguen haci\u00e9ndolo en el presente para que la Feria est\u00e9 en el lugar que est\u00e1 hoy en d\u00eda?<\/span><\/strong><\/p>\n\n\n\n<p><strong><span style=\"background-color:#b5dcaf\" class=\"td_text_highlight_marker\">J.C. <\/span><\/strong>Primero les dar\u00eda las gracias por hacer que hayamos llegado hasta aqu\u00ed, porque gracias a ellos y ellas hemos sido capaces de alcanzar las 50 ediciones, a los que est\u00e1n y a los que ya no est\u00e1n. Tambi\u00e9n me gustar\u00eda felicitar a las entidades, casas regionales y culturales andaluzas que un a\u00f1o tras otro dedican horas y horas de su tiempo a hacer que su caseta luzca y que se convierta en un espacio de acogida. La Feria no habr\u00eda podido llegar al nivel que ha alcanzado sin la entrega y trabajo de todas las personas que han trabajado y trabajan en ella.<\/p>\n\n\n\n<p><strong><span style=\"background-color:#b5dcaf\" class=\"td_text_highlight_marker\">R.A. El evento fue creado por los inmigrantes andaluces como una manera de sentirse cerca de su tierra pero ha evolucionado hacia un acontecimiento global. \u00bfQu\u00e9 piensa que aporta a la sociedad catalana en general?\u00a0\u00a0<\/span><\/strong><\/p>\n\n\n\n<p><strong><span style=\"background-color:#b5dcaf\" class=\"td_text_highlight_marker\">J.C. <\/span><\/strong>Creo que en el a\u00f1o 1971, cuando aquellas personas organizaron en Castelldefels la primera edici\u00f3n de la Feria de abril de Catalu\u00f1a, no pod\u00edan imaginar el impacto que tendr\u00eda en Barcelona hoy en d\u00eda con una participaci\u00f3n de un mill\u00f3n de personas, m\u00e1s de 70 casetas de diferentes entidades y servicios de restauraci\u00f3n, una zona de feria y, sobre todo, una fiesta de la ciudadan\u00eda reconocida en toda Espa\u00f1a.<\/p>\n\n\n\n<p>La Feria de abril es un evento conocido y reconocido que recibe a personas de todas partes, no s\u00f3lo nacidas en Andaluc\u00eda o&nbsp; descendientes de andaluces. Adem\u00e1s, este a\u00f1o la feria ten\u00eda un perfil m\u00e1s social, algo que ya se inici\u00f3 el a\u00f1o pasado con la caseta dedicada a Ucrania. Los organizadores de la Feria han sabido articular acciones a lo largo de los a\u00f1os que demuestran que la feria no es s\u00f3lo un espacio donde divertirse, sino que tambi\u00e9n es un espacio para la solidaridad.<\/p>\n\n\n\n<p>La feria, como la propia ciudad, es un ejemplo de integraci\u00f3n indiscutible.<strong><\/strong><\/p>\n\n\n\n<p><strong><span style=\"background-color:#b5dcaf\" class=\"td_text_highlight_marker\">R.A. Esta es una de las ferias m\u00e1s grandes de toda Espa\u00f1a si tenemos en cuenta que la organiza una federaci\u00f3n de entidades y no una administraci\u00f3n. No en vano el a\u00f1o pasado super\u00f3 el mill\u00f3n de visitas y en varias ocasiones tuvo que cerrarse el acceso al Real por haberse superado el aforo. \u00bfCree que se ha valorado como se merece la Feria de Abril a nivel institucional en Catalunya?<\/span><\/strong><\/p>\n\n\n\n<p><strong><span style=\"background-color:#b5dcaf\" class=\"td_text_highlight_marker\">J.C.<\/span> <\/strong>Creo que la mejor valoraci\u00f3n la hacen las personas que a\u00f1o tras a\u00f1o llenan el Real y las casetas durante todos los d\u00edas de la feria. Tanto desde mi responsabilidad institucional como ahora personalment siempre he apoyado la celebraci\u00f3n de la Feria de Abril en Barcelona, colaborando con la Fecac. Desde hace ya algunos a\u00f1os, hemos encontrado la ubicaci\u00f3n ideal para que la celebraci\u00f3n tenga un espacio y unos servicios fant\u00e1sticos. Con accessos r\u00e1pidos, transporte p\u00fablico y cerca del mar. El Parc del Forum se ha convertido en la mejor decorado para la Feria.<\/p>\n\n\n\n<p>La ciudad de Barcelona, siempre ha sabido reconocer y la Feria de Abril. Tanto es as\u00ed, que desde el grupo municipal socialista se solicit\u00f3 y se ha aprobado la concesi\u00f3n de la Medalla de Oro de la ciudad a la FECAC con motivo de la celebraci\u00f3n de los 50 a\u00f1os de la feria en Catalu\u00f1a.<strong><\/strong><\/p>\n\n\n\n<p><strong><span style=\"background-color:#b5dcaf\" class=\"td_text_highlight_marker\">R.A. La Feria es un lugar de diversi\u00f3n, pero los \u00faltimos a\u00f1os ha tenido un car\u00e1cter m\u00e1s social, con puntos Lila contra las agresiones sexuales e informaci\u00f3n para el colectivo LGTBI, o casetas solidarias como en la edici\u00f3n anterior con el pueblo ucraniano. \u00bfQu\u00e9 le parecen este tipo de iniciativas en el Real?\u00a0<\/span><\/strong><\/p>\n\n\n\n<p><strong><span style=\"background-color:#b5dcaf\" class=\"td_text_highlight_marker\">J.C.<\/span> <\/strong>Las veo muy positivas y muy oportunas, la sociedad de hoy es completamente diferente a la de hace 10 a\u00f1os o 20 a\u00f1os. Y la Feria es un ejemplo de c\u00f3mo un evento multitudinario se adapta a los acontecimientos y circunstancias que han ido ocurriendo en estos \u00faltimos a\u00f1os y se convierte en un altavoz de las demandas y necesidades de la sociedad.\u00a0<\/p>\n\n\n\n<p><strong><span style=\"background-color:#b5dcaf\" class=\"td_text_highlight_marker\">R.A. \u00bfLe augura un buen futuro a la Feria de Abril? \u00bfPodremos disfrutar de 50 ediciones m\u00e1s?<\/span><\/strong><\/p>\n\n\n\n<p><strong><span style=\"background-color:#b5dcaf\" class=\"td_text_highlight_marker\">J.C. <\/span><\/strong>Creo que la feria tiene una salud excelente y que se ha sabido reinventar a\u00f1o tras a\u00f1o. Todo esto a pesar de algunas dificultades que se han tenido que superar durante este tiempo. Ha habido colectivos y personas que han intentado desprestigiar la celebraci\u00f3n. Pero la feria es una clara demostraci\u00f3n de que las personas que vivimos en Barcelona y en Catalu\u00f1a estamos m\u00e1s por lo que nos une que por lo que nos separa. Consideramos que la cultura catalana es aquella que se hace en Catalu\u00f1a independientemente de cu\u00e1l sea tu origen. Los barceloneses y barcelonesas estamos orgullosos de la Feria, de su celebraci\u00f3n, del espacio donde se celebra y sobre todo de que sea un espacio de convivencia.<\/p>\n\n\n\n<p><strong><span style=\"background-color:#b5dcaf\" class=\"td_text_highlight_marker\">R.A. Por \u00faltimo, un deseo para esta edici\u00f3n tan especial de la Feria de Abril catalana.<\/span><\/strong><\/p>\n\n\n\n<p><strong><span style=\"background-color:#b5dcaf\" class=\"td_text_highlight_marker\">J.C.<\/span> <\/strong>Deseo una feria como la anterior, una fiesta de convivencia, de respeto entre personas y que sin incidentes. Y sobre todo les deseo como m\u00ednimo 50 ediciones m\u00e1s.<\/p>\n","protected":false},"excerpt":{"rendered":"<p>RA\u00cdCES ANDALUZAS. La Feria de Abril de Catalunya celebra en este 2023 su 50 edici\u00f3n. \u00bfC\u00f3mo valora esta efem\u00e9ride tan especial? JAUME COLLBONI. Es un regalo para la ciudad de Barcelona y para toda Catalu\u00f1a. No existen muchos actos culturales que hayan sobrevivido medio siglo con tanta vitalidad, tanta energ\u00eda y sabiendo renovarse sin olvidar [&hellip;]<\/p>\n","protected":false},"author":1,"featured_media":1300,"comment_status":"open","ping_status":"open","sticky":false,"template":"","format":"standard","meta":{"footnotes":""},"categories":[19,20],"tags":[],"class_list":{"0":"post-1299","1":"post","2":"type-post","3":"status-publish","4":"format-standard","5":"has-post-thumbnail","7":"category-actualidad","8":"category-entrevistas"},"_links":{"self":[{"href":"https:\/\/raicesandaluzas.com\/revista\/wp-json\/wp\/v2\/posts\/1299","targetHints":{"allow":["GET"]}}],"collection":[{"href":"https:\/\/raicesandaluzas.com\/revista\/wp-json\/wp\/v2\/posts"}],"about":[{"href":"https:\/\/raicesandaluzas.com\/revista\/wp-json\/wp\/v2\/types\/post"}],"author":[{"embeddable":true,"href":"https:\/\/raicesandaluzas.com\/revista\/wp-json\/wp\/v2\/users\/1"}],"replies":[{"embeddable":true,"href":"https:\/\/raicesandaluzas.com\/revista\/wp-json\/wp\/v2\/comments?post=1299"}],"version-history":[{"count":1,"href":"https:\/\/raicesandaluzas.com\/revista\/wp-json\/wp\/v2\/posts\/1299\/revisions"}],"predecessor-version":[{"id":1301,"href":"https:\/\/raicesandaluzas.com\/revista\/wp-json\/wp\/v2\/posts\/1299\/revisions\/1301"}],"wp:featuredmedia":[{"embeddable":true,"href":"https:\/\/raicesandaluzas.com\/revista\/wp-json\/wp\/v2\/media\/1300"}],"wp:attachment":[{"href":"https:\/\/raicesandaluzas.com\/revista\/wp-json\/wp\/v2\/media?parent=1299"}],"wp:term":[{"taxonomy":"category","embeddable":true,"href":"https:\/\/raicesandaluzas.com\/revista\/wp-json\/wp\/v2\/categories?post=1299"},{"taxonomy":"post_tag","embeddable":true,"href":"https:\/\/raicesandaluzas.com\/revista\/wp-json\/wp\/v2\/tags?post=1299"}],"curies":[{"name":"wp","href":"https:\/\/api.w.org\/{rel}","templated":true}]}}