{"id":1295,"date":"2023-04-24T11:50:00","date_gmt":"2023-04-24T11:50:00","guid":{"rendered":"https:\/\/raicesandaluzas.com\/revista\/?p=1295"},"modified":"2023-04-24T11:50:44","modified_gmt":"2023-04-24T11:50:44","slug":"es-obligado-reconocer-el-trabajo-y-el-esfuerzo-de-todos-los-que-nos-precedieron-en-la-labor-de-preservar-nuestras","status":"publish","type":"post","link":"https:\/\/raicesandaluzas.com\/revista\/2023\/04\/24\/es-obligado-reconocer-el-trabajo-y-el-esfuerzo-de-todos-los-que-nos-precedieron-en-la-labor-de-preservar-nuestras\/","title":{"rendered":"\u201cEs obligado reconocer el trabajo y el esfuerzo de todos los que nos precedieron en la labor de preservar nuestras"},"content":{"rendered":"\n<p><strong><span style=\"background-color:#b5dcaf\" class=\"td_text_highlight_marker\">RA\u00cdCES ANDALUZAS.&nbsp; \u00bfCu\u00e1les son los principales problemas que le trasladan los vecinos de Santa Coloma de Gramenet?<\/span><\/strong><\/p>\n\n\n\n<p><strong><span style=\"background-color:#b5dcaf\" class=\"td_text_highlight_marker\">MIGUEL JURADO. <\/span><\/strong>El principal problema que nos trasladan vecinos y comerciantes es la falta de seguridad; de hecho, en el \u00faltimo bar\u00f3metro lo pon\u00edan como el principal problema de los vecinos con una incidencia de un 20%, es decir, uno de cada cinco vecinos est\u00e1 preocupado por la inseguridad. A este gran problema, se le suma el incivismo y la Okupaci\u00f3n ilegal de viviendas.&nbsp;<\/p>\n\n\n\n<p><strong><span style=\"background-color:#b5dcaf\" class=\"td_text_highlight_marker\">R.A. \u00bfPara usted qu\u00e9 es lo m\u00e1s urgente que necesita la ciudad?<\/span><\/strong><\/p>\n\n\n\n<p><strong><span style=\"background-color:#b5dcaf\" class=\"td_text_highlight_marker\">M.J.<\/span> <\/strong>Lo m\u00e1s urgente es una pol\u00edtica decidida contra la inseguridad, la delincuencia y de lucha contra las bandas organizada de Okupaci\u00f3n ilegal de viviendas. Por eso, nosotros queremos tolerancia cero contra los delincuentes. Otra de nuestras prioridades va a ser una pol\u00edtica decidida de inversi\u00f3n en los barrios que est\u00e1n padeciendo esta lacra, no solo policial, sino urban\u00edstica y social.<\/p>\n\n\n\n<p><strong><span style=\"background-color:#b5dcaf\" class=\"td_text_highlight_marker\">R.A. Aparte de lo m\u00e1s urgente, \u00bfcuales son los principales puntos de su programa?<\/span><\/strong><\/p>\n\n\n\n<p><strong><span style=\"background-color:#b5dcaf\" class=\"td_text_highlight_marker\">M.J. <\/span><\/strong>Mejorar la limpieza de todos los barrios, adem\u00e1s de un plan de movilidad consensuado con la participaci\u00f3n de entidades vecinales, comerciantes y empresarios, que ponga fin al v\u00eda crucis que ha organizado este gobierno socialista de forma unilateral, eliminando cientos de aparcamientos sin tomar medidas alternativas.<\/p>\n\n\n\n<p><strong><span style=\"background-color:#b5dcaf\" class=\"td_text_highlight_marker\">R.A. Estos cuatro \u00faltimos cuatro a\u00f1os el partido popular ha estado fuera del consistorio. \u00bfQu\u00e9 auguran las encuestas para 2023?<\/span><\/strong><\/p>\n\n\n\n<p><strong><span style=\"background-color:#b5dcaf\" class=\"td_text_highlight_marker\">M.J.<\/span> <\/strong>Es antinatural que el Partido Popular no haya estado en el consistorio, algo no hemos sabido hacer para que los ciudadanos de Santa Coloma no hayan confiado en nosotros. Pero hoy tenemos la certeza que nuestro trabajo y dedicaci\u00f3n har\u00e1 que vuelvan a confiar y en el Ayuntamiento tengamos representaci\u00f3n y seamos decisivos para marcar las pol\u00edticas que se hagan.<\/p>\n\n\n\n<p><strong><span style=\"background-color:#b5dcaf\" class=\"td_text_highlight_marker\">R.A. Los resultados de 2019 dejaron un consistorio muy de izquierdas. \u00bfEl PP lo tiene dif\u00edcil para poder pactar con otros partidos?&nbsp;&nbsp;<\/span><\/strong><\/p>\n\n\n\n<p><strong><span style=\"background-color:#b5dcaf\" class=\"td_text_highlight_marker\">M.J.<\/span> <\/strong>Los resultados dir\u00e1n los posibles acuerdos o pactos, pero es un error pensar que en el Ayuntamiento las pol\u00edticas sociales, urban\u00edsticas o de seguridad son de derechas o de izquierdas. Estamos hablando de problemas de los vecinos y para solucionarlo hay que gestionar de forma diferente la ciudad, las calles. Poner m\u00e1s polic\u00eda en las calles o mejorar la limpieza no es de derechas ni de izquierdas, son necesidades.<\/p>\n\n\n\n<p><strong><span style=\"background-color:#b5dcaf\" class=\"td_text_highlight_marker\">R.A. Seg\u00fan su punto de vista, \u00bfqu\u00e9 cree que ha perdido la ciudad con la ausencia de su partido en el Ayuntamiento?<\/span><\/strong><\/p>\n\n\n\n<p><strong><span style=\"background-color:#b5dcaf\" class=\"td_text_highlight_marker\">M.J.<\/span> <\/strong>Centralidad, las mayor\u00edas absolutas provocan una visi\u00f3n unilateral de la ciudad, no participativa. Nosotros queremos ser fuertes en el Ayuntamiento para condicionar las pol\u00edticas que se hagan que llevan 30 a\u00f1os siendo las mismas y han condenado a la ciudad a la indiferencia.<\/p>\n\n\n\n<p><strong><span style=\"background-color:#b5dcaf\" class=\"td_text_highlight_marker\">R.A. El PSC lleva muchos a\u00f1os gobernando la ciudad con mayor\u00eda absoluta. Seg\u00fan usted, \u00bfcu\u00e1les son los principales errores del Gobierno de N\u00faria Parlon?<\/span><\/strong><\/p>\n\n\n\n<p><strong><span style=\"background-color:#b5dcaf\" class=\"td_text_highlight_marker\">M.J.<\/span> <\/strong>Esa mayor\u00eda los ha hecho prepotentes y poco dados a compartir soluciones para los vecinos, de ciudad, han prestado poca atenci\u00f3n a la igualdad de todos los barrios y ha provocado desigualdades que hoy son muy patentes, como la clara falta de inversi\u00f3n, de seguridad, de pol\u00edticas de movilidad, de igualdad, etc.<\/p>\n\n\n\n<p><strong><span style=\"background-color:#b5dcaf\" class=\"td_text_highlight_marker\">R.A. Lleva mucho tiempo ejerciendo la pol\u00edtica en Badalona. \u00bfCree que la ciudadan\u00eda colomense le recibir\u00e1 con los brazos abiertos o puede que le vean como un extra\u00f1o?<\/span><\/strong><\/p>\n\n\n\n<p><strong>M.J. <\/strong>He desarrollado mi vida pol\u00edtica en Badalona, pero Santa Coloma forma parte de mi vida familiar desde hace muchos a\u00f1os. Aqu\u00ed viven mi hija, mis nietas,&nbsp; primos, y adem\u00e1s mi actividad social y pol\u00edtica me ha llevado a compartir trabajo con entidades vecinales y culturales de la ciudad desde hace much\u00edsimos a\u00f1os. Fui vicepresidente de la Federaci\u00f3n de vecinos de Badalona y secretario de la Casa de C\u00f3rdoba y esta relaci\u00f3n se mantiene. Adem\u00e1s, la candidatura del Partido Popular est\u00e1 integrada por vecinos y comerciantes de la ciudad. As\u00ed que no creo originar rechazo, m\u00e1s all\u00e1 de alguien pol\u00edticamente interesado en ello.<\/p>\n\n\n\n<p><strong><span style=\"background-color:#b5dcaf\" class=\"td_text_highlight_marker\">R.A. \u00bfSe pueden trasladar a Santa Coloma las pol\u00edticas que ha llevado a cabo su partido en Badalona?<\/span><\/strong><\/p>\n\n\n\n<p><strong><span style=\"background-color:#b5dcaf\" class=\"td_text_highlight_marker\">M.J. <\/span><\/strong>Por supuesto que s\u00ed, somos ciudades vecinas, compartimos innumerables calles, espacios pero tambi\u00e9n problemas. Vivimos y paseamos por ambas ciudades durante mi experiencia formando parte del gobierno de Xavier Garc\u00eda Albiol. Por eso, la experiencia y credibilidad que me da haber ejercido pol\u00edticas que han mejorado el d\u00eda a d\u00eda de los vecinos es la que quiero implantar en Santa Coloma. Sin duda, fuimos un referente en temas tan cruciales como la mejora de la seguridad y la lucha contra la okupaci\u00f3n ilegal y queremos que Santa Coloma tambi\u00e9n lo sea.<\/p>\n\n\n\n<p><strong><span style=\"background-color:#b5dcaf\" class=\"td_text_highlight_marker\">R.A. En estas elecciones tendr\u00e1 que enfrentarse a un candidato estrella como Gabriel Rufi\u00e1n, por ERC. \u00bfCree que los personalismos pueden enturbiar la campa\u00f1a?<\/span><\/strong><\/p>\n\n\n\n<p><strong><span style=\"background-color:#b5dcaf\" class=\"td_text_highlight_marker\">M.J.<\/span> <\/strong>Todos los candidatos son respetables, hasta los que vienen de estrella aunque no conozcan la ciudad, haciendo propuestas extra\u00f1as e incomprensibles en pol\u00edtica municipal. Pero los vecinos merecen un respeto y pondr\u00e1n a cada uno en su sitio, estrella o estrellado. Yo lo he invitado a un debate sobre la \u00faltima ocurrencia que ha presentado sobre seguridad, que demuestra un conocimiento supino de las competencias municipales, pero de momento ni tan siquiera ha contestado. As\u00ed que, tuits muchos, pero debate para confrontar ideas, poco.<\/p>\n\n\n\n<p><strong><span style=\"background-color:#b5dcaf\" class=\"td_text_highlight_marker\">R.A. \u00bfHacia donde cree que es necesario que vaya la campa\u00f1a electoral en la ciudad? \u00bfQu\u00e9 temas deben centrar el debate en los pr\u00f3ximos meses?<\/span><\/strong><\/p>\n\n\n\n<p><strong><span style=\"background-color:#b5dcaf\" class=\"td_text_highlight_marker\">M.J. <\/span><\/strong>Hemos de ser capaces de presentar propuestas serias para todos los barrios, que beneficien y sirvan a los ciudadanos, a todos. Nosotros tenemos muy claro que el principal problema que hay que mejorar en Santa Coloma es la seguridad, porque sin seguridad no hay libertad y sin libertad no hay democracia.<\/p>\n\n\n\n<p>Pero tambi\u00e9n presentamos propuestas para construir m\u00e1s equipamientos sociales, como por ejemplo la segunda residencia p\u00fablica para las personas mayores, tan demandada por la sociedad de Santa Coloma; m\u00e1s centros de d\u00eda o m\u00e1s guarder\u00edas p\u00fablicas, estamos en estos momentos por debajo del 50% de las necesidades de la ciudad; mejorar la limpieza en toda la ciudad por igual; mejorar las pol\u00edticas de soporte a familias vulnerables y\/o monoparentales, en temas sociales, de vivienda, de pobreza energ\u00e9tica; o la creaci\u00f3n de una oficina especializada en atender a la gente mayor en su relaci\u00f3n con las diferentes administraciones, entre muchas otras.<\/p>\n\n\n\n<p>Adem\u00e1s, como ya he comentado, si somos fuertes en el Ayuntamiento luchar\u00e1 de verdad contra las okupaciones ilegales que hacen la vida imposible a los vecinos que quieren dormir tranquilos en sus casas.<\/p>\n\n\n\n<p>En todas estas pol\u00edticas Santa Coloma puede hacer mucho y desde hace muchos a\u00f1os no hace nada. Pondremos la maquinaria municipal a funcionar de verdad y los vecinos ser\u00e1n los beneficiados. <strong><\/strong><\/p>\n\n\n\n<p><strong><span style=\"background-color:#b5dcaf\" class=\"td_text_highlight_marker\">R.A. En este 2023 viviremos la 50 edici\u00f3n de la Feria de Abril de Catalunya. \u00bfQu\u00e9 le viene a la cabeza al celebrarse una fecha tan importante?<\/span><\/strong><\/p>\n\n\n\n<p><strong><span style=\"background-color:#b5dcaf\" class=\"td_text_highlight_marker\">M.J. <\/span><\/strong>He vivido durante muchos a\u00f1os la Feria de Abril y durante mucho tiempo hemos montado caseta en ella como vicepresidente de la Casa de C\u00f3rdoba. Para m\u00ed ha sido y es un logro importante de aquellos andaluces que vinimos a esta tierra de acogida y hemos querido preservar nuestro estilo de vida, nuestra cultura, nuestra gastronom\u00eda y creencias, es decir, nuestras se\u00f1as de identidad. Estos 50 a\u00f1os son un exponente de ello, pero es obligado reconocer el trabajo y el esfuerzo de todos los que nos precedieron en esta labor y desde aqu\u00ed y en may\u00fasculas como andaluz les digo GRACIAS.<\/p>\n\n\n\n<p><strong><span style=\"background-color:#b5dcaf\" class=\"td_text_highlight_marker\">R.A. \u00bfQu\u00e9 cree que ha aportado a Catalunya la Feria de Abril?<\/span><\/strong><\/p>\n\n\n\n<p><strong><span style=\"background-color:#b5dcaf\" class=\"td_text_highlight_marker\">M.J. <\/span><\/strong>En su inicio, la visualizaci\u00f3n de otra cultura, que hoy ya forma parte de Catalunya, y lo demuestra el hecho de que en estos momentos los mejores cantaores\/as, bailarinas \/es y guitarristas son catalanes de nacimiento y est\u00e1n paseando por el mundo esta cultura flamenca. No quiero nombrar a nadie porque si olvido a alguno ser\u00eda injusto, pero en la mente de todos est\u00e1n presentes.<\/p>\n","protected":false},"excerpt":{"rendered":"<p>RA\u00cdCES ANDALUZAS.&nbsp; \u00bfCu\u00e1les son los principales problemas que le trasladan los vecinos de Santa Coloma de Gramenet? MIGUEL JURADO. El principal problema que nos trasladan vecinos y comerciantes es la falta de seguridad; de hecho, en el \u00faltimo bar\u00f3metro lo pon\u00edan como el principal problema de los vecinos con una incidencia de un 20%, es [&hellip;]<\/p>\n","protected":false},"author":1,"featured_media":1296,"comment_status":"open","ping_status":"open","sticky":false,"template":"","format":"standard","meta":{"footnotes":""},"categories":[19,20],"tags":[],"class_list":{"0":"post-1295","1":"post","2":"type-post","3":"status-publish","4":"format-standard","5":"has-post-thumbnail","7":"category-actualidad","8":"category-entrevistas"},"_links":{"self":[{"href":"https:\/\/raicesandaluzas.com\/revista\/wp-json\/wp\/v2\/posts\/1295","targetHints":{"allow":["GET"]}}],"collection":[{"href":"https:\/\/raicesandaluzas.com\/revista\/wp-json\/wp\/v2\/posts"}],"about":[{"href":"https:\/\/raicesandaluzas.com\/revista\/wp-json\/wp\/v2\/types\/post"}],"author":[{"embeddable":true,"href":"https:\/\/raicesandaluzas.com\/revista\/wp-json\/wp\/v2\/users\/1"}],"replies":[{"embeddable":true,"href":"https:\/\/raicesandaluzas.com\/revista\/wp-json\/wp\/v2\/comments?post=1295"}],"version-history":[{"count":2,"href":"https:\/\/raicesandaluzas.com\/revista\/wp-json\/wp\/v2\/posts\/1295\/revisions"}],"predecessor-version":[{"id":1298,"href":"https:\/\/raicesandaluzas.com\/revista\/wp-json\/wp\/v2\/posts\/1295\/revisions\/1298"}],"wp:featuredmedia":[{"embeddable":true,"href":"https:\/\/raicesandaluzas.com\/revista\/wp-json\/wp\/v2\/media\/1296"}],"wp:attachment":[{"href":"https:\/\/raicesandaluzas.com\/revista\/wp-json\/wp\/v2\/media?parent=1295"}],"wp:term":[{"taxonomy":"category","embeddable":true,"href":"https:\/\/raicesandaluzas.com\/revista\/wp-json\/wp\/v2\/categories?post=1295"},{"taxonomy":"post_tag","embeddable":true,"href":"https:\/\/raicesandaluzas.com\/revista\/wp-json\/wp\/v2\/tags?post=1295"}],"curies":[{"name":"wp","href":"https:\/\/api.w.org\/{rel}","templated":true}]}}